{"id":15265,"date":"2025-02-18T19:07:24","date_gmt":"2025-02-18T23:07:24","guid":{"rendered":"https:\/\/noticiasveraces.com\/?p=15265"},"modified":"2025-02-18T19:07:24","modified_gmt":"2025-02-18T23:07:24","slug":"rubio-avanza-con-rusia-despues-de-que-trump-prometio-poner-fin-a-la-guerra-en-ucrania","status":"publish","type":"post","link":"https:\/\/noticiasveraces.com\/?p=15265","title":{"rendered":"Rubio avanza con Rusia despu\u00e9s de que Trump prometi\u00f3 poner fin a la guerra en Ucrania"},"content":{"rendered":"<p> \n<\/p>\n<div>\n<p class=\"speakable\">El martes, Estados Unidos y Rusia tomaron medidas para mejorar los lazos diplom\u00e1ticos despu\u00e9s de que el Secretario de Estado Marco Rubio se reuni\u00f3 con los altos funcionarios de Mosc\u00fa en un movimiento para encontrar el fin de la guerra en Ucrania. <\/p>\n<p class=\"speakable\">En declaraciones a los periodistas despu\u00e9s de la reuni\u00f3n de 4.5 horas celebrada en Arabia Saudita entre Rubio y su hom\u00f3logo ruso, Sergey Lavrov, el Secretario de Estado dijo que el primer movimiento ser\u00eda restablecer la \u00abfuncionalidad de nuestras respectivas misiones en Washington y en Mosc\u00fa\u00bb.<\/p>\n<p>\u00abPara que podamos continuar avanzando por este camino, necesitamos tener instalaciones diplom\u00e1ticas que funcionen y funcionen normalmente\u00bb, dijo Rubio. <\/p>\n<p><strong>EE. UU., Funcionarios rusos proponen el plan de paz, colocan el \u00abtrabajo de trabajo para la cooperaci\u00f3n\u00bb en Riad<\/strong><\/p>\n<div class=\"image-ct inline\">\n<div class=\"m\"><picture><source media=\"(max-width: 767px)\" srcset=\"https:\/\/a57.foxnews.com\/static.foxnews.com\/foxnews.com\/content\/uploads\/2025\/02\/343\/192\/ap25049277484010.jpg?ve=1&amp;tl=1, https:\/\/a57.foxnews.com\/static.foxnews.com\/foxnews.com\/content\/uploads\/2025\/02\/686\/384\/ap25049277484010.jpg?ve=1&amp;tl=1 2x\" height=\"192\" width=\"343\"><source media=\"(min-width: 768px) and (max-width: 1023px)\" srcset=\"https:\/\/a57.foxnews.com\/static.foxnews.com\/foxnews.com\/content\/uploads\/2025\/02\/672\/378\/ap25049277484010.jpg?ve=1&amp;tl=1, https:\/\/a57.foxnews.com\/static.foxnews.com\/foxnews.com\/content\/uploads\/2025\/02\/1344\/756\/ap25049277484010.jpg?ve=1&amp;tl=1 2x\" height=\"378\" width=\"672\"><source media=\"(min-width: 1024px) and (max-width: 1279px)\" srcset=\"https:\/\/a57.foxnews.com\/static.foxnews.com\/foxnews.com\/content\/uploads\/2025\/02\/931\/523\/ap25049277484010.jpg?ve=1&amp;tl=1, https:\/\/a57.foxnews.com\/static.foxnews.com\/foxnews.com\/content\/uploads\/2025\/02\/1862\/1046\/ap25049277484010.jpg?ve=1&amp;tl=1 2x\" height=\"523\" width=\"931\"><source media=\"(min-width: 1280px)\" srcset=\"https:\/\/a57.foxnews.com\/static.foxnews.com\/foxnews.com\/content\/uploads\/2025\/02\/720\/405\/ap25049277484010.jpg?ve=1&amp;tl=1, https:\/\/a57.foxnews.com\/static.foxnews.com\/foxnews.com\/content\/uploads\/2025\/02\/1440\/810\/ap25049277484010.jpg?ve=1&amp;tl=1 2x\" height=\"405\" width=\"720\"><img loading=\"lazy\" decoding=\"async\" src=\"https:\/\/a57.foxnews.com\/static.foxnews.com\/foxnews.com\/content\/uploads\/2025\/02\/1200\/675\/ap25049277484010.jpg?ve=1&amp;tl=1\" alt=\"El Secretario de Estado de los Estados Unidos, Marco Rubio, segunda izquierda, se re\u00fane con el ministro de Relaciones Exteriores saud\u00ed, el Pr\u00edncipe Faisal bin Farhan Al Saud, asesor de seguridad nacional saudita, Mosaad bin Mohammad al-Aiban, asesor de seguridad nacional de los Estados Unidos, Mike Waltz, tercera izquierda, entorno del medio oriente de los Estados Unidos Steve Witkoff, Izquierda, el ministro de Relaciones Exteriores ruso Sergei Lavrov, derecha, y el asesor de pol\u00edtica exterior del presidente ruso Vladimir Putin, Yuri Ushakov, segunda derecha, en el Palacio Diriyah, en Riad, Arabia Saudita, martes 18 de febrero de 2025. (Evelyn Hockstein\/Pool Photo a trav\u00e9s de AP)\" width=\"1200\" height=\"675\"\/><\/source><\/source><\/source><\/source><\/picture><\/div>\n<div class=\"info\">\n<div class=\"caption\">\n<p><span>Rubio se re\u00fane con funcionarios rusos en Arabia Saudita en busca de un fin de la guerra en Ucrania.<\/span> <span>(Associated Press)<\/span><\/p>\n<\/div>\n<\/div>\n<\/div>\n<p>Rubio dijo que hab\u00eda tres pasos adicionales que Estados Unidos plane\u00f3 seguir, que inclu\u00edan establecer un \u00abequipo de alto nivel\u00bb para ayudar a negociar el final de la guerra en Ucrania, aunque no mencion\u00f3 si esto estar\u00eda encabezado por el enviado especial a Ucrania. y Rusia, el teniente general retirado Keith Kellogg.<\/p>\n<p>La administraci\u00f3n Trump tambi\u00e9n buscar\u00e1 expandir las relaciones geopol\u00edticas y econ\u00f3micas con el presidente ruso Vladimir Putin y el Kremlin. <\/p>\n<p>Rubio no entr\u00f3 en detalles sobre c\u00f3mo o cu\u00e1ndo Estados Unidos aceptar\u00eda levantar las fuertes sanciones a Rusia despu\u00e9s de su invasi\u00f3n ilegal, pero dijo que en alg\u00fan momento \u00abla Uni\u00f3n Europea (UE) tendr\u00e1 que estar en la mesa\u00bb Porque ellos tambi\u00e9n tienen sanciones estrictas en su lugar.   <\/p>\n<p>Las preocupaciones sobre la participaci\u00f3n de la UE en la negociaci\u00f3n de un acuerdo de paz entre Ucrania y Rusia han aumentado a medida que la administraci\u00f3n Trump se enfrenta cada vez m\u00e1s a Mosc\u00fa. <\/p>\n<p>Los periodistas interrogaron a Kellogg sobre la participaci\u00f3n de la UE despu\u00e9s de la Conferencia de Seguridad de Munich que concluy\u00f3 el lunes, pero no confirm\u00f3 si un representante de la UE se incluir\u00e1 oficialmente en cualquier negociaci\u00f3n, a pesar de las preocupaciones directas sobre la seguridad europea. <\/p>\n<p>Rubio respondi\u00f3 a las preguntas sobre las preocupaciones de que la UE y Ucrania est\u00e1n siendo abandonados por la administraci\u00f3n Trump y dijo: \u00abNadie est\u00e1 siendo dejado de lado aqu\u00ed\u00bb.<\/p>\n<p><strong>Conversaciones de paz: el equipo de Trump trabaja para poner fin a la guerra de Ucrania a medida que los l\u00edderes europeos se encuentran <\/strong><\/p>\n<div class=\"image-ct inline\">\n<div class=\"m\"><picture><source media=\"(max-width: 767px)\" srcset=\"https:\/\/a57.foxnews.com\/static.foxnews.com\/foxnews.com\/content\/uploads\/2025\/02\/343\/192\/kellog.jpg?ve=1&amp;tl=1, https:\/\/a57.foxnews.com\/static.foxnews.com\/foxnews.com\/content\/uploads\/2025\/02\/686\/384\/kellog.jpg?ve=1&amp;tl=1 2x\" height=\"192\" width=\"343\"><source media=\"(min-width: 768px) and (max-width: 1023px)\" srcset=\"https:\/\/a57.foxnews.com\/static.foxnews.com\/foxnews.com\/content\/uploads\/2025\/02\/672\/378\/kellog.jpg?ve=1&amp;tl=1, https:\/\/a57.foxnews.com\/static.foxnews.com\/foxnews.com\/content\/uploads\/2025\/02\/1344\/756\/kellog.jpg?ve=1&amp;tl=1 2x\" height=\"378\" width=\"672\"><source media=\"(min-width: 1024px) and (max-width: 1279px)\" srcset=\"https:\/\/a57.foxnews.com\/static.foxnews.com\/foxnews.com\/content\/uploads\/2025\/02\/931\/523\/kellog.jpg?ve=1&amp;tl=1, https:\/\/a57.foxnews.com\/static.foxnews.com\/foxnews.com\/content\/uploads\/2025\/02\/1862\/1046\/kellog.jpg?ve=1&amp;tl=1 2x\" height=\"523\" width=\"931\"><source media=\"(min-width: 1280px)\" srcset=\"https:\/\/a57.foxnews.com\/static.foxnews.com\/foxnews.com\/content\/uploads\/2025\/02\/720\/405\/kellog.jpg?ve=1&amp;tl=1, https:\/\/a57.foxnews.com\/static.foxnews.com\/foxnews.com\/content\/uploads\/2025\/02\/1440\/810\/kellog.jpg?ve=1&amp;tl=1 2x\" height=\"405\" width=\"720\"><img loading=\"lazy\" decoding=\"async\" src=\"https:\/\/a57.foxnews.com\/static.foxnews.com\/foxnews.com\/content\/uploads\/2025\/02\/1200\/675\/kellog.jpg?ve=1&amp;tl=1\" alt=\"Keith Kellogg asiste a la conferencia de seguridad de Munich\" width=\"1200\" height=\"675\"\/><\/source><\/source><\/source><\/source><\/picture><\/div>\n<div class=\"info\">\n<div class=\"caption\">\n<p><span>El enviado especial Keith Kellogg participa en el panel de discusi\u00f3n sobre Ucrania en la Conferencia de Seguridad de Munich el 15 de febrero de 2025 en Alemania.<\/span> <span>(Johannes Simon\/Getty Images)<\/span><\/p>\n<\/div>\n<\/div>\n<\/div>\n<p>\u00abPero el presidente Trump est\u00e1 en una posici\u00f3n, en la que hizo campa\u00f1a, para iniciar un proceso que podr\u00eda poner fin a este conflicto, y de eso podr\u00eda surgir algunas cosas muy positivas para Estados Unidos, para Europa, para Ucrania, para el Mundo \u00ab, dijo el secretario. <\/p>\n<p>Rubio confirm\u00f3 que el acuerdo final para salir de la larga reuni\u00f3n del martes fue que los cinco hombres involucrados en la reuni\u00f3n, que incluyeron a Rubio y Lavrov, as\u00ed como al asesor de seguridad nacional de Trump, Michael Waltz, el enviado especial del Medio Oriente Steven Witkoff y los asuntos exteriores de Putin El asesor, Yuri Ushakov, seguir\u00eda \u00abcomprometido\u00bb para garantizar que las negociaciones contin\u00faen progresando de una \u00abmanera productiva\u00bb.<\/p>\n<p>Ni la oficina del presidente ucraniano Volodymyr Zelenskyy ni la UE inmediatamente respondieron a las preguntas de Fox News Digital sobre sus reacciones a la reuni\u00f3n del d\u00eda.<\/p>\n<p>Zelenskyy, que se supon\u00eda que llegar\u00eda a Arabia Saudita el mi\u00e9rcoles, cancel\u00f3 su viaje el martes, que seg\u00fan un informe de Reuters, fue un movimiento para contrarrestar cualquier \u00ablegitimidad\u00bb de las conversaciones de Rusia de los Estados Unidos que se celebraron sin una delegaci\u00f3n ucraniana. <\/p>\n<p>El equipo de Kellogg confirm\u00f3 para Fox News Digital que est\u00e1 listo para reunirse con Zelenskyy esta semana durante su viaje a Kiev. <\/p>\n<p>Zelenskyy, como algunos l\u00edderes de la UE, ha dicho que no aceptar\u00e1 negociaciones de alto el fuego que no se realicen a trav\u00e9s de esfuerzos coordinados con Kyiv. <\/p>\n<p><strong>Haga clic aqu\u00ed para obtener la aplicaci\u00f3n Fox News<\/strong><\/p>\n<div class=\"image-ct inline\">\n<div class=\"m\"><picture><source media=\"(max-width: 767px)\" srcset=\"https:\/\/a57.foxnews.com\/static.foxnews.com\/foxnews.com\/content\/uploads\/2024\/02\/343\/192\/Zelenskyy-1.jpg?ve=1&amp;tl=1, https:\/\/a57.foxnews.com\/static.foxnews.com\/foxnews.com\/content\/uploads\/2024\/02\/686\/384\/Zelenskyy-1.jpg?ve=1&amp;tl=1 2x\" height=\"192\" width=\"343\"><source media=\"(min-width: 768px) and (max-width: 1023px)\" srcset=\"https:\/\/a57.foxnews.com\/static.foxnews.com\/foxnews.com\/content\/uploads\/2024\/02\/672\/378\/Zelenskyy-1.jpg?ve=1&amp;tl=1, https:\/\/a57.foxnews.com\/static.foxnews.com\/foxnews.com\/content\/uploads\/2024\/02\/1344\/756\/Zelenskyy-1.jpg?ve=1&amp;tl=1 2x\" height=\"378\" width=\"672\"><source media=\"(min-width: 1024px) and (max-width: 1279px)\" srcset=\"https:\/\/a57.foxnews.com\/static.foxnews.com\/foxnews.com\/content\/uploads\/2024\/02\/931\/523\/Zelenskyy-1.jpg?ve=1&amp;tl=1, https:\/\/a57.foxnews.com\/static.foxnews.com\/foxnews.com\/content\/uploads\/2024\/02\/1862\/1046\/Zelenskyy-1.jpg?ve=1&amp;tl=1 2x\" height=\"523\" width=\"931\"><source media=\"(min-width: 1280px)\" srcset=\"https:\/\/a57.foxnews.com\/static.foxnews.com\/foxnews.com\/content\/uploads\/2024\/02\/720\/405\/Zelenskyy-1.jpg?ve=1&amp;tl=1, https:\/\/a57.foxnews.com\/static.foxnews.com\/foxnews.com\/content\/uploads\/2024\/02\/1440\/810\/Zelenskyy-1.jpg?ve=1&amp;tl=1 2x\" height=\"405\" width=\"720\"><img loading=\"lazy\" decoding=\"async\" src=\"https:\/\/a57.foxnews.com\/static.foxnews.com\/foxnews.com\/content\/uploads\/2024\/02\/1200\/675\/Zelenskyy-1.jpg?ve=1&amp;tl=1\" alt=\"Presidente ucraniano Volodymyr Zelenskyy mirando planes de campo de batalla con l\u00edderes militares\" width=\"1200\" height=\"675\"\/><\/source><\/source><\/source><\/source><\/picture><\/div>\n<div class=\"info\">\n<div class=\"caption\">\n<p><span>El presidente Volodymyr Zelenskyy mira un mapa durante su visita a la 110\u00aa Brigada Mecanizada en Avdiivka, el sitio de feroces batallas con las tropas rusas en la regi\u00f3n de Donetsk, Ucrania, el 29 de diciembre de 2023.<\/span> <span>(Oficina de prensa presidencial ucraniana a trav\u00e9s de AP)<\/span><\/p>\n<\/div>\n<\/div>\n<\/div>\n<p>\u00abUcrania y Europa, en el sentido general, incluida la Uni\u00f3n Europea, Turqu\u00eda y el Reino Unido, deben participar en las discusiones y el desarrollo de las garant\u00edas de seguridad necesarias junto con los Estados Unidos, ya que estas decisiones dan forma al futuro de nuestra parte de la parte de la parte de Mundo \u00ab, dijo en un discurso despu\u00e9s de una reuni\u00f3n con el presidente turco, Recsep Erdogan, el martes.<\/p>\n<p>Los informes del martes tambi\u00e9n indicaron que los l\u00edderes europeos buscaban reunirse en una \u00absegunda cumbre de emergencia de Ucrania\u00bb para discutir la seguridad de Ucrania y Europa.<\/p>\n<p>El Departamento de Estado no respondi\u00f3 de inmediato a las preguntas de Fox News Digital. <\/p>\n<p> <!----> <\/p>\n<div class=\"article-meta\">\n<div class=\"author-bio\">\n<p>Caitlin McFall es reportero de Fox News Digital Cubting Politics, US y World News.<\/p>\n<\/div>\n<\/div>\n<\/div>\n\n","protected":false},"excerpt":{"rendered":"<p>El martes, Estados Unidos y Rusia tomaron medidas para mejorar los lazos diplom\u00e1ticos despu\u00e9s de que el Secretario de Estado Marco Rubio se reuni\u00f3 con los altos funcionarios de Mosc\u00fa en un movimiento para encontrar el fin de la guerra en Ucrania. En declaraciones a los periodistas despu\u00e9s de la reuni\u00f3n de 4.5 horas celebrada &hellip;<\/p>\n","protected":false},"author":1,"featured_media":15267,"comment_status":"open","ping_status":"open","sticky":false,"template":"","format":"standard","meta":{"fifu_image_url":"https:\/\/static.foxnews.com\/foxnews.com\/content\/uploads\/2025\/02\/runio.jpg","fifu_image_alt":"","footnotes":""},"categories":[13],"tags":[],"class_list":["post-15265","post","type-post","status-publish","format-standard","has-post-thumbnail","","category-mundo"],"_links":{"self":[{"href":"https:\/\/noticiasveraces.com\/index.php?rest_route=\/wp\/v2\/posts\/15265","targetHints":{"allow":["GET"]}}],"collection":[{"href":"https:\/\/noticiasveraces.com\/index.php?rest_route=\/wp\/v2\/posts"}],"about":[{"href":"https:\/\/noticiasveraces.com\/index.php?rest_route=\/wp\/v2\/types\/post"}],"author":[{"embeddable":true,"href":"https:\/\/noticiasveraces.com\/index.php?rest_route=\/wp\/v2\/users\/1"}],"replies":[{"embeddable":true,"href":"https:\/\/noticiasveraces.com\/index.php?rest_route=%2Fwp%2Fv2%2Fcomments&post=15265"}],"version-history":[{"count":0,"href":"https:\/\/noticiasveraces.com\/index.php?rest_route=\/wp\/v2\/posts\/15265\/revisions"}],"wp:featuredmedia":[{"embeddable":true,"href":"https:\/\/noticiasveraces.com\/index.php?rest_route=\/wp\/v2\/media\/15267"}],"wp:attachment":[{"href":"https:\/\/noticiasveraces.com\/index.php?rest_route=%2Fwp%2Fv2%2Fmedia&parent=15265"}],"wp:term":[{"taxonomy":"category","embeddable":true,"href":"https:\/\/noticiasveraces.com\/index.php?rest_route=%2Fwp%2Fv2%2Fcategories&post=15265"},{"taxonomy":"post_tag","embeddable":true,"href":"https:\/\/noticiasveraces.com\/index.php?rest_route=%2Fwp%2Fv2%2Ftags&post=15265"}],"curies":[{"name":"wp","href":"https:\/\/api.w.org\/{rel}","templated":true}]}}