{"id":15252,"date":"2025-02-18T17:05:29","date_gmt":"2025-02-18T21:05:29","guid":{"rendered":"https:\/\/noticiasveraces.com\/?p=15252"},"modified":"2025-02-18T17:05:29","modified_gmt":"2025-02-18T21:05:29","slug":"papa-francisco-diagnosticado-con-neumonia-bilateral-dice-el-vaticano","status":"publish","type":"post","link":"https:\/\/noticiasveraces.com\/?p=15252","title":{"rendered":"Papa Francisco diagnosticado con neumon\u00eda bilateral, dice el Vaticano"},"content":{"rendered":"<p> \n<\/p>\n<div>\n<p class=\"speakable\">El Papa Francisco ha sido diagnosticado con neumon\u00eda bilateral en ambos pulmones, pero estaba de buen humor, dijo el Vaticano el martes. <\/p>\n<p class=\"speakable\">Las pruebas de laboratorio y las radiograf\u00edas de t\u00f3rax continuaron revelando una imagen m\u00e9dica \u00abcompleja\u00bb, dijo el Vaticano. <\/p>\n<p>\u00abLa infecci\u00f3n polimicrobiana, que surgi\u00f3 en una imagen de bronquiectasia y bronquitis asmatiforme, y que requiri\u00f3 el uso de la terapia con cortisona antibi\u00f3tica, hace que el tratamiento terap\u00e9utico sea m\u00e1s complejo\u00bb, dijo una declaraci\u00f3n del Vaticano.<\/p>\n<p><strong>El Papa Francisco comienza el A\u00f1o Santo en el Vaticano con m\u00e1s de 32 millones de visitantes esperados<\/strong><\/p>\n<div class=\"image-ct inline\">\n<div class=\"m\"><picture><source media=\"(max-width: 767px)\" srcset=\"https:\/\/a57.foxnews.com\/static.foxnews.com\/foxnews.com\/content\/uploads\/2025\/02\/343\/192\/gettyimages-461608174.jpg?ve=1&amp;tl=1, https:\/\/a57.foxnews.com\/static.foxnews.com\/foxnews.com\/content\/uploads\/2025\/02\/686\/384\/gettyimages-461608174.jpg?ve=1&amp;tl=1 2x\" height=\"192\" width=\"343\"><source media=\"(min-width: 768px) and (max-width: 1023px)\" srcset=\"https:\/\/a57.foxnews.com\/static.foxnews.com\/foxnews.com\/content\/uploads\/2025\/02\/672\/378\/gettyimages-461608174.jpg?ve=1&amp;tl=1, https:\/\/a57.foxnews.com\/static.foxnews.com\/foxnews.com\/content\/uploads\/2025\/02\/1344\/756\/gettyimages-461608174.jpg?ve=1&amp;tl=1 2x\" height=\"378\" width=\"672\"><source media=\"(min-width: 1024px) and (max-width: 1279px)\" srcset=\"https:\/\/a57.foxnews.com\/static.foxnews.com\/foxnews.com\/content\/uploads\/2025\/02\/931\/523\/gettyimages-461608174.jpg?ve=1&amp;tl=1, https:\/\/a57.foxnews.com\/static.foxnews.com\/foxnews.com\/content\/uploads\/2025\/02\/1862\/1046\/gettyimages-461608174.jpg?ve=1&amp;tl=1 2x\" height=\"523\" width=\"931\"><source media=\"(min-width: 1280px)\" srcset=\"https:\/\/a57.foxnews.com\/static.foxnews.com\/foxnews.com\/content\/uploads\/2025\/02\/720\/405\/gettyimages-461608174.jpg?ve=1&amp;tl=1, https:\/\/a57.foxnews.com\/static.foxnews.com\/foxnews.com\/content\/uploads\/2025\/02\/1440\/810\/gettyimages-461608174.jpg?ve=1&amp;tl=1 2x\" height=\"405\" width=\"720\"><img loading=\"lazy\" decoding=\"async\" src=\"https:\/\/a57.foxnews.com\/static.foxnews.com\/foxnews.com\/content\/uploads\/2025\/02\/1200\/675\/gettyimages-461608174.jpg?ve=1&amp;tl=1\" alt=\"Papa Francisco\" width=\"1200\" height=\"675\"\/><\/source><\/source><\/source><\/source><\/picture><\/div>\n<div class=\"info\">\n<div class=\"caption\">\n<p><span>El Papa Francisco ha sido diagnosticado con neumon\u00eda, dijo el Vaticano el martes.<\/span> <span>(Lisa Maree Williams\/Getty Images)<\/span><\/p>\n<\/div>\n<\/div>\n<\/div>\n<p>\u00abLa tomograf\u00eda computarizada del pecho que el Santo Padre se someti\u00f3 a esta tarde &#8230; demostr\u00f3 la aparici\u00f3n de neumon\u00eda bilateral que requer\u00eda una terapia farmacol\u00f3gica adicional\u00bb, continu\u00f3. <\/p>\n<p>La declaraci\u00f3n dijo que el pont\u00edfice de 88 a\u00f1os estaba de buen humor y recibi\u00f3 la Eucarist\u00eda el martes por la ma\u00f1ana. <\/p>\n<p>Francis ingres\u00f3 en el Hospital Gemelli la semana pasada para recibir tratamiento despu\u00e9s de un episodio de bronquitis de una semana. La bronquitis puede provocar neumon\u00eda, que es una infecci\u00f3n m\u00e1s profunda y mucho m\u00e1s grave de los sacos a\u00e9reos de los pulmones.<\/p>\n<p>El lunes, el personal m\u00e9dico determin\u00f3 que sufr\u00eda de un <u>infecci\u00f3n del tracto respiratorio polimicrobiano<\/u>lo que significa una mezcla de virus, bacterias y posiblemente otros organismos hab\u00edan colonizado su tracto respiratorio.<\/p>\n<p>El Papa no es ajeno a las luchas de salud. A la edad de 21 a\u00f1os, se le quit\u00f3 parte de su pulm\u00f3n despu\u00e9s de desarrollar pleurisy, lo cual es una inflamaci\u00f3n de las membranas que amortiguan los pulmones.<\/p>\n<p><strong><u>El Papa Francisco herido cuando el Vaticano confirma la segunda ca\u00edda en cuesti\u00f3n de semanas<\/u><\/strong><\/p>\n<div class=\"image-ct inline\">\n<div class=\"m\"><picture><source media=\"(max-width: 767px)\" srcset=\"https:\/\/a57.foxnews.com\/static.foxnews.com\/foxnews.com\/content\/uploads\/2025\/02\/343\/192\/pope-copy.jpg?ve=1&amp;tl=1, https:\/\/a57.foxnews.com\/static.foxnews.com\/foxnews.com\/content\/uploads\/2025\/02\/686\/384\/pope-copy.jpg?ve=1&amp;tl=1 2x\" height=\"192\" width=\"343\"><source media=\"(min-width: 768px) and (max-width: 1023px)\" srcset=\"https:\/\/a57.foxnews.com\/static.foxnews.com\/foxnews.com\/content\/uploads\/2025\/02\/672\/378\/pope-copy.jpg?ve=1&amp;tl=1, https:\/\/a57.foxnews.com\/static.foxnews.com\/foxnews.com\/content\/uploads\/2025\/02\/1344\/756\/pope-copy.jpg?ve=1&amp;tl=1 2x\" height=\"378\" width=\"672\"><source media=\"(min-width: 1024px) and (max-width: 1279px)\" srcset=\"https:\/\/a57.foxnews.com\/static.foxnews.com\/foxnews.com\/content\/uploads\/2025\/02\/931\/523\/pope-copy.jpg?ve=1&amp;tl=1, https:\/\/a57.foxnews.com\/static.foxnews.com\/foxnews.com\/content\/uploads\/2025\/02\/1862\/1046\/pope-copy.jpg?ve=1&amp;tl=1 2x\" height=\"523\" width=\"931\"><source media=\"(min-width: 1280px)\" srcset=\"https:\/\/a57.foxnews.com\/static.foxnews.com\/foxnews.com\/content\/uploads\/2025\/02\/720\/405\/pope-copy.jpg?ve=1&amp;tl=1, https:\/\/a57.foxnews.com\/static.foxnews.com\/foxnews.com\/content\/uploads\/2025\/02\/1440\/810\/pope-copy.jpg?ve=1&amp;tl=1 2x\" height=\"405\" width=\"720\"><img loading=\"lazy\" decoding=\"async\" src=\"https:\/\/a57.foxnews.com\/static.foxnews.com\/foxnews.com\/content\/uploads\/2025\/02\/1200\/675\/pope-copy.jpg?ve=1&amp;tl=1\" alt=\"Papa John Paul Statue fuera de un hospital\" width=\"1200\" height=\"675\"\/><\/source><\/source><\/source><\/source><\/picture><\/div>\n<div class=\"info\">\n<div class=\"caption\">\n<p><span>Fieles de Bolivia rezan por el Papa Francisco fuera de la Policl\u00ednica de Agostino Gemelli en Roma el martes, donde el pont\u00edfice fue hospitalizado el viernes despu\u00e9s de una semana de bronquitis empeor\u00f3 y est\u00e1 recibiendo terapia con medicamentos para una infecci\u00f3n del tracto respiratorio.<\/span> <span>(Photo AP\/Gregorio Borgia)<\/span><\/p>\n<\/div>\n<\/div>\n<\/div>\n<p>El Papa Francisco ha luchado con m\u00faltiples batallas de salud en los \u00faltimos a\u00f1os, incluidas cirug\u00edas en 2021 y 2023, as\u00ed como problemas de rodilla de larga data, que han resultado en su uso de una silla de ruedas.<\/p>\n<p>La noticia del Vaticano, el brazo de noticias de la Santa Sede, dijo que Francis durmi\u00f3 bien el lunes por la noche. El martes, la Oficina de Prensa de Holy Sede anunci\u00f3 que el Papa no presidir\u00eda la misa para el Jubileo de Di\u00e1conos, que est\u00e1 programado para el domingo.<\/p>\n<p>\u00abPara la celebraci\u00f3n de la Santa Misa con motivo del Jubileo de Di\u00e1conos, programado para el domingo 23 de febrero, a las 9:00 a.m. en la Bas\u00edlica de San Pedro, el Papa Francisco ha delegado el arzobispo Rino Fisichella, pro-prefecto del dicterio para Evangelizaci\u00f3n, secci\u00f3n de cuestiones fundamentales de evangelizaci\u00f3n en el mundo \u00ab, dijo la Oficina de Prensa Santa Seg\u00fan. <\/p>\n<div class=\"image-ct inline\">\n<div class=\"m\"><picture><source media=\"(max-width: 767px)\" srcset=\"https:\/\/a57.foxnews.com\/static.foxnews.com\/foxnews.com\/content\/uploads\/2024\/12\/343\/192\/pope1.jpg?ve=1&amp;tl=1, https:\/\/a57.foxnews.com\/static.foxnews.com\/foxnews.com\/content\/uploads\/2024\/12\/686\/384\/pope1.jpg?ve=1&amp;tl=1 2x\" height=\"192\" width=\"343\"><source media=\"(min-width: 768px) and (max-width: 1023px)\" srcset=\"https:\/\/a57.foxnews.com\/static.foxnews.com\/foxnews.com\/content\/uploads\/2024\/12\/672\/378\/pope1.jpg?ve=1&amp;tl=1, https:\/\/a57.foxnews.com\/static.foxnews.com\/foxnews.com\/content\/uploads\/2024\/12\/1344\/756\/pope1.jpg?ve=1&amp;tl=1 2x\" height=\"378\" width=\"672\"><source media=\"(min-width: 1024px) and (max-width: 1279px)\" srcset=\"https:\/\/a57.foxnews.com\/static.foxnews.com\/foxnews.com\/content\/uploads\/2024\/12\/931\/523\/pope1.jpg?ve=1&amp;tl=1, https:\/\/a57.foxnews.com\/static.foxnews.com\/foxnews.com\/content\/uploads\/2024\/12\/1862\/1046\/pope1.jpg?ve=1&amp;tl=1 2x\" height=\"523\" width=\"931\"><source media=\"(min-width: 1280px)\" srcset=\"https:\/\/a57.foxnews.com\/static.foxnews.com\/foxnews.com\/content\/uploads\/2024\/12\/720\/405\/pope1.jpg?ve=1&amp;tl=1, https:\/\/a57.foxnews.com\/static.foxnews.com\/foxnews.com\/content\/uploads\/2024\/12\/1440\/810\/pope1.jpg?ve=1&amp;tl=1 2x\" height=\"405\" width=\"720\"><img loading=\"lazy\" decoding=\"async\" src=\"https:\/\/a57.foxnews.com\/static.foxnews.com\/foxnews.com\/content\/uploads\/2024\/12\/1200\/675\/pope1.jpg?ve=1&amp;tl=1\" alt=\"El papa hablando\" width=\"1200\" height=\"675\"\/><\/source><\/source><\/source><\/source><\/picture><\/div>\n<div class=\"info\">\n<div class=\"caption\">\n<p><span>El Papa Francisco intercambia los saludos de la temporada con empleados del Vaticano, en el Pablo VI Hall en el Vaticano, el 21 de diciembre de 2024.<\/span> <span>(AP Photo\/Andrew Medichini)<\/span><\/p>\n<\/div>\n<\/div>\n<\/div>\n<p><strong><u>Haga clic para obtener la aplicaci\u00f3n Fox News<\/u><\/strong><\/p>\n<p>Francis fue \u00abconmovido\u00bb por la efusi\u00f3n del apoyo, dijeron las autoridades. Se\u00f1al\u00f3 que el Papa ha recibido numerosos valios, as\u00ed como dibujos y tarjetas de ni\u00f1os en la unidad de oncolog\u00eda pedi\u00e1trica del hospital. <\/p>\n<p>El Vaticano no ha indicado cu\u00e1nto tiempo ser\u00e1 hospitalizado Francis. A pesar de estar enfermo, Francis se neg\u00f3 a dejar su apretada agenda e ignor\u00f3 los consejos m\u00e9dicos para permanecer en el interior durante el fr\u00edo invierno de Roma, insistiendo en sentarse a trav\u00e9s de una misa de jubileo al aire libre para las fuerzas armadas el 9 de febrero a pesar de que ten\u00eda problemas para respirar.<\/p>\n<p><i>Rachel Wolf de Fox News Digital y Associated Press contribuyeron a este informe. <\/i><\/p>\n<p> <!----> <\/div>\n\n","protected":false},"excerpt":{"rendered":"<p>El Papa Francisco ha sido diagnosticado con neumon\u00eda bilateral en ambos pulmones, pero estaba de buen humor, dijo el Vaticano el martes. Las pruebas de laboratorio y las radiograf\u00edas de t\u00f3rax continuaron revelando una imagen m\u00e9dica \u00abcompleja\u00bb, dijo el Vaticano. \u00abLa infecci\u00f3n polimicrobiana, que surgi\u00f3 en una imagen de bronquiectasia y bronquitis asmatiforme, y que &hellip;<\/p>\n","protected":false},"author":1,"featured_media":15254,"comment_status":"open","ping_status":"open","sticky":false,"template":"","format":"standard","meta":{"fifu_image_url":"https:\/\/static.foxnews.com\/foxnews.com\/content\/uploads\/2025\/02\/gettyimages-461608174.jpg","fifu_image_alt":"","footnotes":""},"categories":[13],"tags":[],"class_list":["post-15252","post","type-post","status-publish","format-standard","has-post-thumbnail","","category-mundo"],"_links":{"self":[{"href":"https:\/\/noticiasveraces.com\/index.php?rest_route=\/wp\/v2\/posts\/15252","targetHints":{"allow":["GET"]}}],"collection":[{"href":"https:\/\/noticiasveraces.com\/index.php?rest_route=\/wp\/v2\/posts"}],"about":[{"href":"https:\/\/noticiasveraces.com\/index.php?rest_route=\/wp\/v2\/types\/post"}],"author":[{"embeddable":true,"href":"https:\/\/noticiasveraces.com\/index.php?rest_route=\/wp\/v2\/users\/1"}],"replies":[{"embeddable":true,"href":"https:\/\/noticiasveraces.com\/index.php?rest_route=%2Fwp%2Fv2%2Fcomments&post=15252"}],"version-history":[{"count":0,"href":"https:\/\/noticiasveraces.com\/index.php?rest_route=\/wp\/v2\/posts\/15252\/revisions"}],"wp:featuredmedia":[{"embeddable":true,"href":"https:\/\/noticiasveraces.com\/index.php?rest_route=\/wp\/v2\/media\/15254"}],"wp:attachment":[{"href":"https:\/\/noticiasveraces.com\/index.php?rest_route=%2Fwp%2Fv2%2Fmedia&parent=15252"}],"wp:term":[{"taxonomy":"category","embeddable":true,"href":"https:\/\/noticiasveraces.com\/index.php?rest_route=%2Fwp%2Fv2%2Fcategories&post=15252"},{"taxonomy":"post_tag","embeddable":true,"href":"https:\/\/noticiasveraces.com\/index.php?rest_route=%2Fwp%2Fv2%2Ftags&post=15252"}],"curies":[{"name":"wp","href":"https:\/\/api.w.org\/{rel}","templated":true}]}}