{"id":15249,"date":"2025-02-18T17:04:21","date_gmt":"2025-02-18T21:04:21","guid":{"rendered":"https:\/\/noticiasveraces.com\/?p=15249"},"modified":"2025-02-18T17:04:21","modified_gmt":"2025-02-18T21:04:21","slug":"la-rfef-investiga-a-munuera-montero-por-posible-conflictto-de-intereses-con-su-empresas","status":"publish","type":"post","link":"https:\/\/noticiasveraces.com\/?p=15249","title":{"rendered":"La Rfef Investiga A Munuera Montero por Posible Conflictto de Intereses Con SU Empresas"},"content":{"rendered":"<p> \n<\/p>\n<div id=\"intext\">\n<p>El Comit\u00e9 de Cumplimento normativo de la Real Federaci\u00f3n Espa\u00f1ola de f\u00fatbol (Rfef) ha inicio una Investigaci\u00f3n SOBRE LAS LAS ACTIVIDADES Extradeportivas del Colegiado Andaluz Ning\u00fan Partido Mientras dure el Proceso.<\/p>\n<p>\u00abEn cumplimiento de los c\u00f3digos de buena gobernanza que rige todas las actuaciones de la Real Federaci\u00f3n Espa\u00f1ola de F\u00fatbol, \u200b\u200bel Comit\u00e9 de Cumplimiento Normativo ha iniciado un an\u00e1lisis de todas las informaciones aparecidas sobre el \u00e1rbitro de Primera Divisi\u00f3n Jos\u00e9 Luis Munuera Montero \u00ab, inform\u00f3 la rfef en un comunicado.<\/p>\n<h2 class=\"title-h2\">Ciudad, Aston Villa O PSG<\/h2>\n<p>Seg\u00fan Han Desvelado Varios Medios de Comunicacia, El Colegiado que Pit\u00f3 El S\u00e1bado El Osasuna-Real Madrid Y <b>expuls\u00f3 por Roja directa un Jude Bellingham<\/b> Constituy\u00f3 la Sociedad de Talentus Sports, Dedicada a la Consultor\u00eda Ya la Gesti\u00f3n. c\u00f3digo de \u00e9tica que Rige Sobre Los \u00c1rbitros.<\/p>\n<p>Seg\u00fan Se\u00f1ala la Rfef, El Colegiado, Que Fue Informado de la Investigaci\u00f3n Desde El Inicio del Proceso, Est\u00e1 Aportando \u00abToda la documentala que se le se le ha requerido Hasta el Momento desde la rfef\u00bb. \u00abEn cuanto finalice este an\u00e1lisis, que se va a Llevar a Cabo Con Todas las Garant\u00edas Necesarias, Se Har\u00e1n Publ\u00edas las Las Conclusi\u00f3n. Durante este Periodo El Comit\u00e9 T\u00e9cnico de \u00c1rbitros de la Rfef no le designar\u00e1 paraa ning \u00fan parte\u00bb, Apostill\u00f3.<\/p>\n<h2 class=\"title-h2\">A la Nevera en Espa\u00f1a y Europa<\/h2>\n<p>Por tanto, Mientras dure la investigaci\u00f3n el cta ha decidido enviarle a la &#8216;Nevera&#8217;, es decir, no se le designar\u00e1 para ning\u00fan partido de laliga ni a nivel Europe. El Colegiado Hab\u00eda Sido seleccionado para el ser El Cuarto \u00e1lbitro de Hern\u00e1ndez Hern\u00e1ndez en el Duelo Entre El Twente y Elbodo Glimt de la Europa League, Pero Tras la Investigaci\u00f3n Se Le Ha Quitado del Cuarteto Arbitral.<\/p>\n<h2 class=\"title-h2\">Comunicado de Munuera Montero<\/h2>\n<p>Munuera Montero, por su parte, Ha emitido este Martes un Comunicado en el Que Anuncia Que Ejercer\u00e1 \u00abLas Acciones Civiles y Penales correspondientes correspondientes contra Aquellos Medios que de Manera intencionada o TemeraA Han DiFundido falsedadas o Informes incorrectas o sesgadas\u00bb SOBREL.<\/p>\n<p>El Colegiado Se\u00f1ala en su nota que \u00aben Estos \u00daltimos Meses Ha Quedado Evidienando El Ataque Desmesurado Hacia el Colectivo Arbitral\u00bb, y Que \u00aben estaza \u00daltima Ocasi\u00f3n\u00bb esl \u00abEl Progonista\u00bb.<\/p>\n<p>Explica Asimismo que la Empresa &#8216;Talentus Sports Sports&#8217;, Particy Por, \u00abNo ha Facturado desde su Creaci\u00f3n Ninguna Cantidad una alguna de deportiva entidada, YA SEAN Clubes, Federaciones de Empresas de la Industria Del Deporte\u00bb.<\/p>\n<p>\u00abESTA Empresa, que comenz\u00f3 su actividad hace Menos de un a\u00f1o, tiene como objeto que diferentes deportistas puedan trasladar a distintas organizaciones de los valores transversales del deporte, un Traves de la narraci\u00f3n de sus experimentados personales, tale y como se muestra en s\u00e1gina Webina \u00ab, indica el Colegiado.<\/p>\n<p>Y agrega que \u00abel Portal de Linkedin Talentus reclutamiento deportivo Tienene como funci\u00f1\u00f3n Dar Dar un Valor A\u00f1adido A Los Potenciales Asistentes de Las Charlas, Mayoritariaterce J\u00f3venes Postuniversitarios en el busca de SU social\u00bb.<\/p>\n<p>\u00abDe Este Modo\u00bb, Apunta el \u00e1lbitro, \u00abHan Sido Difundidas cientos de Ofertas de Empleso Publicadas por Las Propesas Empresas U Organizaciones de Deportivas, un las que se redireci\u00f3n Directamento al propio perfil de Linkedin de Cada Una de la organizaciones\u00bb.<\/p>\n<p>Subraya el Colegiado que este \u00abse ha realizado en Todos los casos sin contraprestacia alguna por parte de las emppresas, clubes u organizaciones, quienes ni si -si sido contacta -sido, ni han recibido ning \u00fan tipo plantaeamiento comercial\u00bb. \u00ab.\u00bb. \u00ab.\u00bb.<\/p>\n<p>Finalmento, Se\u00f1ala que eJercer\u00e1 \u00abLas Acciones Civiles y Penales correspondientes contra Aquellos Medios que de Manera intencionada o Temeraria Han Difundido falsedades o Informaciones Incorrectas o Sesgadas Generando un irreparable Perjuicio en el Prestigio Profesional, Proutaci\u00f3n Propina y delgada y delgada. Arbitral, as\u00ed en la intimidad Propia personal y de tercera personalidad \u00ab.<\/p>\n<p><i>Esguenos en nuestro <\/i><i><strong>Canal de whatsapp<\/strong><\/i><i>  y no te Pierdas la \u00daltima Hora y Toda la actualidad de antena3noticias.com<\/i><\/p>\n<div class=\"recirculation-video\" data-mod=\"a3mod_recirculation_video\">\n<div class=\"recirculation-video-wrapper\">\n<div>\n<div class=\"video-wrapper\">\n  <picture class=\"video-main-picture\"><source media=\"(min-width: 481px)\" srcset=\"https:\/\/fotografias.antena3.com\/clipping\/cmsimages01\/2025\/02\/18\/E0C77456-9978-4B06-A72E-D8796F5984D8\/guardiola-sala-prensa-valdebebas_94.jpg?crop=1920,1080,x0,y183&amp;width=800&amp;height=450&amp;optimize=medium&amp;format=webply\" width=\"800\" height=\"450\"><source media=\"(min-width: 391px) and (max-width: 480px)\" srcset=\"https:\/\/fotografias.antena3.com\/clipping\/cmsimages01\/2025\/02\/18\/E0C77456-9978-4B06-A72E-D8796F5984D8\/guardiola-sala-prensa-valdebebas_70.jpg?crop=1920,1080,x0,y183&amp;width=480&amp;height=270&amp;optimize=high&amp;format=webply\" width=\"480\" height=\"270\"><source media=\"(min-width: 321px) and (max-width: 390px)\" srcset=\"https:\/\/fotografias.antena3.com\/clipping\/cmsimages01\/2025\/02\/18\/E0C77456-9978-4B06-A72E-D8796F5984D8\/guardiola-sala-prensa-valdebebas_92.jpg?crop=1920,1078,x0,y184&amp;width=390&amp;height=219&amp;optimize=high&amp;format=webply\" width=\"390\" height=\"219\"><source media=\"(max-width: 320px)\" srcset=\"https:\/\/fotografias.antena3.com\/clipping\/cmsimages01\/2025\/02\/18\/E0C77456-9978-4B06-A72E-D8796F5984D8\/guardiola-sala-prensa-valdebebas_52.jpg?crop=1920,1080,x0,y183&amp;width=320&amp;height=180&amp;optimize=high&amp;format=webply\" width=\"320\" height=\"180\"><img decoding=\"async\" title=\"Guardiola, en la Sala de Prensa de Valdebebas\" alt=\"Guardiola, en la Sala de Prensa de Valdebebas\" width=\"480\" height=\"270\" src=\"https:\/\/fotografias.antena3.com\/clipping\/cmsimages01\/2025\/02\/18\/E0C77456-9978-4B06-A72E-D8796F5984D8\/guardiola-sala-prensa-valdebebas_70.jpg?crop=1920,1080,x0,y183&amp;width=480&amp;height=270&amp;optimize=high&amp;format=webply\" loading=\"lazy\" class=\"lazy\"\/><br \/>\n  <\/source><\/source><\/source><\/source><\/picture>\n <\/div>\n<\/div><\/div>\n<\/p><\/div>\n<\/div>\n\n","protected":false},"excerpt":{"rendered":"<p>El Comit\u00e9 de Cumplimento normativo de la Real Federaci\u00f3n Espa\u00f1ola de f\u00fatbol (Rfef) ha inicio una Investigaci\u00f3n SOBRE LAS LAS ACTIVIDADES Extradeportivas del Colegiado Andaluz Ning\u00fan Partido Mientras dure el Proceso. \u00abEn cumplimiento de los c\u00f3digos de buena gobernanza que rige todas las actuaciones de la Real Federaci\u00f3n Espa\u00f1ola de F\u00fatbol, \u200b\u200bel Comit\u00e9 de Cumplimiento &hellip;<\/p>\n","protected":false},"author":1,"featured_media":15251,"comment_status":"open","ping_status":"open","sticky":false,"template":"","format":"standard","meta":{"fifu_image_url":"https:\/\/fotografias.antena3.com\/clipping\/cmsimages02\/2024\/09\/24\/42A4F6B8-5C70-4C94-BB08-441DDB170D0D\/munuera-montero-muestra-cartulina-amarilla-mbappe_69.jpg?crop=3333,1875,x0,y333&width=1280&height=720&optimize=low&format=jpg","fifu_image_alt":"","footnotes":""},"categories":[6],"tags":[],"class_list":["post-15249","post","type-post","status-publish","format-standard","has-post-thumbnail","","category-deportes"],"_links":{"self":[{"href":"https:\/\/noticiasveraces.com\/index.php?rest_route=\/wp\/v2\/posts\/15249","targetHints":{"allow":["GET"]}}],"collection":[{"href":"https:\/\/noticiasveraces.com\/index.php?rest_route=\/wp\/v2\/posts"}],"about":[{"href":"https:\/\/noticiasveraces.com\/index.php?rest_route=\/wp\/v2\/types\/post"}],"author":[{"embeddable":true,"href":"https:\/\/noticiasveraces.com\/index.php?rest_route=\/wp\/v2\/users\/1"}],"replies":[{"embeddable":true,"href":"https:\/\/noticiasveraces.com\/index.php?rest_route=%2Fwp%2Fv2%2Fcomments&post=15249"}],"version-history":[{"count":0,"href":"https:\/\/noticiasveraces.com\/index.php?rest_route=\/wp\/v2\/posts\/15249\/revisions"}],"wp:featuredmedia":[{"embeddable":true,"href":"https:\/\/noticiasveraces.com\/index.php?rest_route=\/wp\/v2\/media\/15251"}],"wp:attachment":[{"href":"https:\/\/noticiasveraces.com\/index.php?rest_route=%2Fwp%2Fv2%2Fmedia&parent=15249"}],"wp:term":[{"taxonomy":"category","embeddable":true,"href":"https:\/\/noticiasveraces.com\/index.php?rest_route=%2Fwp%2Fv2%2Fcategories&post=15249"},{"taxonomy":"post_tag","embeddable":true,"href":"https:\/\/noticiasveraces.com\/index.php?rest_route=%2Fwp%2Fv2%2Ftags&post=15249"}],"curies":[{"name":"wp","href":"https:\/\/api.w.org\/{rel}","templated":true}]}}