{"id":15243,"date":"2025-02-18T16:01:47","date_gmt":"2025-02-18T20:01:47","guid":{"rendered":"https:\/\/noticiasveraces.com\/?p=15243"},"modified":"2025-02-18T16:01:47","modified_gmt":"2025-02-18T20:01:47","slug":"el-proyecto-de-ley-frances-prohibiria-los-panuelos-en-la-cabeza-en-el-deporte-amnistia-internacional-dice-que-es-discriminatorio","status":"publish","type":"post","link":"https:\/\/noticiasveraces.com\/?p=15243","title":{"rendered":"El proyecto de ley franc\u00e9s prohibir\u00eda los pa\u00f1uelos en la cabeza en el deporte; Amnist\u00eda Internacional dice que es discriminatorio"},"content":{"rendered":"<p> \n<\/p>\n<div>\n<ul>\n<li><strong>Un proyecto de ley para prohibir toda la ropa y los s\u00edmbolos \u00abaparentemente religiosos\u00bb, incluidos los pa\u00f1uelos en la cabeza, durante las competiciones se debatir\u00e1n desde el martes en la C\u00e1mara Alta del Parlamento franc\u00e9s.<\/strong><\/li>\n<li><strong>Amnist\u00eda Internacional insta a los legisladores franceses a rechazar el proyecto de ley, diciendo que ser\u00eda discriminatorio.<\/strong><\/li>\n<li><strong>La C\u00e1mara Baja del Parlamento franc\u00e9s tendr\u00e1 la \u00faltima palabra. Para aprobar all\u00ed, el proyecto de ley necesitar\u00eda una coalici\u00f3n de fuerzas que no suelen colaborar.<\/strong><\/li>\n<\/ul>\n<p class=\"speakable\">Amnist\u00eda Internacional insta a los legisladores franceses a rechazar un proyecto de ley esta semana que prohibir\u00eda a los pa\u00f1uelos en todas las competiciones deportivas.<\/p>\n<p class=\"speakable\">El proyecto de ley est\u00e1 respaldado por los senadores de derecha y se debatir\u00e1 desde el martes en la C\u00e1mara Alta del Parlamento franc\u00e9s. Su objetivo es prohibir todas las ropa y s\u00edmbolos \u00abaparentemente religiosos\u00bb durante las competiciones. Amnist\u00eda Internacional dice que la medida ser\u00eda discriminatoria.<\/p>\n<p>Es probable que la votaci\u00f3n reabastezca el debate persistente sobre el secularismo, todav\u00eda vol\u00e1til m\u00e1s de un siglo despu\u00e9s de la ley de 1905 sobre la separaci\u00f3n de la iglesia y el estado que lo estableci\u00f3 como un principio de la Rep\u00fablica Francesa.<\/p>\n<p><strong>Lafc, la estrella del equipo nacional de Francia, Olivier Giroud, tiene $ 500k en relojes robados desde casa<\/strong><\/p>\n<p>Hasta ahora, las federaciones deportivas han sido libres de decidir si permitir o no pa\u00f1uelos en la cabeza, con dos de los deportes, f\u00fatbol y rugby m\u00e1s potentes del pa\u00eds, optando por prohibirlos.<\/p>\n<p>El proyecto de ley est\u00e1 en una etapa temprana y la votaci\u00f3n de esta semana marca el comienzo de un largo proceso legislativo con un resultado incierto. Incluso si los senadores votan a favor, el futuro del proyecto de ley permanecer\u00e1 poco claro ya que la C\u00e1mara Baja tiene la \u00faltima palabra.<\/p>\n<p>Para aprobar, el proyecto de ley necesitar\u00eda una coalici\u00f3n de fuerzas que generalmente no colaboren en la casa baja profundamente dividida.<\/p>\n<div class=\"image-ct inline\">\n<div class=\"m\"><picture><source media=\"(max-width: 767px)\" srcset=\"https:\/\/a57.foxnews.com\/static.foxnews.com\/foxnews.com\/content\/uploads\/2025\/02\/343\/192\/france-sport-headscarves.jpg?ve=1&amp;tl=1, https:\/\/a57.foxnews.com\/static.foxnews.com\/foxnews.com\/content\/uploads\/2025\/02\/686\/384\/france-sport-headscarves.jpg?ve=1&amp;tl=1 2x\" height=\"192\" width=\"343\"><source media=\"(min-width: 768px) and (max-width: 1023px)\" srcset=\"https:\/\/a57.foxnews.com\/static.foxnews.com\/foxnews.com\/content\/uploads\/2025\/02\/672\/378\/france-sport-headscarves.jpg?ve=1&amp;tl=1, https:\/\/a57.foxnews.com\/static.foxnews.com\/foxnews.com\/content\/uploads\/2025\/02\/1344\/756\/france-sport-headscarves.jpg?ve=1&amp;tl=1 2x\" height=\"378\" width=\"672\"><source media=\"(min-width: 1024px) and (max-width: 1279px)\" srcset=\"https:\/\/a57.foxnews.com\/static.foxnews.com\/foxnews.com\/content\/uploads\/2025\/02\/931\/523\/france-sport-headscarves.jpg?ve=1&amp;tl=1, https:\/\/a57.foxnews.com\/static.foxnews.com\/foxnews.com\/content\/uploads\/2025\/02\/1862\/1046\/france-sport-headscarves.jpg?ve=1&amp;tl=1 2x\" height=\"523\" width=\"931\"><source media=\"(min-width: 1280px)\" srcset=\"https:\/\/a57.foxnews.com\/static.foxnews.com\/foxnews.com\/content\/uploads\/2025\/02\/720\/405\/france-sport-headscarves.jpg?ve=1&amp;tl=1, https:\/\/a57.foxnews.com\/static.foxnews.com\/foxnews.com\/content\/uploads\/2025\/02\/1440\/810\/france-sport-headscarves.jpg?ve=1&amp;tl=1 2x\" height=\"405\" width=\"720\"><img loading=\"lazy\" decoding=\"async\" src=\"https:\/\/a57.foxnews.com\/static.foxnews.com\/foxnews.com\/content\/uploads\/2025\/02\/1200\/675\/france-sport-headscarves.jpg?ve=1&amp;tl=1\" alt=\"Amnist\u00eda Internacional insta a los legisladores franceses a rechazar un proyecto de ley esta semana que prohibir\u00eda a los pa\u00f1uelos en todas las competiciones deportivas.\" width=\"1200\" height=\"675\"\/><\/source><\/source><\/source><\/source><\/picture><\/div>\n<div class=\"info\">\n<div class=\"caption\">\n<p><span>Nouhaila Benzina de Marruecos camina por el suelo durante una gira de familiarizaci\u00f3n antes de su partido del Grupo H de la Copa Mundial de Mujeres con Alemania en Melbourne, Australia, el 23 de julio de 2023.<\/span> <span>(Photo AP\/Victoria Adkins, archivo)<\/span><\/p>\n<\/div>\n<\/div>\n<\/div>\n<p>Las llamadas de Amnisty International se producen despu\u00e9s de que el velocista franc\u00e9s Sounkamba Sylla dijo el verano pasado que fue excluido de la ceremonia de apertura en los Juegos Ol\u00edmpicos de Par\u00eds porque usa un hijab. Finalmente se le permiti\u00f3 participar, con una gorra para cubrirse el cabello.<\/p>\n<p>Francia hace cumplir un principio estricto de \u00abLakit\u00e9\u00bb, traducido libremente como \u00absecularismo\u00bb. En los Juegos, el presidente del Comit\u00e9 Ol\u00edmpico franc\u00e9s dijo que sus ol\u00edmpicos estaban obligados por los principios seculares que se aplican a los trabajadores del sector p\u00fablico en el pa\u00eds, que incluyen una prohibici\u00f3n de hijabs y otros signos religiosos.<\/p>\n<p>\u00abEn los Juegos Ol\u00edmpicos de Par\u00eds, la prohibici\u00f3n de Francia a las atletas francesas que usan pa\u00f1uelos en la cabeza de competir en los juegos provocaron indignaci\u00f3n internacional\u00bb, dijo Anna B\u0142u\u015b, una investigadora internacional de amnist\u00eda sobre justicia de g\u00e9nero.<\/p>\n<p>\u00abSolo seis meses despu\u00e9s, las autoridades francesas no solo se duplican en la prohibici\u00f3n discriminatoria del hijab, sino que intentan extenderlo a todos los deportes\u00bb.<\/p>\n<p>Los expertos designados por el Consejo de Derechos Humanos de la ONU han criticado previamente la decisi\u00f3n de las federaciones francesas de f\u00fatbol y baloncesto de excluir a los jugadores que usan el hijab, y la decisi\u00f3n del gobierno franc\u00e9s de evitar que sus atletas usen pa\u00f1uelos en la cabeza representen al pa\u00eds en los Juegos de Par\u00eds.<\/p>\n<p>Amnist\u00eda Internacional dijo que el proyecto de ley en realidad se dirige a las mujeres y ni\u00f1as musulmanas al excluirlas de las competiciones deportivas si usan un pa\u00f1uelo en la cabeza u otra ropa religiosa.<\/p>\n<p>\u00abLaribit\u00e9 &#8230; que est\u00e1 te\u00f3ricamente integrado en la Constituci\u00f3n francesa para proteger la libertad religiosa de todos, a menudo se ha utilizado como pretexto para bloquear el acceso de las mujeres musulmanas a los espacios p\u00fablicos en Francia\u00bb, dijo Amnist\u00eda Internacional.<\/p>\n<p>\u00abDurante varios a\u00f1os, las autoridades francesas han promulgado leyes y pol\u00edticas para regular la ropa de mujeres y ni\u00f1as musulmanas, de manera discriminatoria. Las federaciones deportivas han seguido su ejemplo, imponiendo prohibiciones de hijab en varios deportes\u00bb.<\/p>\n<p>Hace dos a\u00f1os, el tribunal administrativo m\u00e1s alto de Francia dijo que la Federaci\u00f3n de F\u00fatbol del pa\u00eds ten\u00eda derecho a prohibir los pa\u00f1uelos en las competiciones a pesar de que la medida puede limitar la libertad de expresi\u00f3n.<\/p>\n<p>Al ejercer el principio de neutralidad religiosa consagrada en la Constituci\u00f3n, la Federaci\u00f3n de F\u00fatbol del pa\u00eds tampoco facilita las cosas a los jugadores internacionales que desean abstenerse de beber o comer desde el amanecer hasta el atardecer durante el Ramad\u00e1n, un mes sagrado isl\u00e1mico.<\/p>\n<p><strong><u>Haga clic aqu\u00ed para obtener la aplicaci\u00f3n Fox News<\/u><\/strong><\/p>\n<p>Los partidarios del proyecto de ley citan crecientes ataques contra el secularismo en el deporte, argumentando que sus valores centrales se basan en un principio de universalidad. Para proteger los terrenos deportivos de cualquier confrontaci\u00f3n no deportiva, dicen, se debe implementar un principio de neutralidad para garantizar que no se pueda promover ninguna demostraci\u00f3n o propaganda pol\u00edtica, religiosa o racial.<\/p>\n<p>El proyecto de ley tambi\u00e9n establece que usar parte de una instalaci\u00f3n deportiva como lugar de culto ser\u00eda un mal uso de su prop\u00f3sito, y proh\u00edbe el uso de ropa religiosa, como los Burkini, en piscinas p\u00fablicas.<\/p>\n<p>\u00abAl colocar el uso de un pa\u00f1uelo en la cabeza en el espectro de\u00bb ataques contra el secularismo \u00ab, que van desde la\u00bb permisividad \u00abhasta el\u00bb terrorismo \u00ab, esta legislaci\u00f3n, si se aprueba, impulsar\u00eda el racismo y reforzar\u00eda el creciente ambiente hostil que enfrentan los musulmanes y los percibidos Sea musulm\u00e1n en Francia \u00ab, dijo Amnist\u00eda Internacional.<\/p>\n<p> <!----> <!----><\/div>\n\n","protected":false},"excerpt":{"rendered":"<p>Un proyecto de ley para prohibir toda la ropa y los s\u00edmbolos \u00abaparentemente religiosos\u00bb, incluidos los pa\u00f1uelos en la cabeza, durante las competiciones se debatir\u00e1n desde el martes en la C\u00e1mara Alta del Parlamento franc\u00e9s. Amnist\u00eda Internacional insta a los legisladores franceses a rechazar el proyecto de ley, diciendo que ser\u00eda discriminatorio. La C\u00e1mara Baja &hellip;<\/p>\n","protected":false},"author":1,"featured_media":15245,"comment_status":"open","ping_status":"open","sticky":false,"template":"","format":"standard","meta":{"fifu_image_url":"https:\/\/static.foxnews.com\/foxnews.com\/content\/uploads\/2025\/02\/france-sport-headscarves.jpg","fifu_image_alt":"","footnotes":""},"categories":[13],"tags":[],"class_list":["post-15243","post","type-post","status-publish","format-standard","has-post-thumbnail","","category-mundo"],"_links":{"self":[{"href":"https:\/\/noticiasveraces.com\/index.php?rest_route=\/wp\/v2\/posts\/15243","targetHints":{"allow":["GET"]}}],"collection":[{"href":"https:\/\/noticiasveraces.com\/index.php?rest_route=\/wp\/v2\/posts"}],"about":[{"href":"https:\/\/noticiasveraces.com\/index.php?rest_route=\/wp\/v2\/types\/post"}],"author":[{"embeddable":true,"href":"https:\/\/noticiasveraces.com\/index.php?rest_route=\/wp\/v2\/users\/1"}],"replies":[{"embeddable":true,"href":"https:\/\/noticiasveraces.com\/index.php?rest_route=%2Fwp%2Fv2%2Fcomments&post=15243"}],"version-history":[{"count":0,"href":"https:\/\/noticiasveraces.com\/index.php?rest_route=\/wp\/v2\/posts\/15243\/revisions"}],"wp:featuredmedia":[{"embeddable":true,"href":"https:\/\/noticiasveraces.com\/index.php?rest_route=\/wp\/v2\/media\/15245"}],"wp:attachment":[{"href":"https:\/\/noticiasveraces.com\/index.php?rest_route=%2Fwp%2Fv2%2Fmedia&parent=15243"}],"wp:term":[{"taxonomy":"category","embeddable":true,"href":"https:\/\/noticiasveraces.com\/index.php?rest_route=%2Fwp%2Fv2%2Fcategories&post=15243"},{"taxonomy":"post_tag","embeddable":true,"href":"https:\/\/noticiasveraces.com\/index.php?rest_route=%2Fwp%2Fv2%2Ftags&post=15243"}],"curies":[{"name":"wp","href":"https:\/\/api.w.org\/{rel}","templated":true}]}}