{"id":15229,"date":"2025-02-18T11:56:40","date_gmt":"2025-02-18T15:56:40","guid":{"rendered":"https:\/\/noticiasveraces.com\/?p=15229"},"modified":"2025-02-18T11:56:40","modified_gmt":"2025-02-18T15:56:40","slug":"corea-del-norte-promete-expandir-las-fuerzas-nucleares-nos-explica-el-plan-de-desnuclearizacion-anticuado","status":"publish","type":"post","link":"https:\/\/noticiasveraces.com\/?p=15229","title":{"rendered":"Corea del Norte promete expandir las fuerzas nucleares, nos explica el plan de desnuclearizaci\u00f3n \u00abanticuado\u00bb"},"content":{"rendered":"<p> \n<\/p>\n<div>\n<p class=\"speakable\">Corea del Norte prometi\u00f3 expandir sus fuerzas nucleares bajo Kim Jong Un y critic\u00f3 a los Estados Unidos y sus vecinos en Asia por impulsar un plan de desnuclearizaci\u00f3n contra el r\u00e9gimen autoritario.<\/p>\n<p class=\"speakable\">El Ministerio de Relaciones Exteriores de Corea del Norte denunci\u00f3 la promesa conjunta entre los Estados Unidos, Corea del Sur y Jap\u00f3n como un \u00abplan desactualizado y absurdo\u00bb y advirti\u00f3 de \u00abuna contraacraci\u00f3n abrumadora y decisiva\u00bb contra sus rivales que amenazan su seguridad.<\/p>\n<p>\u00abMientras exista la amenaza hostil hostil de los Estados Unidos y sus fuerzas vasallas, las armas nucleares de la RPDC son medios para defender la paz y la soberan\u00eda y un medio para la autodefensa leg\u00edtima confiado por la constituci\u00f3n del estado\u00bb, dijo un portavoz del ministerio sin nombre en una declaraci\u00f3n Recogido por la agencia de noticias central de Corea del Norte, inform\u00f3 Reuters.<\/p>\n<p>La cr\u00edtica se produce despu\u00e9s de que el Secretario de Estado de los Estados Unidos, Marco Rubio, el ministro de Asuntos Exteriores de Corea del Sur, Cho Tae-yul, y el ministro de Asuntos Exteriores japoneses, Iwaya Takeshi, se reunieron durante una conferencia de seguridad en Alemania y reafirmaron su compromiso con la \u00abdesnuclearizaci\u00f3n completa\u00bb del reino ermita\u00f1o y manteniendo sanciones a la del pa\u00eds. Programa de armas.<\/p>\n<p><strong>Trump no debe repetir su error de Kim Jong Un con Ir\u00e1n, el experto en seguridad advierte<\/strong><\/p>\n<div class=\"image-ct inline\">\n<div class=\"m\"><picture><source media=\"(max-width: 767px)\" srcset=\"https:\/\/a57.foxnews.com\/static.foxnews.com\/foxnews.com\/content\/uploads\/2025\/02\/343\/192\/kim-jong-un2.jpg?ve=1&amp;tl=1, https:\/\/a57.foxnews.com\/static.foxnews.com\/foxnews.com\/content\/uploads\/2025\/02\/686\/384\/kim-jong-un2.jpg?ve=1&amp;tl=1 2x\" height=\"192\" width=\"343\"><source media=\"(min-width: 768px) and (max-width: 1023px)\" srcset=\"https:\/\/a57.foxnews.com\/static.foxnews.com\/foxnews.com\/content\/uploads\/2025\/02\/672\/378\/kim-jong-un2.jpg?ve=1&amp;tl=1, https:\/\/a57.foxnews.com\/static.foxnews.com\/foxnews.com\/content\/uploads\/2025\/02\/1344\/756\/kim-jong-un2.jpg?ve=1&amp;tl=1 2x\" height=\"378\" width=\"672\"><source media=\"(min-width: 1024px) and (max-width: 1279px)\" srcset=\"https:\/\/a57.foxnews.com\/static.foxnews.com\/foxnews.com\/content\/uploads\/2025\/02\/931\/523\/kim-jong-un2.jpg?ve=1&amp;tl=1, https:\/\/a57.foxnews.com\/static.foxnews.com\/foxnews.com\/content\/uploads\/2025\/02\/1862\/1046\/kim-jong-un2.jpg?ve=1&amp;tl=1 2x\" height=\"523\" width=\"931\"><source media=\"(min-width: 1280px)\" srcset=\"https:\/\/a57.foxnews.com\/static.foxnews.com\/foxnews.com\/content\/uploads\/2025\/02\/720\/405\/kim-jong-un2.jpg?ve=1&amp;tl=1, https:\/\/a57.foxnews.com\/static.foxnews.com\/foxnews.com\/content\/uploads\/2025\/02\/1440\/810\/kim-jong-un2.jpg?ve=1&amp;tl=1 2x\" height=\"405\" width=\"720\"><img loading=\"lazy\" decoding=\"async\" src=\"https:\/\/a57.foxnews.com\/static.foxnews.com\/foxnews.com\/content\/uploads\/2025\/02\/1200\/675\/kim-jong-un2.jpg?ve=1&amp;tl=1\" alt=\"L\u00edder de Corea del Norte Kim Jong Un\" width=\"1200\" height=\"675\"\/><\/source><\/source><\/source><\/source><\/picture><\/div>\n<div class=\"info\">\n<div class=\"caption\">\n<p><span>El Ministerio de Relaciones Exteriores de Corea del Norte prometi\u00f3 expandir sus fuerzas nucleares bajo Kim Jong Un, en la foto, y critic\u00f3 a los Estados Unidos y sus vecinos en Asia por impulsar un plan de desnuclearizaci\u00f3n contra el r\u00e9gimen autoritario.<\/span> <span>(Agencia de Noticias Central coreanas\/Servicio de noticias de Corea a trav\u00e9s de AP, archivo)<\/span><\/p>\n<\/div>\n<\/div>\n<\/div>\n<p>Los pa\u00edses tambi\u00e9n acordaron reforzar la defensa y la disuasi\u00f3n, incluso al expandir los ejercicios militares de tres v\u00edas y el fortalecimiento de las capacidades militares de Jap\u00f3n y Corea del Sur, seg\u00fan una declaraci\u00f3n conjunta publicada despu\u00e9s de la reuni\u00f3n.<\/p>\n<div class=\"image-ct inline\">\n<div class=\"m\"><picture><source media=\"(max-width: 767px)\" srcset=\"https:\/\/a57.foxnews.com\/static.foxnews.com\/foxnews.com\/content\/uploads\/2025\/02\/343\/192\/gettyimages-2197538099-scaled.jpg?ve=1&amp;tl=1, https:\/\/a57.foxnews.com\/static.foxnews.com\/foxnews.com\/content\/uploads\/2025\/02\/686\/384\/gettyimages-2197538099-scaled.jpg?ve=1&amp;tl=1 2x\" height=\"192\" width=\"343\"><source media=\"(min-width: 768px) and (max-width: 1023px)\" srcset=\"https:\/\/a57.foxnews.com\/static.foxnews.com\/foxnews.com\/content\/uploads\/2025\/02\/672\/378\/gettyimages-2197538099-scaled.jpg?ve=1&amp;tl=1, https:\/\/a57.foxnews.com\/static.foxnews.com\/foxnews.com\/content\/uploads\/2025\/02\/1344\/756\/gettyimages-2197538099-scaled.jpg?ve=1&amp;tl=1 2x\" height=\"378\" width=\"672\"><source media=\"(min-width: 1024px) and (max-width: 1279px)\" srcset=\"https:\/\/a57.foxnews.com\/static.foxnews.com\/foxnews.com\/content\/uploads\/2025\/02\/931\/523\/gettyimages-2197538099-scaled.jpg?ve=1&amp;tl=1, https:\/\/a57.foxnews.com\/static.foxnews.com\/foxnews.com\/content\/uploads\/2025\/02\/1862\/1046\/gettyimages-2197538099-scaled.jpg?ve=1&amp;tl=1 2x\" height=\"523\" width=\"931\"><source media=\"(min-width: 1280px)\" srcset=\"https:\/\/a57.foxnews.com\/static.foxnews.com\/foxnews.com\/content\/uploads\/2025\/02\/720\/405\/gettyimages-2197538099-scaled.jpg?ve=1&amp;tl=1, https:\/\/a57.foxnews.com\/static.foxnews.com\/foxnews.com\/content\/uploads\/2025\/02\/1440\/810\/gettyimages-2197538099-scaled.jpg?ve=1&amp;tl=1 2x\" height=\"405\" width=\"720\"><img loading=\"lazy\" decoding=\"async\" src=\"https:\/\/a57.foxnews.com\/static.foxnews.com\/foxnews.com\/content\/uploads\/2025\/02\/1200\/675\/gettyimages-2197538099-scaled.jpg?ve=1&amp;tl=1\" alt=\"Primer ministro japon\u00e9s Shigeru Ishiba y presidente Trump\" width=\"1200\" height=\"675\"\/><\/source><\/source><\/source><\/source><\/picture><\/div>\n<div class=\"info\">\n<div class=\"caption\">\n<p><span>El presidente Donald Trump da la mano al primer ministro japon\u00e9s Shigeru Ishiba en la Oficina Oval de la Casa Blanca en Washington, DC, el 7 de febrero de 2025. <\/span> <span>(Jim Watson\/AFP a trav\u00e9s de Getty Images)<\/span><\/p>\n<\/div>\n<\/div>\n<\/div>\n<p>El presidente Donald Trump recibi\u00f3 al primer ministro japon\u00e9s Shigeru Ishiba en la Casa Blanca a principios de este mes y dijo que Estados Unidos tendr\u00e1 relaciones con el r\u00e9gimen del dictador de Corea del Norte Kim Jong Un.<\/p>\n<p><strong>Corea del Norte golpea la etiqueta del &#8216;estado deshonesto&#8217; de Rubio como &#8216;tonter\u00edas&#8217;, promete retroceder contra la administraci\u00f3n de Trump<\/strong><\/p>\n<p>\u00abTendremos relaciones con Corea del Norte, con Kim Jong Un. Me llevo muy bien con ellos\u00bb, dijo Trump a los periodistas junto a Ishiba.<\/p>\n<div class=\"image-ct inline\">\n<div class=\"m\"><picture><source media=\"(max-width: 767px)\" srcset=\"https:\/\/a57.foxnews.com\/static.foxnews.com\/foxnews.com\/content\/uploads\/2025\/02\/343\/192\/kim-jong-un-and-donald-trump.jpg?ve=1&amp;tl=1, https:\/\/a57.foxnews.com\/static.foxnews.com\/foxnews.com\/content\/uploads\/2025\/02\/686\/384\/kim-jong-un-and-donald-trump.jpg?ve=1&amp;tl=1 2x\" height=\"192\" width=\"343\"><source media=\"(min-width: 768px) and (max-width: 1023px)\" srcset=\"https:\/\/a57.foxnews.com\/static.foxnews.com\/foxnews.com\/content\/uploads\/2025\/02\/672\/378\/kim-jong-un-and-donald-trump.jpg?ve=1&amp;tl=1, https:\/\/a57.foxnews.com\/static.foxnews.com\/foxnews.com\/content\/uploads\/2025\/02\/1344\/756\/kim-jong-un-and-donald-trump.jpg?ve=1&amp;tl=1 2x\" height=\"378\" width=\"672\"><source media=\"(min-width: 1024px) and (max-width: 1279px)\" srcset=\"https:\/\/a57.foxnews.com\/static.foxnews.com\/foxnews.com\/content\/uploads\/2025\/02\/931\/523\/kim-jong-un-and-donald-trump.jpg?ve=1&amp;tl=1, https:\/\/a57.foxnews.com\/static.foxnews.com\/foxnews.com\/content\/uploads\/2025\/02\/1862\/1046\/kim-jong-un-and-donald-trump.jpg?ve=1&amp;tl=1 2x\" height=\"523\" width=\"931\"><source media=\"(min-width: 1280px)\" srcset=\"https:\/\/a57.foxnews.com\/static.foxnews.com\/foxnews.com\/content\/uploads\/2025\/02\/720\/405\/kim-jong-un-and-donald-trump.jpg?ve=1&amp;tl=1, https:\/\/a57.foxnews.com\/static.foxnews.com\/foxnews.com\/content\/uploads\/2025\/02\/1440\/810\/kim-jong-un-and-donald-trump.jpg?ve=1&amp;tl=1 2x\" height=\"405\" width=\"720\"><img loading=\"lazy\" decoding=\"async\" src=\"https:\/\/a57.foxnews.com\/static.foxnews.com\/foxnews.com\/content\/uploads\/2025\/02\/1200\/675\/kim-jong-un-and-donald-trump.jpg?ve=1&amp;tl=1\" alt=\"Kim Jong Un y Donald Trump\" width=\"1200\" height=\"675\"\/><\/source><\/source><\/source><\/source><\/picture><\/div>\n<div class=\"info\">\n<div class=\"caption\">\n<p><span>El presidente Donald Trump se reuni\u00f3 por primera vez con Kim Jong Un en Singapur en junio de 2018, durante su primer mandato como presidente.<\/span> <span>(AP\/Evan Vucci)<\/span><\/p>\n<\/div>\n<\/div>\n<\/div>\n<p>Trump, quien conoci\u00f3 a Kim por primera vez en 2018 en Singapur y se convirti\u00f3 en el primer presidente en funciones en reunirse con el l\u00edder de Corea del Norte, est\u00e1 buscando construir su diplomacia personal que estableci\u00f3 con Kim durante su primer mandato. <\/p>\n<p><strong><u>Haga clic para obtener la aplicaci\u00f3n Fox News<\/u><\/strong><\/p>\n<p>Trump volvi\u00f3 a encontrar a Kim en 2019 y se convirti\u00f3 en el primer presidente en pisar el territorio de Corea del Norte desde la zona desmilitarizada.<\/p>\n<p><i>Chris Massaro de Fox News Digital y Associated Press contribuyeron a este informe.<\/i><\/p>\n<p> <!----> <\/div>\n\n","protected":false},"excerpt":{"rendered":"<p>Corea del Norte prometi\u00f3 expandir sus fuerzas nucleares bajo Kim Jong Un y critic\u00f3 a los Estados Unidos y sus vecinos en Asia por impulsar un plan de desnuclearizaci\u00f3n contra el r\u00e9gimen autoritario. El Ministerio de Relaciones Exteriores de Corea del Norte denunci\u00f3 la promesa conjunta entre los Estados Unidos, Corea del Sur y Jap\u00f3n &hellip;<\/p>\n","protected":false},"author":1,"featured_media":15231,"comment_status":"open","ping_status":"open","sticky":false,"template":"","format":"standard","meta":{"fifu_image_url":"https:\/\/static.foxnews.com\/foxnews.com\/content\/uploads\/2025\/02\/kim-jong-un2.jpg","fifu_image_alt":"","footnotes":""},"categories":[13],"tags":[],"class_list":["post-15229","post","type-post","status-publish","format-standard","has-post-thumbnail","","category-mundo"],"_links":{"self":[{"href":"https:\/\/noticiasveraces.com\/index.php?rest_route=\/wp\/v2\/posts\/15229","targetHints":{"allow":["GET"]}}],"collection":[{"href":"https:\/\/noticiasveraces.com\/index.php?rest_route=\/wp\/v2\/posts"}],"about":[{"href":"https:\/\/noticiasveraces.com\/index.php?rest_route=\/wp\/v2\/types\/post"}],"author":[{"embeddable":true,"href":"https:\/\/noticiasveraces.com\/index.php?rest_route=\/wp\/v2\/users\/1"}],"replies":[{"embeddable":true,"href":"https:\/\/noticiasveraces.com\/index.php?rest_route=%2Fwp%2Fv2%2Fcomments&post=15229"}],"version-history":[{"count":0,"href":"https:\/\/noticiasveraces.com\/index.php?rest_route=\/wp\/v2\/posts\/15229\/revisions"}],"wp:featuredmedia":[{"embeddable":true,"href":"https:\/\/noticiasveraces.com\/index.php?rest_route=\/wp\/v2\/media\/15231"}],"wp:attachment":[{"href":"https:\/\/noticiasveraces.com\/index.php?rest_route=%2Fwp%2Fv2%2Fmedia&parent=15229"}],"wp:term":[{"taxonomy":"category","embeddable":true,"href":"https:\/\/noticiasveraces.com\/index.php?rest_route=%2Fwp%2Fv2%2Fcategories&post=15229"},{"taxonomy":"post_tag","embeddable":true,"href":"https:\/\/noticiasveraces.com\/index.php?rest_route=%2Fwp%2Fv2%2Ftags&post=15229"}],"curies":[{"name":"wp","href":"https:\/\/api.w.org\/{rel}","templated":true}]}}