{"id":15212,"date":"2025-02-18T10:51:14","date_gmt":"2025-02-18T14:51:14","guid":{"rendered":"https:\/\/noticiasveraces.com\/?p=15212"},"modified":"2025-02-18T10:51:14","modified_gmt":"2025-02-18T14:51:14","slug":"abbas-destituye-a-jefe-de-asuntos-de-presos-palestinos-dw-18-02-2025","status":"publish","type":"post","link":"https:\/\/noticiasveraces.com\/?p=15212","title":{"rendered":"Abbas Destituye A Jefe de Asuntos de Presos Palestinos &#8211; DW &#8211; 18\/02\/2025"},"content":{"rendered":"<p> \n<\/p>\n<div>\n<p>El presidente de la Autoridad Nacional Palestina, Mahmud Abbas, destituy\u00f3 este martes 18 de febrero de 2025, por orden presidencial, a Qadura Fares, hasta ahora presidente de la Comisi\u00f3n de Asuntos de Prisioneros y Exprisioneros, seg\u00fan un comunicado divulgado por la agencia oficial palestina De Noticias Wafa.<\/p>\n<p>\u00abEl Presidente Mahmud Abbas emiti\u00f3 una decisi\u00f3n presidencial por la Que nombra A raed Arafat Abu al Hummus Como Presidente de la Comisi\u00f3n de Asuntos de Prisioneros y Exrisioneros, Con Rango de Ministro y Confecto A Partir de Hoy\u00bb, detalla el comunicado, Citando \u00f3tico otrota Orden Que Designa El Fin del Cargo de Fares.<\/p>\n<p>Era de las tarifas un f\u00e9rroo opositor de la Nueva Pol\u00edtica aprrobada por Abbas el Pasado 10 de febrero, Que reestructur\u00f3 la forma en la Que el Gobierno Palestino Paga A Las Familias de Los Presos Encarcelados, Asesinados o Heridos por Israel.<\/p>\n<h2>Supervisi\u00f3n Internacional, Entre OTros Cambios<\/h2>\n<p>Partir de Ahora, Estos Fondos Est\u00e1n Custodos por la Instituci\u00f3n Nacional Palestina de Empoderamiento Econ\u00f3mico, Bajo Supervisional International, y Compiten -Contras prestaciones Sociales que Pujedan Recibir esas mismas Familias, un fin de hacerlo de hacera de hacera de hacera de hacera.<\/p>\n<p>Adem\u00e1s, la cuant\u00eda queda condicionada a la necesidad y no al n\u00famero de a\u00f1os que sus familiares hayan estado en prisi\u00f3n.<\/p>\n<p><span data-slot-id=\"Article_InContent-1\" class=\"rich-text-ad\"\/><\/p>\n<h2>Condena de Ham\u00e1s<\/h2>\n<p>El Grupo Islamista Ham\u00e1s, Por Su Parte, Conden\u00f3 Hoy en un Comunicado El Despido de Fares \u00abDebido A Sus Cryticas\u00bb en cuanto a la retribuci\u00f3n \u00abTodas la Voces Libres contratarias un vulnerar Los Derechos de los prisioneros y sus familias\u00bb.<\/p>\n<p>\u00abEl intento de Silenciar Las Voces Nacionales y Castigar A Todos Aquello que Est\u00e1n del Lado de los Prisioneros, Los M\u00e1rtires y Sus Derechos Refleja ElFocque de Represent y y exclusi\u00f3n de la Autoridad (Palestina)\u00bb, Detalla el Comunicado.<\/p>\n<p>\u00abEs una peligrosa desviaci\u00f3n de las constantes nacionales y una sumisi\u00f3n a los dictos sionistas y estadounidenses que tienen como blanco la lucha de los prisioneros y su justa causa\u00bb, A\u00f1adio.<\/p>\n<p>La Nueva Pol\u00edtica de Abbas Podr\u00eda IR Encaminada, como pide ee. Uu., Un renovar una autoridad Palestina Denostada e Inmovislista, un fin de que pueda tomar el control de una franja de gaza posguerra; Algo a lo que el Primer Ministro israel\u00ed, Benjam\u00edn Netanyahu, se opone radicalmental. Y que tampoco encaja en los planos que Ha previsto el presidente estadounidense, Donald Trump, para gaza.<\/p>\n<p>RML (EFE, AP)<\/p>\n<\/div>\n\n","protected":false},"excerpt":{"rendered":"<p>El presidente de la Autoridad Nacional Palestina, Mahmud Abbas, destituy\u00f3 este martes 18 de febrero de 2025, por orden presidencial, a Qadura Fares, hasta ahora presidente de la Comisi\u00f3n de Asuntos de Prisioneros y Exprisioneros, seg\u00fan un comunicado divulgado por la agencia oficial palestina De Noticias Wafa. \u00abEl Presidente Mahmud Abbas emiti\u00f3 una decisi\u00f3n presidencial &hellip;<\/p>\n","protected":false},"author":1,"featured_media":15213,"comment_status":"open","ping_status":"open","sticky":false,"template":"","format":"standard","meta":{"fifu_image_url":"https:\/\/static.dw.com\/image\/71422302_6.jpg","fifu_image_alt":"","footnotes":""},"categories":[13],"tags":[],"class_list":["post-15212","post","type-post","status-publish","format-standard","has-post-thumbnail","","category-mundo"],"_links":{"self":[{"href":"https:\/\/noticiasveraces.com\/index.php?rest_route=\/wp\/v2\/posts\/15212","targetHints":{"allow":["GET"]}}],"collection":[{"href":"https:\/\/noticiasveraces.com\/index.php?rest_route=\/wp\/v2\/posts"}],"about":[{"href":"https:\/\/noticiasveraces.com\/index.php?rest_route=\/wp\/v2\/types\/post"}],"author":[{"embeddable":true,"href":"https:\/\/noticiasveraces.com\/index.php?rest_route=\/wp\/v2\/users\/1"}],"replies":[{"embeddable":true,"href":"https:\/\/noticiasveraces.com\/index.php?rest_route=%2Fwp%2Fv2%2Fcomments&post=15212"}],"version-history":[{"count":0,"href":"https:\/\/noticiasveraces.com\/index.php?rest_route=\/wp\/v2\/posts\/15212\/revisions"}],"wp:featuredmedia":[{"embeddable":true,"href":"https:\/\/noticiasveraces.com\/index.php?rest_route=\/wp\/v2\/media\/15213"}],"wp:attachment":[{"href":"https:\/\/noticiasveraces.com\/index.php?rest_route=%2Fwp%2Fv2%2Fmedia&parent=15212"}],"wp:term":[{"taxonomy":"category","embeddable":true,"href":"https:\/\/noticiasveraces.com\/index.php?rest_route=%2Fwp%2Fv2%2Fcategories&post=15212"},{"taxonomy":"post_tag","embeddable":true,"href":"https:\/\/noticiasveraces.com\/index.php?rest_route=%2Fwp%2Fv2%2Ftags&post=15212"}],"curies":[{"name":"wp","href":"https:\/\/api.w.org\/{rel}","templated":true}]}}