{"id":15192,"date":"2025-02-18T07:45:09","date_gmt":"2025-02-18T11:45:09","guid":{"rendered":"https:\/\/noticiasveraces.com\/?p=15192"},"modified":"2025-02-18T07:45:09","modified_gmt":"2025-02-18T11:45:09","slug":"trump-felicita-a-los-militares-estadounidenses-despues-de-un-ataque-aereo-que-mato-al-funcionario-de-al-qaeda-affiliate-tratado-justice","status":"publish","type":"post","link":"https:\/\/noticiasveraces.com\/?p=15192","title":{"rendered":"Trump felicita a los militares estadounidenses despu\u00e9s de un ataque a\u00e9reo que mat\u00f3 al funcionario de Al-Qaeda Affiliate: &#8216;Tratado Justice&#8217;"},"content":{"rendered":"<p> \n<\/p>\n<div>\n<p class=\"speakable\">El presidente Donald Trump felicit\u00f3 a las fuerzas estadounidenses luego de un ataque a\u00e9reo durante el fin de semana que atac\u00f3 a un funcionario de Hurras al-Din, un afiliado de Al-Qaeda, en Siria.<\/p>\n<p class=\"speakable\">\u00abLas fuerzas estadounidenses realizaron un ataque a\u00e9reo de precisi\u00f3n contra un miembro de Al-Qaeda en Siria este fin de semana\u00bb, escribi\u00f3 Trump en Truth Social. \u00abEl l\u00edder terrorista estaba trabajando con Al-Qaeda en toda la regi\u00f3n\u00bb.<\/p>\n<p>\u00abFelicitaciones al comandante de Centcom, el general Michael Kurilla, y a los guerreros estadounidenses que le dieron justicia a otro yihadi amenazando a Estados Unidos y a nuestros aliados y socios\u00bb, continu\u00f3.<\/p>\n<p><strong>El sospechoso de Austria Stabbing es un migrante sirio que prometi\u00f3 lealtad al Estado Isl\u00e1mico, dicen las autoridades<\/strong><\/p>\n<div class=\"image-ct inline\">\n<div class=\"m\"><picture><source media=\"(max-width: 767px)\" srcset=\"https:\/\/a57.foxnews.com\/static.foxnews.com\/foxnews.com\/content\/uploads\/2025\/02\/343\/192\/donald-trump-signing-eo.jpg?ve=1&amp;tl=1, https:\/\/a57.foxnews.com\/static.foxnews.com\/foxnews.com\/content\/uploads\/2025\/02\/686\/384\/donald-trump-signing-eo.jpg?ve=1&amp;tl=1 2x\" height=\"192\" width=\"343\"><source media=\"(min-width: 768px) and (max-width: 1023px)\" srcset=\"https:\/\/a57.foxnews.com\/static.foxnews.com\/foxnews.com\/content\/uploads\/2025\/02\/672\/378\/donald-trump-signing-eo.jpg?ve=1&amp;tl=1, https:\/\/a57.foxnews.com\/static.foxnews.com\/foxnews.com\/content\/uploads\/2025\/02\/1344\/756\/donald-trump-signing-eo.jpg?ve=1&amp;tl=1 2x\" height=\"378\" width=\"672\"><source media=\"(min-width: 1024px) and (max-width: 1279px)\" srcset=\"https:\/\/a57.foxnews.com\/static.foxnews.com\/foxnews.com\/content\/uploads\/2025\/02\/931\/523\/donald-trump-signing-eo.jpg?ve=1&amp;tl=1, https:\/\/a57.foxnews.com\/static.foxnews.com\/foxnews.com\/content\/uploads\/2025\/02\/1862\/1046\/donald-trump-signing-eo.jpg?ve=1&amp;tl=1 2x\" height=\"523\" width=\"931\"><source media=\"(min-width: 1280px)\" srcset=\"https:\/\/a57.foxnews.com\/static.foxnews.com\/foxnews.com\/content\/uploads\/2025\/02\/720\/405\/donald-trump-signing-eo.jpg?ve=1&amp;tl=1, https:\/\/a57.foxnews.com\/static.foxnews.com\/foxnews.com\/content\/uploads\/2025\/02\/1440\/810\/donald-trump-signing-eo.jpg?ve=1&amp;tl=1 2x\" height=\"405\" width=\"720\"><img loading=\"lazy\" decoding=\"async\" src=\"https:\/\/a57.foxnews.com\/static.foxnews.com\/foxnews.com\/content\/uploads\/2025\/02\/1200\/675\/donald-trump-signing-eo.jpg?ve=1&amp;tl=1\" alt=\"Donald Trump firma EO\" width=\"1200\" height=\"675\"\/><\/source><\/source><\/source><\/source><\/picture><\/div>\n<div class=\"info\">\n<div class=\"caption\">\n<p><span>El presidente de los Estados Unidos, Donald Trump, firma una serie de \u00f3rdenes ejecutivas en la Oficina Oval de la Casa Blanca el 10 de febrero de 2025 en Washington, DC <\/span> <span>((Foto de Andrew Harnik\/Getty Images))<\/span><\/p>\n<\/div>\n<\/div>\n<\/div>\n<p>El s\u00e1bado, las fuerzas estadounidenses \u00abllevaron a cabo un ataque a\u00e9reo de precisi\u00f3n en el noroeste de Siria apuntando y matando a un alto funcionario de finanzas y log\u00edstica en la organizaci\u00f3n terrorista Hurras al-Din (Had), un afiliado de Al-Qaeda\u00bb, dijo el Comando Central de los Estados Unidos en un comunicado de prensa.<\/p>\n<p>Centcom dijo que el ataque a\u00e9reo era parte de su \u00abcompromiso continuo, junto con socios en la regi\u00f3n, para interrumpir y degradar los esfuerzos de los terroristas para planificar, organizar y realizar ataques contra civiles y personal militar de los Estados Unidos, nuestros aliados y nuestros socios en todo momento. la regi\u00f3n y m\u00e1s all\u00e1 \u00ab.<\/p>\n<div class=\"image-ct inline\">\n<div class=\"m\"><picture><source media=\"(max-width: 767px)\" srcset=\"https:\/\/a57.foxnews.com\/static.foxnews.com\/foxnews.com\/content\/uploads\/2025\/02\/343\/192\/getty_donaldtrump.jpg?ve=1&amp;tl=1, https:\/\/a57.foxnews.com\/static.foxnews.com\/foxnews.com\/content\/uploads\/2025\/02\/686\/384\/getty_donaldtrump.jpg?ve=1&amp;tl=1 2x\" height=\"192\" width=\"343\"><source media=\"(min-width: 768px) and (max-width: 1023px)\" srcset=\"https:\/\/a57.foxnews.com\/static.foxnews.com\/foxnews.com\/content\/uploads\/2025\/02\/672\/378\/getty_donaldtrump.jpg?ve=1&amp;tl=1, https:\/\/a57.foxnews.com\/static.foxnews.com\/foxnews.com\/content\/uploads\/2025\/02\/1344\/756\/getty_donaldtrump.jpg?ve=1&amp;tl=1 2x\" height=\"378\" width=\"672\"><source media=\"(min-width: 1024px) and (max-width: 1279px)\" srcset=\"https:\/\/a57.foxnews.com\/static.foxnews.com\/foxnews.com\/content\/uploads\/2025\/02\/931\/523\/getty_donaldtrump.jpg?ve=1&amp;tl=1, https:\/\/a57.foxnews.com\/static.foxnews.com\/foxnews.com\/content\/uploads\/2025\/02\/1862\/1046\/getty_donaldtrump.jpg?ve=1&amp;tl=1 2x\" height=\"523\" width=\"931\"><source media=\"(min-width: 1280px)\" srcset=\"https:\/\/a57.foxnews.com\/static.foxnews.com\/foxnews.com\/content\/uploads\/2025\/02\/720\/405\/getty_donaldtrump.jpg?ve=1&amp;tl=1, https:\/\/a57.foxnews.com\/static.foxnews.com\/foxnews.com\/content\/uploads\/2025\/02\/1440\/810\/getty_donaldtrump.jpg?ve=1&amp;tl=1 2x\" height=\"405\" width=\"720\"><img loading=\"lazy\" decoding=\"async\" src=\"https:\/\/a57.foxnews.com\/static.foxnews.com\/foxnews.com\/content\/uploads\/2025\/02\/1200\/675\/getty_donaldtrump.jpg?ve=1&amp;tl=1\" alt=\"Donald Trump mirando hacia arriba con una blazer azul, una camisa blanca y una corbata roja sentada\" width=\"1200\" height=\"675\"\/><\/source><\/source><\/source><\/source><\/picture><\/div>\n<div class=\"info\">\n<div class=\"caption\">\n<p><span>El presidente de los Estados Unidos, Donald Trump, habla con los periodistas en la Oficina Oval de la Casa Blanca el 3 de febrero de 2025 en Washington, DC<\/span> <span>(Getty Images)<\/span><\/p>\n<\/div>\n<\/div>\n<\/div>\n<p>\u00abContinuaremos persiguiendo implacablemente a los terroristas para defender nuestra patria, y el personal aliado y asociado en la regi\u00f3n\u00bb, dijo el general Michael Erik Kurilla en un comunicado.<\/p>\n<p>Hurras al-Din se form\u00f3 en 2018 despu\u00e9s de que el grupo terrorista del Frente Nusrah se separ\u00f3 de Al-Qaeda. El grupo opera principalmente en la provincia de Idlib de Siria y podr\u00eda tener hasta 2.500 miembros, seg\u00fan el Centro Nacional de Contraterrorismo.<\/p>\n<p><strong><u>Altos funcionarios rusos, Estados Unidos se re\u00fanen en Arabia Saudita para comenzar las conversaciones sobre la guerra de Ucrania sin funcionarios de Kiev<\/u><\/strong><\/p>\n<div class=\"image-ct inline\">\n<div class=\"m\"><picture><source media=\"(max-width: 767px)\" srcset=\"https:\/\/a57.foxnews.com\/static.foxnews.com\/foxnews.com\/content\/uploads\/2024\/09\/343\/192\/Gen.-Michael-Erik-Kurilla-1.jpg?ve=1&amp;tl=1, https:\/\/a57.foxnews.com\/static.foxnews.com\/foxnews.com\/content\/uploads\/2024\/09\/686\/384\/Gen.-Michael-Erik-Kurilla-1.jpg?ve=1&amp;tl=1 2x\" height=\"192\" width=\"343\"><source media=\"(min-width: 768px) and (max-width: 1023px)\" srcset=\"https:\/\/a57.foxnews.com\/static.foxnews.com\/foxnews.com\/content\/uploads\/2024\/09\/672\/378\/Gen.-Michael-Erik-Kurilla-1.jpg?ve=1&amp;tl=1, https:\/\/a57.foxnews.com\/static.foxnews.com\/foxnews.com\/content\/uploads\/2024\/09\/1344\/756\/Gen.-Michael-Erik-Kurilla-1.jpg?ve=1&amp;tl=1 2x\" height=\"378\" width=\"672\"><source media=\"(min-width: 1024px) and (max-width: 1279px)\" srcset=\"https:\/\/a57.foxnews.com\/static.foxnews.com\/foxnews.com\/content\/uploads\/2024\/09\/931\/523\/Gen.-Michael-Erik-Kurilla-1.jpg?ve=1&amp;tl=1, https:\/\/a57.foxnews.com\/static.foxnews.com\/foxnews.com\/content\/uploads\/2024\/09\/1862\/1046\/Gen.-Michael-Erik-Kurilla-1.jpg?ve=1&amp;tl=1 2x\" height=\"523\" width=\"931\"><source media=\"(min-width: 1280px)\" srcset=\"https:\/\/a57.foxnews.com\/static.foxnews.com\/foxnews.com\/content\/uploads\/2024\/09\/720\/405\/Gen.-Michael-Erik-Kurilla-1.jpg?ve=1&amp;tl=1, https:\/\/a57.foxnews.com\/static.foxnews.com\/foxnews.com\/content\/uploads\/2024\/09\/1440\/810\/Gen.-Michael-Erik-Kurilla-1.jpg?ve=1&amp;tl=1 2x\" height=\"405\" width=\"720\"><img loading=\"lazy\" decoding=\"async\" src=\"https:\/\/a57.foxnews.com\/static.foxnews.com\/foxnews.com\/content\/uploads\/2024\/09\/1200\/675\/Gen.-Michael-Erik-Kurilla-1.jpg?ve=1&amp;tl=1\" alt=\"Michael Kurilla\" width=\"1200\" height=\"675\"\/><\/source><\/source><\/source><\/source><\/picture><\/div>\n<div class=\"info\">\n<div class=\"caption\">\n<p><span>El general Michael Kurilla, comandante general del Comando Central de los Estados Unidos, se dirige a los asistentes durante el D\u00eda del Ej\u00e9rcito en Camp Buehring, Kuwait, 19 de mayo de 2023.<\/span> <span>(Foto del Ej\u00e9rcito de EE. UU. Por el sargento del personal Latasha Price)<\/span><\/p>\n<\/div>\n<\/div>\n<\/div>\n<p><strong><u>Haga clic aqu\u00ed para obtener la aplicaci\u00f3n Fox News<\/u><\/strong><\/p>\n<p>El centro dijo que Hurras al-Din \u00abdefiende los ataques contra Occidente e Israel para expulsar la influencia extranjera de las tierras musulmanas, y busca establecer las condiciones necesarias para formar un nuevo califato a trav\u00e9s del Levante y el Medio Oriente m\u00e1s amplio\u00bb.<\/p>\n<p>\u00abHurras al-Din mantiene el acceso a varios miembros de Al Qa&#8217;ida desde hace mucho tiempo que podr\u00edan permitir al grupo representar una amenaza para nosotros y otros intereses occidentales fuera de Siria, a pesar de su debilitado estado despu\u00e9s de sucesivas p\u00e9rdidas de personal desde 2019 que han eliminado muchos de los l\u00edderes veteranos del grupo \u00ab, dijo el centro.<\/p>\n<p> <!----> <\/div>\n\n","protected":false},"excerpt":{"rendered":"<p>El presidente Donald Trump felicit\u00f3 a las fuerzas estadounidenses luego de un ataque a\u00e9reo durante el fin de semana que atac\u00f3 a un funcionario de Hurras al-Din, un afiliado de Al-Qaeda, en Siria. \u00abLas fuerzas estadounidenses realizaron un ataque a\u00e9reo de precisi\u00f3n contra un miembro de Al-Qaeda en Siria este fin de semana\u00bb, escribi\u00f3 Trump &hellip;<\/p>\n","protected":false},"author":1,"featured_media":15194,"comment_status":"open","ping_status":"open","sticky":false,"template":"","format":"standard","meta":{"fifu_image_url":"https:\/\/static.foxnews.com\/foxnews.com\/content\/uploads\/2025\/02\/donald-trump-signing-eo.jpg","fifu_image_alt":"","footnotes":""},"categories":[13],"tags":[],"class_list":["post-15192","post","type-post","status-publish","format-standard","has-post-thumbnail","","category-mundo"],"_links":{"self":[{"href":"https:\/\/noticiasveraces.com\/index.php?rest_route=\/wp\/v2\/posts\/15192","targetHints":{"allow":["GET"]}}],"collection":[{"href":"https:\/\/noticiasveraces.com\/index.php?rest_route=\/wp\/v2\/posts"}],"about":[{"href":"https:\/\/noticiasveraces.com\/index.php?rest_route=\/wp\/v2\/types\/post"}],"author":[{"embeddable":true,"href":"https:\/\/noticiasveraces.com\/index.php?rest_route=\/wp\/v2\/users\/1"}],"replies":[{"embeddable":true,"href":"https:\/\/noticiasveraces.com\/index.php?rest_route=%2Fwp%2Fv2%2Fcomments&post=15192"}],"version-history":[{"count":0,"href":"https:\/\/noticiasveraces.com\/index.php?rest_route=\/wp\/v2\/posts\/15192\/revisions"}],"wp:featuredmedia":[{"embeddable":true,"href":"https:\/\/noticiasveraces.com\/index.php?rest_route=\/wp\/v2\/media\/15194"}],"wp:attachment":[{"href":"https:\/\/noticiasveraces.com\/index.php?rest_route=%2Fwp%2Fv2%2Fmedia&parent=15192"}],"wp:term":[{"taxonomy":"category","embeddable":true,"href":"https:\/\/noticiasveraces.com\/index.php?rest_route=%2Fwp%2Fv2%2Fcategories&post=15192"},{"taxonomy":"post_tag","embeddable":true,"href":"https:\/\/noticiasveraces.com\/index.php?rest_route=%2Fwp%2Fv2%2Ftags&post=15192"}],"curies":[{"name":"wp","href":"https:\/\/api.w.org\/{rel}","templated":true}]}}