{"id":15183,"date":"2025-02-18T04:59:30","date_gmt":"2025-02-18T08:59:30","guid":{"rendered":"https:\/\/noticiasveraces.com\/?p=15183"},"modified":"2025-02-18T04:59:30","modified_gmt":"2025-02-18T08:59:30","slug":"deseamos-mostrar-nuestra-mas-absoluta-repulsa","status":"publish","type":"post","link":"https:\/\/noticiasveraces.com\/?p=15183","title":{"rendered":"\u00abDeseamos Mostrar Nuestra M\u00e1s Absoluta repulsa\u00bb"},"content":{"rendered":"<p> \n<\/p>\n<div id=\"intext\">\n<p>El arbitraje espa\u00f1ol emiti\u00f3 anoche un comunicado condenando los \u00abataques y amenaza\u00bb en redes sociales a <b>Jos\u00e9 Luis Munuera Montero<\/b>Colegiado del <b>Osasuna-Real Madrid<\/b>. Un Trav\u00e9s de Un Comunicado, Publicado en la P\u00e1gina Web de la Real Federaci\u00f3n Espa\u00f1ola de f\u00fatbol (Rfef), Los \u00c1rbitros Profesionales, Espa\u00f1oles Han Mostrado Su \u00abM\u00c1S Absoluta repulsa a Los Ataques y Amenaza\u00bb Al Colegiado Andaluz Tras SU Actuaci\u00f3n.<\/p>\n<p>\u00abLos \u00c1rbitros y \u00c1rbitras Profesionales <b>Deseamos Mostrar Nuestra M\u00e1s Absoluta Repulsa A Los Ataques y Amenaza que nuestro Compa\u00f1ero Jos\u00e9 Luis Munuero Montero Est\u00e1 RecibiDo A Trav\u00e9s de Las Redes Sociales<\/b> y Que le Afectan Tanto a la personalme de la personalidad A SU ENTORNO Familiar \u00ab, Reza El Comunicado Arbitral.<\/p>\n<p>\u00abUnos Ataques Que se Suman al Odio y Violencia Conl Con el Que Cada Fin de Semana TenemosS Desempe\u00f1a Nuestro Trabajo Profesional Y Que en Las Categor\u00edas de Base Llega A Convertirse, de Forma a\u00dan M\u00e1s Lamentable, En Valivencia F\u00edsica en Muchos M\u00e1s Casos\u00bb, \u00ab,\u00bb, \u00ab,\u00bb, \u00ab,\u00bb, \u00ab,\u00bb, \u00ab,\u00bb, \u00ab,\u00bb, Denuncian Los \u00c1rbitros y \u00c1rbitras Profesionales.<\/p>\n<p>Una delegaci\u00f3 del Real Madrid <b>Estuvo Este Lunes<\/b> en la Sede del Comit\u00e9 T\u00e9cnico de \u00c1rbitros (CTA), Donde se Reunieron Con Luis Medina Cantalejo, Presidente del Cta, Quien Les Mostr\u00f3 los Audios de la Jugada de Carlos Romero Con Kylian Mbapp\u00e9 en Cornell\u00e1.<\/p>\n<h2 class=\"title-h2\">Ancelotti y Carvajal, Cr\u00edtos con las decisiones de Jos\u00e9 Luis Munuera Montero<\/h2>\n<p>Tras el Partido del S\u00e1bado en El Sadar (1-1), El Real Madrid <b>SE Quej\u00f3<\/b> Tras ver que el var no intervino en ninguna de lasces en las que Pidieron Penalti, Junto a la expulsi\u00f3n del ingl\u00e9s Jude Bellingham, Dos Acciones Con Mano, de Catena y Juan Cruz, y un Derribo a Vin\u00cdcius.<\/p>\n<p>\u00abNo ha entendido bien ingl\u00e9s porque ha dicho &#8216;joder fuera&#8217;, no &#8216;joder&#8217; y se ha equ\u00edvoco porque la traducci\u00f3ns es no me jodas. No es algo ofensivo. Bellingham Hoy no ha hecho nada para ser expulsado. Se ha eEc\u00f3cico en La traducci\u00f3n y nada m\u00e1s. <b>Carlo Ancelotti<\/b>.<\/p>\n<p>\u00abHan Pasado Cosas en Estos Tres \u00daltimos Partidos que Han Visto Todos y No Tengo Ganas de A\u00f1adir M\u00e1s Porque Quiero Estar En El Banquillo El PR\u00d3XO Ten\u00eda que pasar. .<\/p>\n<p><b>Dani Carvajal<\/b>Lesi\u00f3n de Gravedad en la Rodilla, SE Mostr\u00f3 Ir\u00f3nico Tras la expulsi\u00f3n por Roja Directa A Jude Bellingham. El Lateral de Legan\u00e9s Public\u00f3 una Historia en Instagram Con la Frase \u00abHoy Ha ToCado Expulsi\u00f3n\u00bb Y Varios emojis de Caras Pensacivas e Ir\u00f3nicas.<\/p>\n<p><i>S\u00edguenos en nuestro canal de whatsapp y no te Pierdas la \u00daLtima Hora y Toda la actualidad de antena3noticias.com<\/i><\/p>\n<div class=\"recirculation-video\" data-mod=\"a3mod_recirculation_video\">\n<div class=\"recirculation-video-wrapper\">\n<div>\n<div class=\"video-wrapper\">\n  <picture class=\"video-main-picture\"><source media=\"(min-width: 481px)\" srcset=\"https:\/\/fotografias.antena3.com\/clipping\/cmsimages02\/2025\/01\/26\/751E4831-E90E-4F0D-A5F1-517FBCE45785\/jannik-sinner-celebra-titulo-rod-laver-arena_94.jpg?crop=2326,1308,x0,y172&amp;width=800&amp;height=450&amp;optimize=medium&amp;format=webply\" width=\"800\" height=\"450\"><source media=\"(min-width: 391px) and (max-width: 480px)\" srcset=\"https:\/\/fotografias.antena3.com\/clipping\/cmsimages02\/2025\/01\/26\/751E4831-E90E-4F0D-A5F1-517FBCE45785\/jannik-sinner-celebra-titulo-rod-laver-arena_70.jpg?crop=2326,1308,x0,y172&amp;width=480&amp;height=270&amp;optimize=high&amp;format=webply\" width=\"480\" height=\"270\"><source media=\"(min-width: 321px) and (max-width: 390px)\" srcset=\"https:\/\/fotografias.antena3.com\/clipping\/cmsimages02\/2025\/01\/26\/751E4831-E90E-4F0D-A5F1-517FBCE45785\/jannik-sinner-celebra-titulo-rod-laver-arena_92.jpg?crop=2326,1306,x0,y173&amp;width=390&amp;height=219&amp;optimize=high&amp;format=webply\" width=\"390\" height=\"219\"><source media=\"(max-width: 320px)\" srcset=\"https:\/\/fotografias.antena3.com\/clipping\/cmsimages02\/2025\/01\/26\/751E4831-E90E-4F0D-A5F1-517FBCE45785\/jannik-sinner-celebra-titulo-rod-laver-arena_52.jpg?crop=2326,1308,x0,y172&amp;width=320&amp;height=180&amp;optimize=high&amp;format=webply\" width=\"320\" height=\"180\"><img decoding=\"async\" title=\"Jannik Sinner Celebra El Titulo en La Rod Laver Arena\" alt=\"Jannik Sinner Celebra El Titulo en La Rod Laver Arena\" width=\"480\" height=\"270\" src=\"https:\/\/fotografias.antena3.com\/clipping\/cmsimages02\/2025\/01\/26\/751E4831-E90E-4F0D-A5F1-517FBCE45785\/jannik-sinner-celebra-titulo-rod-laver-arena_70.jpg?crop=2326,1308,x0,y172&amp;width=480&amp;height=270&amp;optimize=high&amp;format=webply\" loading=\"lazy\" class=\"lazy\"\/><br \/>\n  <\/source><\/source><\/source><\/source><\/picture>\n <\/div>\n<\/div><\/div>\n<\/p><\/div>\n<\/div>\n\n","protected":false},"excerpt":{"rendered":"<p>El arbitraje espa\u00f1ol emiti\u00f3 anoche un comunicado condenando los \u00abataques y amenaza\u00bb en redes sociales a Jos\u00e9 Luis Munuera MonteroColegiado del Osasuna-Real Madrid. Un Trav\u00e9s de Un Comunicado, Publicado en la P\u00e1gina Web de la Real Federaci\u00f3n Espa\u00f1ola de f\u00fatbol (Rfef), Los \u00c1rbitros Profesionales, Espa\u00f1oles Han Mostrado Su \u00abM\u00c1S Absoluta repulsa a Los Ataques y &hellip;<\/p>\n","protected":false},"author":1,"featured_media":15185,"comment_status":"open","ping_status":"open","sticky":false,"template":"","format":"standard","meta":{"fifu_image_url":"https:\/\/fotografias.antena3.com\/clipping\/cmsimages01\/2025\/02\/18\/F5BD9013-F40F-452F-A336-41C2ED3CE6B0\/munuera-montero-habla-jugadores-real-madrid_69.jpg?crop=1831,1030,x0,y0&width=1280&height=720&optimize=low&format=jpg","fifu_image_alt":"","footnotes":""},"categories":[6],"tags":[],"class_list":["post-15183","post","type-post","status-publish","format-standard","has-post-thumbnail","","category-deportes"],"_links":{"self":[{"href":"https:\/\/noticiasveraces.com\/index.php?rest_route=\/wp\/v2\/posts\/15183","targetHints":{"allow":["GET"]}}],"collection":[{"href":"https:\/\/noticiasveraces.com\/index.php?rest_route=\/wp\/v2\/posts"}],"about":[{"href":"https:\/\/noticiasveraces.com\/index.php?rest_route=\/wp\/v2\/types\/post"}],"author":[{"embeddable":true,"href":"https:\/\/noticiasveraces.com\/index.php?rest_route=\/wp\/v2\/users\/1"}],"replies":[{"embeddable":true,"href":"https:\/\/noticiasveraces.com\/index.php?rest_route=%2Fwp%2Fv2%2Fcomments&post=15183"}],"version-history":[{"count":0,"href":"https:\/\/noticiasveraces.com\/index.php?rest_route=\/wp\/v2\/posts\/15183\/revisions"}],"wp:featuredmedia":[{"embeddable":true,"href":"https:\/\/noticiasveraces.com\/index.php?rest_route=\/wp\/v2\/media\/15185"}],"wp:attachment":[{"href":"https:\/\/noticiasveraces.com\/index.php?rest_route=%2Fwp%2Fv2%2Fmedia&parent=15183"}],"wp:term":[{"taxonomy":"category","embeddable":true,"href":"https:\/\/noticiasveraces.com\/index.php?rest_route=%2Fwp%2Fv2%2Fcategories&post=15183"},{"taxonomy":"post_tag","embeddable":true,"href":"https:\/\/noticiasveraces.com\/index.php?rest_route=%2Fwp%2Fv2%2Ftags&post=15183"}],"curies":[{"name":"wp","href":"https:\/\/api.w.org\/{rel}","templated":true}]}}