{"id":15177,"date":"2025-02-18T03:38:27","date_gmt":"2025-02-18T07:38:27","guid":{"rendered":"https:\/\/noticiasveraces.com\/?p=15177"},"modified":"2025-02-18T03:38:27","modified_gmt":"2025-02-18T07:38:27","slug":"muere-la-cantante-mexicana-paquita-la-del-barrio-dw-17-02-2025","status":"publish","type":"post","link":"https:\/\/noticiasveraces.com\/?p=15177","title":{"rendered":"Muere la Cantante mexicana Paquita la del Barrio &#8211; DW &#8211; 17\/02\/2025"},"content":{"rendered":"<p> \n<\/p>\n<div>\n<p>La Cantante mexicana Francisca Viveros Barradas, Mejor Conocida como paquita la del barrio y por su canci\u00f3n <em>Rata de dos patas<\/em>Falleci\u00f3 Este Lunes (17.02.2025) A Los 77 A\u00f1os de Edad, Anunci\u00f3 Un Comunicado Oficial Publicado Por la Familia de la Artista.<\/p>\n<p>\u00abCon Profundo Dolor y Tristega, Confirman El Fallecimiento de Nuestra Querida Paquita la del Barrio en Su Hogar en Veracruz, Sido una Artista \u00danica e Irrepetible Que nos dejar\u00e1 una Huella imborrable en El Coraz\u00f3n de ToDos los Que la Conocimos yeSfrutamos\u00bb , expres\u00f3.<\/p>\n<p>La Familia no Detall\u00f3 las Causas del deceso de la artista, que naci\u00f3 el 2 de Abril de 1947 en el oriental estado de veracruz y es una de las cantantes m\u00e1s emblemartas del g\u00e9nero regional en M\u00e9xico.<\/p>\n<blockquote class=\"instagram embed\" data-href=\"https:\/\/www.instagram.com\/p\/DGLiADoOo17\/?igsh=MW0zODB6c2p5cDdmbA%3D%3D\"\/>\n<p>La Int\u00e9lPrete Alcanz\u00f3 Su Alcalde Fama Internacional Con <em>Rata de dos patas<\/em>que se estren\u00f3 en el A\u00f1o 2000 y que se convirti\u00f3 en \u00edcono para las Mujeres.<\/p>\n<p>Otros \u00e9xitos en su Carrera, Que Comenz\u00f3 en 1970, incluyen <em>Tres Veces te Enga\u00f1\u00e9<\/em>, <em>El Consejo<\/em>, <em>Me saludas a la Tuya<\/em> Y <em>Las Mujeres Mandan<\/em>Entre Otras.<\/p>\n<p>Paquita la del Del Barrio Recibio Un Premio A La Trayectoria Art\u00edtica de los Billboard de la M\u00fasica Latina Que se Realiz\u00f3 en 2021 en Miami, Donde Reconocieron sus \u00abContribuciones Art\u00ednsticas y Personales Que Han Marcar el Desarrollo de la M\u00fasica Latina En El Mundo\u00bb.<\/p>\n<p>RR (Efe\/El Universal)<\/p>\n<\/div>\n<p><script async src=\"\/\/www.instagram.com\/embed.js\"><\/script><br \/>\n<br \/>\n","protected":false},"excerpt":{"rendered":"<p>La Cantante mexicana Francisca Viveros Barradas, Mejor Conocida como paquita la del barrio y por su canci\u00f3n Rata de dos patasFalleci\u00f3 Este Lunes (17.02.2025) A Los 77 A\u00f1os de Edad, Anunci\u00f3 Un Comunicado Oficial Publicado Por la Familia de la Artista. \u00abCon Profundo Dolor y Tristega, Confirman El Fallecimiento de Nuestra Querida Paquita la del &hellip;<\/p>\n","protected":false},"author":1,"featured_media":15178,"comment_status":"open","ping_status":"open","sticky":false,"template":"","format":"standard","meta":{"fifu_image_url":"https:\/\/static.dw.com\/image\/57729045_6.jpg","fifu_image_alt":"","footnotes":""},"categories":[13],"tags":[],"class_list":["post-15177","post","type-post","status-publish","format-standard","has-post-thumbnail","","category-mundo"],"_links":{"self":[{"href":"https:\/\/noticiasveraces.com\/index.php?rest_route=\/wp\/v2\/posts\/15177","targetHints":{"allow":["GET"]}}],"collection":[{"href":"https:\/\/noticiasveraces.com\/index.php?rest_route=\/wp\/v2\/posts"}],"about":[{"href":"https:\/\/noticiasveraces.com\/index.php?rest_route=\/wp\/v2\/types\/post"}],"author":[{"embeddable":true,"href":"https:\/\/noticiasveraces.com\/index.php?rest_route=\/wp\/v2\/users\/1"}],"replies":[{"embeddable":true,"href":"https:\/\/noticiasveraces.com\/index.php?rest_route=%2Fwp%2Fv2%2Fcomments&post=15177"}],"version-history":[{"count":0,"href":"https:\/\/noticiasveraces.com\/index.php?rest_route=\/wp\/v2\/posts\/15177\/revisions"}],"wp:featuredmedia":[{"embeddable":true,"href":"https:\/\/noticiasveraces.com\/index.php?rest_route=\/wp\/v2\/media\/15178"}],"wp:attachment":[{"href":"https:\/\/noticiasveraces.com\/index.php?rest_route=%2Fwp%2Fv2%2Fmedia&parent=15177"}],"wp:term":[{"taxonomy":"category","embeddable":true,"href":"https:\/\/noticiasveraces.com\/index.php?rest_route=%2Fwp%2Fv2%2Fcategories&post=15177"},{"taxonomy":"post_tag","embeddable":true,"href":"https:\/\/noticiasveraces.com\/index.php?rest_route=%2Fwp%2Fv2%2Ftags&post=15177"}],"curies":[{"name":"wp","href":"https:\/\/api.w.org\/{rel}","templated":true}]}}