{"id":15163,"date":"2025-02-18T02:35:11","date_gmt":"2025-02-18T06:35:11","guid":{"rendered":"https:\/\/noticiasveraces.com\/?p=15163"},"modified":"2025-02-18T02:35:11","modified_gmt":"2025-02-18T06:35:11","slug":"puede-china-llenar-el-vacio-que-deja-estados-unidos-dw-17-02-2025","status":"publish","type":"post","link":"https:\/\/noticiasveraces.com\/?p=15163","title":{"rendered":"\u00bfPuede China llenar el vac\u00edo que deja estados unidos? &#8211; DW &#8211; 17\/02\/2025"},"content":{"rendered":"<p> \n<\/p>\n<div>\n<p>La participaci\u00f3n del vicepresidente Estadounidense, Jd Vance, en la Conferencia de Seguridad de M\u00fanich de Este A\u00f1o Ha Suscitado Gran Inter\u00e9s, Especialmental Entre Los Jefes de Estado y de Gobierno Europeos. SE Esperaba Con Gran Expectaci\u00f3n Su Discurso.<\/p>\n<p>Europa Quer\u00eda Entender Cu\u00e1l es la Postura de la Nueva Administraci\u00f3n Estadounidense Conpe Respeto A Las Relaciones Transatl\u00e1nnticas. Desde El Remeso de Donald Trump a la Casa Blanca, Hay Nerviosismo en Europa. Y Esa sensaci\u00f3n de incertidumbre se notaba claramete en la conferencia.<\/p>\n<p>El Discurso de Vance en la conferencia de Seguridad de M\u00fanich del Viernes (14.2.2025) No contribuye a un calmar Los \u00c1nimos. TODO Lo Contrario. Su Dura Cr\u00edtica A Europa Enfad\u00f3 a muchos participantes.<\/p>\n<p>El Ministro de Exteriores Chino, Wang Yi, Tambi\u00e9n Estuvo presente en el Encuentro en M\u00fanich. Wang yi se dirigi\u00f3 a Los Europeos Con Tono Conciliador y Amable. China considera una europa un socio y no rival, dijo. Ofreci\u00f3 desempe\u00f1a un \u00abPapel Constructivo\u00bb en las conversaciones de Paz Entre Ucrania y Rusia.<\/p>\n<p>En su Reuni\u00f3n Con el Canciller Alem\u00e1n, Olaf Scholz, Wang Yi Asegun\u00f3 que China Est\u00e1 Est\u00e1 A Profundizar en Las \u00abAmplias relaciones estrat\u00e9gicas\u00bb Con Alemania para Mantener la Paz y la Estabilidad Globales.<\/p>\n<h2>Una Oportunidad para China<\/h2>\n<p>El Presidente Estadounidense, Donald Trump, Amenaza con Contronlear La Otan Porque, en su opini\u00f3n, otros pa\u00edses no contribuyen lo suficiente a la alianza Militar Com\u00fan. POCO DESPU\u00c9S DE SU TUMA DE POSESIO, INTRODUJO NUMEROSOS ARANCELES Punitivos. Adem\u00e1s, Estados Unidos se ha retirado del Acuerdo Clim\u00f3s de Par\u00eds y de la Organizaci\u00f3n Mundial de la Salud (OMS).<\/p>\n<p>Por ootro -lado, La Agencia de Los Estados Unidos para el Desarrollo Internacional (USAID) Ha Sido Objeto de Una Reestructura Masiva y Podr\u00eda Ser Disuelta. Y China Parece Estar Cada Vez M\u00e1s Activa A Nivel Global. \u00bfQuiere Pek\u00edn Reemplazar un actor de Washington como Global?<\/p>\n<figure class=\"placeholder-image master_landscape big\"><img data-format=\"MASTER_LANDSCAPE\" data-id=\"71614452\" data-url=\"https:\/\/static.dw.com\/image\/71614452_${formatId}.jpg\" data-aspect-ratio=\"16\/9\" alt=\"Wang yi habla en la conferencia de seguridad de M\u00fanich.\" style=\"padding-bottom: 56.25%; height: 0; max-height: 0;\"\/><figcaption class=\"img-caption\">El Ministro de Exteriores de China, Wang Yi, en la conferencia de Seguridad de M\u00fanich.<small class=\"copyright\">Imagen: Boris Roessler\/DPA\/Picture Alliance<\/small><\/figcaption><\/figure>\n<p>\u00abPara m\u00ed, no hay duda duda de que China, como emergente de potencia, quiere ser juyo lo que pueda lllegar a ser\u00bb, dados un dw graham Allison, Polit\u00f3logo de la Universidad de Harvard y Experto en China. \u00abSi Estados unidos se retira retira de Acuerdos Comerciales, Los Pa\u00edses que Quieran Acuerdos Comerciales para Creces Econ\u00f3lamicamento, Como China, Llenar\u00e1n Este Vac\u00edo \u201d.<\/p>\n<p>Allison Subraya que Ser\u00eda Benicioso para China si Trump abandona otras instituciones internacionales. \u00abEl Presidente Chino Xi Jinping Aprovechar\u00e1 Cualquier Oportunidad. Si Estados Unidos Desperdicia Suscasiones, Ser\u00e1 M\u00e1s F\u00e1cil para Pek\u00edn tener \u00c9xito un Nivel Internacional\u00bb.<\/p>\n<h2>\u00bfPueden Acercarse Europa y China?<\/h2>\n<p>China ha invertido muchos en muchas partes del Mundo, Sobre Toda en Asia y \u00c1frica, y Ha auminado Su Influencia en Estas Regions en Las \u00daltimas D\u00e9cadas. Ya mar en afganist\u00e1n o en oriente medio, china utiliza su influencia para mediar entre las partes en conflicto y acabar consiguiente un apret\u00f3n de manos. As\u00ed, en 2023, Arabia Saud\u00ed e Ir\u00e1n, rivaliza en entre s\u00ed, reanudaron sus relaciones diplom\u00e1ticos tras siete a\u00f1os.<\/p>\n<p>Yao Yang, Director del Centro de Investigaci\u00f3n Econ\u00f3mica (CCER) de la Universidad de Pek\u00edn, dados A dw que europa Debe seguir una pol\u00edtica China Independientes de Washington, relaciones del establecimiento de Si Quiere m\u00e1s estrechas.<\/p>\n<p>\u00abSi Estados Unidos se Ocupa Principal de SUNNTOS INTEROS, EUROPA DEBER\u00cdA HACER LO MISMO\u00bb, Afirma Yao \u00ab. Existe un enorme espacio para la cooperaci\u00f3n entr\u00e9 china y europa \u201d.<\/p>\n<p><span data-slot-id=\"Article_InContent-1\" class=\"rich-text-ad\"\/><\/p>\n<h2>La proximidad de China una rusia<\/h2>\n<p>LAS Estrechas Relaciones de China Con Rusia Podr\u00eda Suponer Un obst\u00e1culo en Estido Sentido. Pek\u00edn Ha Acogido Recientse La Iniciativa de Trump de Tender la Mano A Su Hom\u00f3logo Ruso, Vladimir Putin, Para Poner Fin a la Guerra en Ucrania. \u00abChina Quiere Presentscarse Como un Pacificador, Demostrar que se opone a Las Guerras y Que Quiere participar en su resoluci\u00f3n\u00bb, Destaca el Polit\u00f3logo Allison.<\/p>\n<p>Yao Cree Que el Fin de la Guerra Rusa en Ucrania redunda en inter\u00e9s Econ\u00f3mico de China. \u00abComercia de China Tanto Con Rusia como Concrania. Por Lo Tanto, Pek\u00edn, Definitivamento, Abogar\u00eda por la Paz en Esta Regi\u00f3n\u00bb.<\/p>\n<p>El Ministro de Exteriores Chino Wang Yi Asegur\u00f3 a Los Jefes de Estado de Gobierno Europeos en M\u00fanich Que China es un pa\u00eds en el que se pude confiar y Que la Paz en Ucrania puede Lograrse Si Todas las l\u00e1s , incluida Europa.<\/p>\n<p>(GG\/MS)<\/p>\n<\/div>\n\n","protected":false},"excerpt":{"rendered":"<p>La participaci\u00f3n del vicepresidente Estadounidense, Jd Vance, en la Conferencia de Seguridad de M\u00fanich de Este A\u00f1o Ha Suscitado Gran Inter\u00e9s, Especialmental Entre Los Jefes de Estado y de Gobierno Europeos. SE Esperaba Con Gran Expectaci\u00f3n Su Discurso. Europa Quer\u00eda Entender Cu\u00e1l es la Postura de la Nueva Administraci\u00f3n Estadounidense Conpe Respeto A Las Relaciones &hellip;<\/p>\n","protected":false},"author":1,"featured_media":15164,"comment_status":"open","ping_status":"open","sticky":false,"template":"","format":"standard","meta":{"fifu_image_url":"https:\/\/static.dw.com\/image\/71622731_6.jpg","fifu_image_alt":"","footnotes":""},"categories":[13],"tags":[],"class_list":["post-15163","post","type-post","status-publish","format-standard","has-post-thumbnail","","category-mundo"],"_links":{"self":[{"href":"https:\/\/noticiasveraces.com\/index.php?rest_route=\/wp\/v2\/posts\/15163","targetHints":{"allow":["GET"]}}],"collection":[{"href":"https:\/\/noticiasveraces.com\/index.php?rest_route=\/wp\/v2\/posts"}],"about":[{"href":"https:\/\/noticiasveraces.com\/index.php?rest_route=\/wp\/v2\/types\/post"}],"author":[{"embeddable":true,"href":"https:\/\/noticiasveraces.com\/index.php?rest_route=\/wp\/v2\/users\/1"}],"replies":[{"embeddable":true,"href":"https:\/\/noticiasveraces.com\/index.php?rest_route=%2Fwp%2Fv2%2Fcomments&post=15163"}],"version-history":[{"count":0,"href":"https:\/\/noticiasveraces.com\/index.php?rest_route=\/wp\/v2\/posts\/15163\/revisions"}],"wp:featuredmedia":[{"embeddable":true,"href":"https:\/\/noticiasveraces.com\/index.php?rest_route=\/wp\/v2\/media\/15164"}],"wp:attachment":[{"href":"https:\/\/noticiasveraces.com\/index.php?rest_route=%2Fwp%2Fv2%2Fmedia&parent=15163"}],"wp:term":[{"taxonomy":"category","embeddable":true,"href":"https:\/\/noticiasveraces.com\/index.php?rest_route=%2Fwp%2Fv2%2Fcategories&post=15163"},{"taxonomy":"post_tag","embeddable":true,"href":"https:\/\/noticiasveraces.com\/index.php?rest_route=%2Fwp%2Fv2%2Ftags&post=15163"}],"curies":[{"name":"wp","href":"https:\/\/api.w.org\/{rel}","templated":true}]}}