{"id":15141,"date":"2025-02-17T21:27:06","date_gmt":"2025-02-18T01:27:06","guid":{"rendered":"https:\/\/noticiasveraces.com\/?p=15141"},"modified":"2025-02-17T21:27:06","modified_gmt":"2025-02-18T01:27:06","slug":"europa-masestra-una-debil-unidad-ante-nueva-fase-con-trump-dw-18-02-2025","status":"publish","type":"post","link":"https:\/\/noticiasveraces.com\/?p=15141","title":{"rendered":"Europa MaSestra una D\u00e9bil Unidad Ante \u00abNueva Fase\u00bb Con Trump &#8211; DW &#8211; 18\/02\/2025"},"content":{"rendered":"<p> \n<\/p>\n<div>\n<p>Una decena de dirigentes europeos intentaron superar sus diferencias en una reuni\u00f3n de crisis SOBRE UCRANIA ESTE LUNES Mantenimiento de la Paz.<\/p>\n<p>Una decena de dirigentes de la ue y de la otan se comeieron este lunes en par\u00eds para mostrar un frente unido ante el giro de la pol\u00edtica de Estados unidos en la guerra en Ucrania, pero eventual env\u00edo de tropas de Paz caus\u00f3 discretias.<\/p>\n<h2>Temen AcUerdo Excuyente Rusia-ee.uu.<\/h2>\n<p>Los dirigentes Europeos Temen que Trump Selle un Acuerdo Con rusia en Unas conversaciones que excluyan a Ucrania y la uni\u00f3n europea.<\/p>\n<p>La administraci\u00f3n de la Trump deJ\u00f3 Claro Durante la Conferencia de Seguridad de M\u00fanich Que Europa No Tenderr\u00e1 Lugar en la Mesa de Negociaci\u00f3n Entre Ucrania y Rusia, lo que ha ha molestado en las capitales europeas.<\/p>\n<p>Trump, que prometi\u00f3 en Campa\u00f1a Poner Fin a la Guerra de Ucrania, Llam\u00f3 la semana pasada a su hom\u00f3logo Ruso, Vladimir Putin, y Luego al Ucraniano, Volodimir Zelenski, Para Abordar el Fin de la Guerrer.<\/p>\n<p>El Plan de Estados Unidos Prev\u00e9 que Ucrania desista de Enterar en la otan y ACte la anexi\u00f3n a Rusia de Una parte de los territorios Ocupados.<\/p>\n<p><span data-slot-id=\"Article_InContent-1\" class=\"rich-text-ad\"\/><\/p>\n<h2>Env\u00edo de Tropas, un tema d\u00edficil<\/h2>\n<p>Durante la Reuni\u00f3n a la Que Asistieron Los Jefes de Gobierno de Alemania, Reino Unido, Italia, Polonia, Espa\u00f1a, Pa\u00edses Bajos y Dinamarca, La Idea de Enviar Tropas a Ucrania, incluso en un futuro para Garantizar Un un Alto el Feicciones.<\/p>\n<p>El Jefe del Gobierno Saliente de Alemania, Olaf Scholz Declar\u00f3 a la Salida de la Reuni\u00f3n que el debate es \u00abAltamete inapropiado\u00bb y \u00abprematuro\u00bb, desesperado que el Primer Ministro Ministro Brit\u00e1n, Keir Starmer, Anunciara el Domingo Estar \u00abPreparado\u00bb P\u00e1rrico \u00abDesplazar Terplazar Terplazar Terplazar Terplazar Terplazar Terplazar Terplazar Terplazar Terplazar Terplazar Traparas Del Reino Unido A Ucrania.<\/p>\n<p>El Ministro de Relaciones Exteriores Espa\u00f1ol, Jos\u00e9 Manuel Albares, Estim\u00f3 A Su Vez que \u00abEs Muy Incipiente\u00bb Hablar del Env\u00edo de Tropas A Ucrania. \u00abEn Estos Momentos no hay Paz, y El Esfuerzo Tiene que ser Lograrla lo Antes posibles\u00bb, Afirm\u00f3.<\/p>\n<p>Tambi\u00e9n Acudieron El Presidente del Consejo Europa, LA Presidente de la Comisi\u00f3n Europea y El Secretario General de La Otan.<\/p>\n<p>La Presidente de la Comisi\u00f3n, Europea, Ursula von der Leyen, Defendi\u00f3 Que \u00abUcrania Merece la Paz A Trav\u00e9s de la Fortaleza\u00bb y que se debe Lograrse \u00abRespetando Su Independencia, Soberan\u00eda e Integridad Territorial, Con S\u00f3lida Garant\u00edas de Segurido\u00bb.<\/p>\n<p>El Jefe de la Otan, Mark Rutte, Declar\u00f3 que los Europeos Est\u00e1n \u00abdisputos y preparados\u00bb. \u00abHabr\u00e1 que decidir los Detless, Pero el Compromiso Est\u00e1 Claro\u00bb, Asegur\u00f3.<\/p>\n<p>GS (AFP, Efe)<\/p>\n<div class=\"vjs-wrapper embed big\">\n<h2 aria-label=\"Video integrado \u2014 Miedo y nerviosismo en Ucrania\" class=\"headline\"><svg xmlns=\"http:\/\/www.w3.org\/2000\/svg\" viewbox=\"0 0 20 20\"><g fill-rule=\"evenodd\"><path d=\"M14.114 7.599H13.5l.002 4.706h.601l4.582 3.25-.005-11.11zM11.084 4.444l-9.007.002-1.336.797.002 9.514 1.334.793 9.007.006 1.509-.799-.004-9.516z\"\/><\/g><\/svg>Miedo y Nerviosismo en Ucrania<\/h2>\n<p><video id=\"video-71644354\" controls=\"\" playsinline=\"\" preload=\"none\" poster=\"data:image\/png;base64,iVBORw0KGgoAAAANSUhEUgAAAAEAAAABCAQAAAC1HAwCAAAAC0lEQVR42mNkYAAAAAYAAjCB0C8AAAAASUVORK5CYII=\" data-id=\"71644354\" data-posterurl=\"https:\/\/tvdownloaddw-a.akamaihd.net\/stills\/images\/js\/js20250217_KYIVREAX05A_image_512x288_3.jpg\" data-duration=\"01:47\"><source src=\"https:\/\/hlsvod.dw.com\/i\/dwtv_video\/flv\/js\/js20250217_KYIVREAX05A_,AVC_480x270,AVC_512x288,AVC_640x360,AVC_960x540,AVC_1280x720,AVC_1920x1080,.mp4.csmil\/master.m3u8\" type=\"application\/x-mpegURL\"><source src=\"https:\/\/tvdownloaddw-a.akamaihd.net\/dwtv_video\/flv\/js\/js20250217_KYIVREAX05A_AVC_1920x1080.mp4\" type=\"video\/mp4\"><p class=\"vjs-no-js\">Para ver este video, habilite JavaScript y considere actualizar a un navegador web que admite el video HTML5<\/p>\n<p><\/source><\/source><\/video><\/div>\n<\/div>\n\n","protected":false},"excerpt":{"rendered":"<p>Una decena de dirigentes europeos intentaron superar sus diferencias en una reuni\u00f3n de crisis SOBRE UCRANIA ESTE LUNES Mantenimiento de la Paz. Una decena de dirigentes de la ue y de la otan se comeieron este lunes en par\u00eds para mostrar un frente unido ante el giro de la pol\u00edtica de Estados unidos en la &hellip;<\/p>\n","protected":false},"author":1,"featured_media":15142,"comment_status":"open","ping_status":"open","sticky":false,"template":"","format":"standard","meta":{"fifu_image_url":"https:\/\/static.dw.com\/image\/71642614_6.jpg","fifu_image_alt":"","footnotes":""},"categories":[13],"tags":[],"class_list":["post-15141","post","type-post","status-publish","format-standard","has-post-thumbnail","","category-mundo"],"_links":{"self":[{"href":"https:\/\/noticiasveraces.com\/index.php?rest_route=\/wp\/v2\/posts\/15141","targetHints":{"allow":["GET"]}}],"collection":[{"href":"https:\/\/noticiasveraces.com\/index.php?rest_route=\/wp\/v2\/posts"}],"about":[{"href":"https:\/\/noticiasveraces.com\/index.php?rest_route=\/wp\/v2\/types\/post"}],"author":[{"embeddable":true,"href":"https:\/\/noticiasveraces.com\/index.php?rest_route=\/wp\/v2\/users\/1"}],"replies":[{"embeddable":true,"href":"https:\/\/noticiasveraces.com\/index.php?rest_route=%2Fwp%2Fv2%2Fcomments&post=15141"}],"version-history":[{"count":0,"href":"https:\/\/noticiasveraces.com\/index.php?rest_route=\/wp\/v2\/posts\/15141\/revisions"}],"wp:featuredmedia":[{"embeddable":true,"href":"https:\/\/noticiasveraces.com\/index.php?rest_route=\/wp\/v2\/media\/15142"}],"wp:attachment":[{"href":"https:\/\/noticiasveraces.com\/index.php?rest_route=%2Fwp%2Fv2%2Fmedia&parent=15141"}],"wp:term":[{"taxonomy":"category","embeddable":true,"href":"https:\/\/noticiasveraces.com\/index.php?rest_route=%2Fwp%2Fv2%2Fcategories&post=15141"},{"taxonomy":"post_tag","embeddable":true,"href":"https:\/\/noticiasveraces.com\/index.php?rest_route=%2Fwp%2Fv2%2Ftags&post=15141"}],"curies":[{"name":"wp","href":"https:\/\/api.w.org\/{rel}","templated":true}]}}