{"id":15131,"date":"2025-02-17T19:24:50","date_gmt":"2025-02-17T23:24:50","guid":{"rendered":"https:\/\/noticiasveraces.com\/?p=15131"},"modified":"2025-02-17T19:24:50","modified_gmt":"2025-02-17T23:24:50","slug":"la-dificil-relacio-de-europa-con-ee-uu-en-la-era-trump-dw-17-02-2025","status":"publish","type":"post","link":"https:\/\/noticiasveraces.com\/?p=15131","title":{"rendered":"La DiF\u00edcil Relaci\u00f3 de Europa Con ee. Uu. en la era Trump &#8211; DW &#8211; 17\/02\/2025"},"content":{"rendered":"<p> \n<\/p>\n<div>\n<p>LAS Relaciones Entre Alemania y Estados Unidos Est\u00e1n Heridas de Gravedad, Al Menos Desde El Pasado Fin de Semana. Christoph Heusgen, Presidente de la Conferencia de Seguridad de M\u00fanich, Afirm\u00f3 Tras el Discurso del Vicepresidente de Ee.uu., Jd Vance, Que se DeBe Temer \u00abQue Nuestra Base Com\u00fan de Valores ya no Tan Com\u00fann\u00bb.<\/p>\n<p>Heusgen Calific\u00f3 la conferencia como \u00abPesadilla europea\u00bb. No Fue solo el Discurso del vicepresidente vance lo que irrit\u00f3 a los pol\u00cdticos alemanes. Vance Acus\u00f3 A Europa de Carecer de Democracia E Inst\u00f3 Indirectamento A Los Partidos Alemanes A Colaborar Con Alternativa Para Alemania (AFD), Un Partido Parcialmento de Extreme Derecha. El Mensaje Fue Claro: La Protecci\u00f3n Militar de Ee.uu. Solo estar\u00e1 Garantizada si los Europeos se alinean Pol\u00edticamento con el Nuevo Gobierno en Washington.<\/p>\n<p><span data-slot-id=\"Article_InContent-1\" class=\"rich-text-ad\"\/><\/p>\n<h2>Negociacionas Sobre Ucrania Sin Ucrania<\/h2>\n<p>OTRA Provoci\u00f3n de la Administraci\u00f3n Estadounidense es Su Enfocque Sobre la Guerra en Ucrania. Cadada Vez Est\u00e1 M\u00e1s Claro que Donald Trump Quiere Negociar la Paz Directamle Con El Presidente Ruso, Vladimir Putin. Aparentemento, Los Europeos Ser\u00e1n Excluidos de Las Negociaciones Entre Ee.UU. Y Rusia, Que Comenzar\u00e1n Esta Semana en Arabia Saudita. \u00abDeben Consultarons, Porque Est No es ES Posible Sin Nosotros\u00bb, Dijo El Canciller Scholz.<\/p>\n<p>Pero ee. Uu. Parece Tener Otra Opini\u00f3n. El General Keith Kellogg, enviado de Trump para rusia y Ucrania, Dej\u00f3 Claro en el programa <em>Zona de conflicto<\/em> de dw que los europeos no participar\u00e1n en las negociaciones y solo podr\u00e1n hacer una \u00abcontribuci\u00f3n\u00bb a\u00fan no especificada. Al Parecer, Este Punto se Refiere Al env\u00edo de Tropas Terrestres para Garantizar la Paz en El Futuro, Mientras que ee.uu. ha descartado desplegar sus propios SOLDADOS EN UCRANIA.<\/p>\n<p>Ucrania Tambi\u00e9n parece Estar Quedando Fuera del Proceso. No Solo Eso: TODO por lo que el Presidente Volodimir Zelenski Ha Luchado Desde el Comienzo de la Guerra, Hace Tres A\u00f1os, Ha Sido Descartado por la Administraci\u00f3n Trump. El Secretario de Defensa de Ee.uu., Pete Hegseth, insinu\u00f3 que Ucrania no recuperar\u00e1 todos sus territorios perdidos ni ser\u00e1 miembro de la otan, sen importar sus fronteras.<\/p>\n<figure class=\"placeholder-image master_landscape big\"><img data-format=\"MASTER_LANDSCAPE\" data-id=\"71626148\" data-url=\"https:\/\/static.dw.com\/image\/71626148_${formatId}.jpg\" data-aspect-ratio=\"16\/9\" alt=\"Keith Kellogg Gesticula\" style=\"padding-bottom: 56.25%; height: 0; max-height: 0;\"\/><figcaption class=\"img-caption\">El General Estadounidense Keith Kellogg, en Entrevista Con Dw.<small class=\"copyright\">Imagen: Ronka Oberhammer\/DW<\/small><\/figcaption><\/figure>\n<p>Ambos Puntos \u2014La restaurante de la integridad territorial de Ucrania y su eventual membres\u00eda en la otan\u2014 Han Sido siempre la base del apoyo alem\u00e1n a kiev.<\/p>\n<p>A ESTO SE SUMAN LAS APRESIDAD IMPERIALISTAS DE TRUMP, inclusi\u00f3n Contra Alios de la Otan: El Mandatario ha expresado Su Deseo de Convertir Canad\u00e1 en un Nuevo Estado de Ee.uu. y de comprar la Isla de Groenlandia, Perteneciente A DiNamarca, O inclusi\u00f3n Anexarla Mediante Presi\u00f3n Militar O Econ\u00f3mica. El Canciller Scholz Tambi\u00e9n Critic\u00f3 Duramme Estas declaraciones.<\/p>\n<p>Por \u00daLTIMO, Las AmaRAZAS de Imponer Aranceles A Los Productos Europeos Afectar\u00eda Gravemente a la econom\u00eda Exportadora de Alemania.<\/p>\n<h2>Merz: \u00abEuropa Debe Adesser\u00bb<\/h2>\n<p>En Pocas Semanas, Trump y Su Equipo Han Asestado Golpe Tras Golpe A Los Europeos, Superando incluso Los Peores Temores en Berl\u00edn.<\/p>\n<p>\u00bfQu\u00e9 significan las relaciones para las transatl\u00e1nticas? El enviado de Trump para ucrania, kellogg, intent\u00f3 matizar la posura estadounidense en <em>Zona de conflicto<\/em> de DW: \u00abDecimos &#8216;Estados Unidos Primero&#8217;, Pero nunca Hemos dicho &#8216;Estados Unidos Solo&#8217;. Nunca Hemos afirmado que seguimos una pol\u00edtica aislacionista\u00bb. <\/p>\n<p>En berl\u00edn y otras capitales europeas crece la conciencia de que europa tenderr\u00e1 arregl\u00e1rselas por s\u00ed Misma en el Futuro. El Canciller Scholz Ya Ha Sacado Sus conclusiones: \u00abDebemos Asegarnos de Que Europa Sea Fuerte, Soberana y Capaz de Afrontars Los Desaf\u00edos del Futuro Con Detetinaci\u00f3n\u00bb, Afirm\u00f3 El Lunes Antes de Una Reuncio de L\u00edderes Europeos en Par\u00eds, en Respuesta al Fiasco Fiasco .<\/p>\n<p>Pero Scholz Ya es Visto Como Canciller de Salida. Su probable Sucesor, Friedrich Merz, Lleva Tiempo Argumentando Que, Si Llega al Poder, Conducir\u00e1 A Alemania de Ser una \u00abPotencia mediana adormecida\u00bb Hasta Convertirse en Una \u00abPotencia mediana L\u00edder\u00bb.<\/p>\n<p>\u00abDebemos Asumir este. Debemos Hacerlo Junto Contros, Con Francia y Polonia. Europa Espera Liderazgo de Alemania y, en una situaci\u00f3n como esta. Europa Debe Se\u00f1or y Asumir la Responsabilidad de Su Propia Seguridad \u00ab.<\/p>\n<p>(GG\/MS)<\/p>\n<\/div>\n\n","protected":false},"excerpt":{"rendered":"<p>LAS Relaciones Entre Alemania y Estados Unidos Est\u00e1n Heridas de Gravedad, Al Menos Desde El Pasado Fin de Semana. Christoph Heusgen, Presidente de la Conferencia de Seguridad de M\u00fanich, Afirm\u00f3 Tras el Discurso del Vicepresidente de Ee.uu., Jd Vance, Que se DeBe Temer \u00abQue Nuestra Base Com\u00fan de Valores ya no Tan Com\u00fann\u00bb. Heusgen Calific\u00f3 &hellip;<\/p>\n","protected":false},"author":1,"featured_media":15132,"comment_status":"open","ping_status":"open","sticky":false,"template":"","format":"standard","meta":{"fifu_image_url":"https:\/\/static.dw.com\/image\/71610058_6.jpg","fifu_image_alt":"","footnotes":""},"categories":[13],"tags":[],"class_list":["post-15131","post","type-post","status-publish","format-standard","has-post-thumbnail","","category-mundo"],"_links":{"self":[{"href":"https:\/\/noticiasveraces.com\/index.php?rest_route=\/wp\/v2\/posts\/15131","targetHints":{"allow":["GET"]}}],"collection":[{"href":"https:\/\/noticiasveraces.com\/index.php?rest_route=\/wp\/v2\/posts"}],"about":[{"href":"https:\/\/noticiasveraces.com\/index.php?rest_route=\/wp\/v2\/types\/post"}],"author":[{"embeddable":true,"href":"https:\/\/noticiasveraces.com\/index.php?rest_route=\/wp\/v2\/users\/1"}],"replies":[{"embeddable":true,"href":"https:\/\/noticiasveraces.com\/index.php?rest_route=%2Fwp%2Fv2%2Fcomments&post=15131"}],"version-history":[{"count":0,"href":"https:\/\/noticiasveraces.com\/index.php?rest_route=\/wp\/v2\/posts\/15131\/revisions"}],"wp:featuredmedia":[{"embeddable":true,"href":"https:\/\/noticiasveraces.com\/index.php?rest_route=\/wp\/v2\/media\/15132"}],"wp:attachment":[{"href":"https:\/\/noticiasveraces.com\/index.php?rest_route=%2Fwp%2Fv2%2Fmedia&parent=15131"}],"wp:term":[{"taxonomy":"category","embeddable":true,"href":"https:\/\/noticiasveraces.com\/index.php?rest_route=%2Fwp%2Fv2%2Fcategories&post=15131"},{"taxonomy":"post_tag","embeddable":true,"href":"https:\/\/noticiasveraces.com\/index.php?rest_route=%2Fwp%2Fv2%2Ftags&post=15131"}],"curies":[{"name":"wp","href":"https:\/\/api.w.org\/{rel}","templated":true}]}}