{"id":15124,"date":"2025-02-17T18:38:02","date_gmt":"2025-02-17T22:38:02","guid":{"rendered":"https:\/\/noticiasveraces.com\/?p=15124"},"modified":"2025-02-17T18:38:02","modified_gmt":"2025-02-17T22:38:02","slug":"los-padres-de-minneapolis-comparten-un-viaje-de-tener-dos-hijos-con-trastorno-raro","status":"publish","type":"post","link":"https:\/\/noticiasveraces.com\/?p=15124","title":{"rendered":"Los padres de Minneapolis comparten un viaje de tener dos hijos con trastorno raro"},"content":{"rendered":"<p> \n<\/p>\n<div id=\"\">\n<p>Caleb Kasner y su hermano Duncan Kasner se mueven un poco diferente a los ni\u00f1os promedio.<\/p>\n<p>Los dos hermanos tienen distrofia muscular de Duchenne, un trastorno raro y heredado de la p\u00e9rdida muscular que no tiene cura.<\/p>\n<p>\u00abCaleb dej\u00f3 de caminar en diciembre del &#8217;23, as\u00ed que hace poco m\u00e1s de un a\u00f1o. Duncy dej\u00f3 de caminar en abril del &#8217;24\u00bb, dijo su madre, Sarah Kasner. \u00abEventualmente solo afecta a todas las partes de cada m\u00fasculo, coraz\u00f3n y pulmones incluidos\u00bb.<\/p>\n<p>Su viaje con Duchenne comenz\u00f3 hace casi seis a\u00f1os cuando ambos ni\u00f1os fueron diagnosticados con unas semanas de diferencia. <\/p>\n<p>\u00abTodos nos derrumbamos por el piso y lloramos porque ni siquiera sab\u00edamos qu\u00e9 esperar\u00bb, dijo Sarah Kasner.<\/p>\n<p>Los ni\u00f1os de 11 y 9 a\u00f1os est\u00e1n vinculados a las sillas de ruedas y requieren atenci\u00f3n las 24 horas, los 7 d\u00edas de la semana. <\/p>\n<p>En los \u00faltimos meses, la casa de Dan y Sarah Kasner se ha sometido a una construcci\u00f3n, agregando un ascensor y un ba\u00f1o accesible. Las modificaciones hicieron que su vida en constante cambio sea m\u00e1s f\u00e1cil.<\/p>\n<p>\u00abComprender que nada mejorar\u00e1, solo va a seguir progresando. Descubra la forma de mantenerse fuertes y mantenerlos sonriendo todo lo que podamos\u00bb, dijo Dan Kasner.<\/p>\n<p>Sarah Kasner dice que tienen una gran red de soporte que los mantiene en marcha en medio de los altibajos.<\/p>\n<p>\u00abAmbos tienen miocardiopat\u00eda, que es el tejido cicatricial en su coraz\u00f3n\u00bb, dijo Sarah Kasner. \u00abM\u00e1s del 50% de su coraz\u00f3n est\u00e1 lleno de eso\u00bb.<\/p>\n<p>Hay progreso en la pelea y una nueva terapia g\u00e9nica muestra signos positivos de desacelerar la progresi\u00f3n de la enfermedad. Desafortunadamente, no es una opci\u00f3n para los Kasner Boys.<\/p>\n<p>\u00abNo detengamos la pelea porque no voy a parar incluso cuando pasen. S\u00e9 que esta es una enfermedad curable y reparable\u00bb, dijo Sarah Kasner.<\/p>\n<p>Con un futuro desconocido, los Kasners eligen amar y vivir.<\/p>\n<p>\u00abEs tan clich\u00e9, pero al igual que vivir en el momento presente con lo que tenemos\u00bb, dijo Sarah Kasner.<\/p>\n<p>Un gran recurso para los Kasners es Cure Duchenne, una organizaci\u00f3n sin fines de lucro global que trabaja para financiar investigaciones para mejorar y extender la vida de todos los afectados por el trastorno.<\/p>\n<p>La organizaci\u00f3n tambi\u00e9n alberga convenciones cada a\u00f1o donde la familia puede conectarse con otras familias que enfrentan la misma enfermedad.<\/p>\n<p>Los Kasners comparten mucho de su viaje en l\u00ednea con su p\u00e1gina \u00abKasners Kick Duchenne\u00bb.<\/p>\n<p>    <!-- data-recirc-source=\"queryly\" --><\/p>\n<aside class=\"component list recirculation component--type-recirculation \">\n<p><h3 class=\"component__title\">M\u00e1s de CBS News<\/h3>\n<\/p>\n<\/aside>\n<p><!-- tags --><\/p>\n<div class=\"content-author\">\n<p>      Boina Leona<\/p>\n<div class=\"content-author__bio\">\n<div class=\"content-author__image\">\n<p>              <span class=\"img \"><img alt=\"web-beret-leone-1.jpg \" height=\"80\" width=\"80\" class=\" lazyload\" srcset=\"https:\/\/assets1.cbsnewsstatic.com\/hub\/i\/r\/2024\/11\/26\/57a4a41f-4c17-41aa-b461-39d7cbcf0770\/thumbnail\/80x80\/3df1647fbb059fb3ab1d4139ca68d3cd\/web-beret-leone-1.jpg?v=f303dc12868a012283443d8b9123e5fe 1x, https:\/\/assets2.cbsnewsstatic.com\/hub\/i\/r\/2024\/11\/26\/57a4a41f-4c17-41aa-b461-39d7cbcf0770\/thumbnail\/160x160\/ef05936b7c5ae3fc623c78f8beea9f42\/web-beret-leone-1.jpg?v=f303dc12868a012283443d8b9123e5fe 2x\"\/><\/span><\/p><\/div>\n<div class=\"content-author__full-information\">\n<p class=\"content-author__text\">Beret Leone es una nativa Minnesotan que se uni\u00f3 al equipo de WCCO como reportera en septiembre de 2022, \u00a1y est\u00e1 emocionada de estar de vuelta en casa en las Ciudades Gemelas! Beret creci\u00f3 en Chaska y se gradu\u00f3 de la Universidad de Bethel.<\/p>\n<\/p><\/div>\n<\/p><\/div>\n<\/p><\/div>\n<\/p><\/div>\n\n","protected":false},"excerpt":{"rendered":"<p>Caleb Kasner y su hermano Duncan Kasner se mueven un poco diferente a los ni\u00f1os promedio. Los dos hermanos tienen distrofia muscular de Duchenne, un trastorno raro y heredado de la p\u00e9rdida muscular que no tiene cura. \u00abCaleb dej\u00f3 de caminar en diciembre del &#8217;23, as\u00ed que hace poco m\u00e1s de un a\u00f1o. Duncy dej\u00f3 &hellip;<\/p>\n","protected":false},"author":1,"featured_media":0,"comment_status":"open","ping_status":"open","sticky":false,"template":"","format":"standard","meta":{"fifu_image_url":"","fifu_image_alt":"","footnotes":""},"categories":[8],"tags":[],"class_list":["post-15124","post","type-post","status-publish","format-standard","","category-salud"],"_links":{"self":[{"href":"https:\/\/noticiasveraces.com\/index.php?rest_route=\/wp\/v2\/posts\/15124","targetHints":{"allow":["GET"]}}],"collection":[{"href":"https:\/\/noticiasveraces.com\/index.php?rest_route=\/wp\/v2\/posts"}],"about":[{"href":"https:\/\/noticiasveraces.com\/index.php?rest_route=\/wp\/v2\/types\/post"}],"author":[{"embeddable":true,"href":"https:\/\/noticiasveraces.com\/index.php?rest_route=\/wp\/v2\/users\/1"}],"replies":[{"embeddable":true,"href":"https:\/\/noticiasveraces.com\/index.php?rest_route=%2Fwp%2Fv2%2Fcomments&post=15124"}],"version-history":[{"count":0,"href":"https:\/\/noticiasveraces.com\/index.php?rest_route=\/wp\/v2\/posts\/15124\/revisions"}],"wp:attachment":[{"href":"https:\/\/noticiasveraces.com\/index.php?rest_route=%2Fwp%2Fv2%2Fmedia&parent=15124"}],"wp:term":[{"taxonomy":"category","embeddable":true,"href":"https:\/\/noticiasveraces.com\/index.php?rest_route=%2Fwp%2Fv2%2Fcategories&post=15124"},{"taxonomy":"post_tag","embeddable":true,"href":"https:\/\/noticiasveraces.com\/index.php?rest_route=%2Fwp%2Fv2%2Ftags&post=15124"}],"curies":[{"name":"wp","href":"https:\/\/api.w.org\/{rel}","templated":true}]}}