{"id":15107,"date":"2025-02-17T16:17:36","date_gmt":"2025-02-17T20:17:36","guid":{"rendered":"https:\/\/noticiasveraces.com\/?p=15107"},"modified":"2025-02-17T16:17:36","modified_gmt":"2025-02-17T20:17:36","slug":"debate-de-acalorado-en-tv-antes-de-las-elecciones-en-alemania-dw-17-02-2025","status":"publish","type":"post","link":"https:\/\/noticiasveraces.com\/?p=15107","title":{"rendered":"Debate de Acalorado en TV Antes de Las Elecciones en Alemania &#8211; DW &#8211; 17\/02\/2025"},"content":{"rendered":"<p> \n<\/p>\n<div>\n<p>Dos Horas Dur\u00f3 El Debate que se celebr\u00f3 a la cadena privada alemana rtl entre los cuatro Candidatos Principales &#8211; El Canciller real, Olaf Scholz (66), Del Partido Socialdem\u00f3crata Spd, as\u00ed Como Su Rival Democristiano, Friedrich Merz (69), Representante de Las Formacaciones CDU y CSU, Y LOS CANDIDATOS DE LOS Verdes y Afd, Robert Habeck (55) y Alice Weidel (46), Respectivamete.<\/p>\n<p>Los Tres Hombres se Posicionaron Repetidam\u00e9 en contra de la candidata del Partido de Ultraderecha Afd, Considerado de Manera como parcialmental de extrema derecha.<\/p>\n<p>Tras los recientes Atentados en Magdeburgo, Aschaffenburg y M\u00fanich, La atencia se centr\u00f3 al Principio en los Temp de migracia y asilo. Scholz Dijo Que Quer\u00eda \u00abHacer de Hacer para lo posible para Limitar la Migracia irregular a Alemania\u00bb.<\/p>\n<p>Seg\u00fan Alice Weidel, en Alemania se Est\u00e1 Produciendo una \u00abP\u00e9rdida de Control\u00bb Y Su Partido, Afd, Quiere \u00abConjunto el Orden P\u00fablico\u00bb. Friedrich Merz, Del Democristiano Cdu, Acus\u00f3 A Scholz de Deportar A Muy Pocas Personas y Exigi\u00f3 Tambi\u00e9n Vuelos A Afganist\u00e1n. Por su parte, Robert Habeck, de los Verdes, advirti\u00f3 que all\u00ed reina \u00abun r\u00e9gimen de terror\u00bb.<\/p>\n<p><span data-slot-id=\"Article_InContent-1\" class=\"rich-text-ad\"\/><\/p>\n<h2>Econom\u00eda, Mercado Inmobiliario, Ucrania<\/h2>\n<p>Aparte de la migracia, se debati\u00f3 Finanzas P\u00fablicas, Presupuesto y econom\u00eda, Las Pensiones y la Dif\u00edcil Situaci\u00f3n del Mercado Inmobiliario. Pero Las Cosas SE Pusieron SERIAS AL HABLAR SOBRE UCRANIA. Argumento de weidel\u00f3 que alemania estar\u00eda \u00abMucho mejor si fuera un mediador neutral en los conflictos internacionales\u00bb.<\/p>\n<p>Habeck Fue el Primero en Recordar la Responsabilidad de Rusia, La Amarga Situaci\u00f3n en Ucrania y Hab\u00f3n de Un \u00abAtaque Frontal a la Comunidad Occidental de Valores, Al Estado de Derecho ya la Democracia\u00bb.<\/p>\n<p>En este Sentido, Merz, Afirm\u00f3: \u00abNo Somos Neutrales. Estamos del Lado de Ucrania, Defendemos el Orden Pol\u00cdtico que Tenemos\u00bb. Rusia Est\u00e1 Librando una \u00abGuerra que Viola El Derecho Internacional\u00bb Y aspira a una \u00abGran Rusia\u00bb de Tiempos Pasados. Weidel no habo de rusia ni tampoco analiz\u00f3 a la aneja administrativa estadounidense.<\/p>\n<h2>Descartada la Cooperacia con el Partido Afd<\/h2>\n<p>El Canciller Scholz Critic\u00f3 las declaraciones del vicepresidental Estadounidense, Jd Vance, en la conferencia de Seguridad de M\u00fanich, Donde llame a Los Partidos del Bundestag a Cooperar Confd. Scholz dijo que alemania hab\u00eda aprendido de la experiencia del nacionalsocialismo.<\/p>\n<p>Por Su parte, Merz Subray\u00f3 Varias Veces en el debate que la Cooperaci\u00f3n Confd Est\u00e1 Totalmento Descartada para la Uni\u00f3n (CDU\/CSU).<\/p>\n<p>El Canciller Tambi\u00e9n Record\u00f3 Las Declaraciones del Presidente Honorario del Partido Afd, Alexander Gauland, Quien Dijo en 2018 Que Hitler y Los Nazis Supon\u00ed Tan \u00abSolo una Minucia en M\u00e1s de 1.000 A\u00f1os de Exitosa Historia Alemana\u00bb. <\/p>\n<p>En Otras Cuestiones como, por Ejemplo, La Gesti\u00f3n Futura del Freno de Deuda o Los Nueva Recursos Finicieros de la Bundeswehr, El Ej\u00e9rcito Alem\u00e1n, ni Merz Ni Scholz Fueron Muy Claros.<\/p>\n<figure class=\"placeholder-image master_landscape big\"><img data-format=\"MASTER_LANDSCAPE\" data-id=\"71633351\" data-url=\"https:\/\/static.dw.com\/image\/71633351_${formatId}.jpg\" data-aspect-ratio=\"16\/9\" alt=\"Friedrich Merz, Candidato A Canciller de la Cdu\/CSU.\" style=\"padding-bottom: 56.25%; height: 0; max-height: 0;\"\/><figcaption class=\"img-caption\">Friederich Merz (CDU\/CSU) Ser\u00eda el Candidato que OBDENDRIA M\u00c1S VOTOS EN LAS ELECCIONES DEL 23 DE FEBRERO, SEG\u00daN LAS ENCUESTAS.<small class=\"copyright\">Imagen: Kay Nietfeld\/DPA-Pool\/Picture Alliance<\/small><\/figcaption><\/figure>\n<h2>Sin Grandes Cambios en las Encuestas<\/h2>\n<p>Seg\u00fan la M\u00c1S RECANTE ENCUESTA TELEF\u00d3NICA DE LA CADENA ALEMANA ARD, EN LA QUE SE PREGUNT\u00d3 DE MANERA Representiva A 1.579 Votantes Alemanes, CDU\/CSU OBENDRIA EL 32 POR CENTO DE LOS VOTOS; Afd El 21 por ciento, y el spd y los verdes, el 14 por ciento, respectivo. Desde Hace muchas Semanas, Las Encuestas no Reflejan Cambios importantes.<\/p>\n<p>Los Otros Tres Partidos M\u00e1s Peque\u00f1os, La Izquierda, El Fdp y El BSW, Luchan Por ConseGuir el 5 Por Ciento de Los Votos, Porcentaje que les Darena Acceso al Bundestag. Seg\u00fan La Encuesta, Uno de Cada Tres Votantes Alemanes No se ha DECANTADO A\u00fan por Un Partido Determinado.<\/p>\n<p>(RMR\/MS)<\/p>\n<\/p>\n<\/div>\n\n","protected":false},"excerpt":{"rendered":"<p>Dos Horas Dur\u00f3 El Debate que se celebr\u00f3 a la cadena privada alemana rtl entre los cuatro Candidatos Principales &#8211; El Canciller real, Olaf Scholz (66), Del Partido Socialdem\u00f3crata Spd, as\u00ed Como Su Rival Democristiano, Friedrich Merz (69), Representante de Las Formacaciones CDU y CSU, Y LOS CANDIDATOS DE LOS Verdes y Afd, Robert Habeck &hellip;<\/p>\n","protected":false},"author":1,"featured_media":15108,"comment_status":"open","ping_status":"open","sticky":false,"template":"","format":"standard","meta":{"fifu_image_url":"https:\/\/static.dw.com\/image\/71632625_6.jpg","fifu_image_alt":"","footnotes":""},"categories":[13],"tags":[],"class_list":["post-15107","post","type-post","status-publish","format-standard","has-post-thumbnail","","category-mundo"],"_links":{"self":[{"href":"https:\/\/noticiasveraces.com\/index.php?rest_route=\/wp\/v2\/posts\/15107","targetHints":{"allow":["GET"]}}],"collection":[{"href":"https:\/\/noticiasveraces.com\/index.php?rest_route=\/wp\/v2\/posts"}],"about":[{"href":"https:\/\/noticiasveraces.com\/index.php?rest_route=\/wp\/v2\/types\/post"}],"author":[{"embeddable":true,"href":"https:\/\/noticiasveraces.com\/index.php?rest_route=\/wp\/v2\/users\/1"}],"replies":[{"embeddable":true,"href":"https:\/\/noticiasveraces.com\/index.php?rest_route=%2Fwp%2Fv2%2Fcomments&post=15107"}],"version-history":[{"count":0,"href":"https:\/\/noticiasveraces.com\/index.php?rest_route=\/wp\/v2\/posts\/15107\/revisions"}],"wp:featuredmedia":[{"embeddable":true,"href":"https:\/\/noticiasveraces.com\/index.php?rest_route=\/wp\/v2\/media\/15108"}],"wp:attachment":[{"href":"https:\/\/noticiasveraces.com\/index.php?rest_route=%2Fwp%2Fv2%2Fmedia&parent=15107"}],"wp:term":[{"taxonomy":"category","embeddable":true,"href":"https:\/\/noticiasveraces.com\/index.php?rest_route=%2Fwp%2Fv2%2Fcategories&post=15107"},{"taxonomy":"post_tag","embeddable":true,"href":"https:\/\/noticiasveraces.com\/index.php?rest_route=%2Fwp%2Fv2%2Ftags&post=15107"}],"curies":[{"name":"wp","href":"https:\/\/api.w.org\/{rel}","templated":true}]}}