{"id":15104,"date":"2025-02-17T15:16:53","date_gmt":"2025-02-17T19:16:53","guid":{"rendered":"https:\/\/noticiasveraces.com\/?p=15104"},"modified":"2025-02-17T15:16:53","modified_gmt":"2025-02-17T19:16:53","slug":"los-activistas-iraquies-buscan-expulsar-la-influencia-irani-normalizar-los-lazos-con-israel","status":"publish","type":"post","link":"https:\/\/noticiasveraces.com\/?p=15104","title":{"rendered":"Los activistas iraqu\u00edes buscan expulsar la influencia iran\u00ed, normalizar los lazos con Israel"},"content":{"rendered":"<p> \n<\/p>\n<div>\n<div class=\"article-gating gated-overlay\">\n<div class=\"article-gating-wrapper\">\n<p>\u00danase a Fox News para acceder a este contenido<\/p>\n<p>Adem\u00e1s de acceso especial a art\u00edculos seleccionados y otro contenido premium con su cuenta, de forma gratuita.<\/p>\n<div class=\"article-gating-legal tablet-desktop\">Al ingresar su correo electr\u00f3nico y presionar continuar, usted acepta los t\u00e9rminos de uso y la pol\u00edtica de privacidad de Fox News, que incluye nuestro aviso de incentivo financiero.\n    <\/div>\n<p><span>Por favor, introduce una direcci\u00f3n de correo electr\u00f3nico v\u00e1lida.<\/span><\/p>\n<footer class=\"article-gating-footer\">\u00bfTiene problemas? Haga clic aqu\u00ed.<\/footer>\n<\/div>\n<\/div>\n<p class=\"speakable\">Primero en Fox: un grupo de j\u00f3venes iraqu\u00edes lanz\u00f3 una iniciativa llamada \u00abIraq Only\u00bb con el objetivo de tener mejores relaciones con los Estados Unidos y eliminar la espera de las milicias iran\u00edes sobre Irak.<\/p>\n<p class=\"speakable\">La campa\u00f1a, que implic\u00f3 publicar calcoman\u00edas impresas con la bandera iraqu\u00ed y colocada sobre im\u00e1genes de l\u00edderes de la milicia en Irak, fue una iniciativa de base iniciada por los j\u00f3venes para empoderar el estado de derecho y construir un estado democr\u00e1tico y ciudadano en Irak, libre de Influencia iran\u00ed.<\/p>\n<p>Fox News Digital habl\u00f3 exclusivamente con uno de los activistas que encabez\u00f3 el reciente esfuerzo, Muqtada al-Tamimi, sobre su experiencia de activismo social, sus objetivos para el futuro de Iraq y ser secuestrado por su actividad de sonar la alarma sobre la influencia iran\u00ed.<\/p>\n<p><strong>Un Ir\u00e1n debilitado tiene Irak buscando frenar a los extremistas respaldados por Teher\u00e1n en el pa\u00eds<\/strong><\/p>\n<div class=\"image-ct inline\">\n<div class=\"m\"><picture><source media=\"(max-width: 767px)\" srcset=\"https:\/\/a57.foxnews.com\/static.foxnews.com\/foxnews.com\/content\/uploads\/2025\/02\/343\/192\/khamenei-poster.wingsjpg.jpg?ve=1&amp;tl=1, https:\/\/a57.foxnews.com\/static.foxnews.com\/foxnews.com\/content\/uploads\/2025\/02\/686\/384\/khamenei-poster.wingsjpg.jpg?ve=1&amp;tl=1 2x\" height=\"192\" width=\"343\"><source media=\"(min-width: 768px) and (max-width: 1023px)\" srcset=\"https:\/\/a57.foxnews.com\/static.foxnews.com\/foxnews.com\/content\/uploads\/2025\/02\/672\/378\/khamenei-poster.wingsjpg.jpg?ve=1&amp;tl=1, https:\/\/a57.foxnews.com\/static.foxnews.com\/foxnews.com\/content\/uploads\/2025\/02\/1344\/756\/khamenei-poster.wingsjpg.jpg?ve=1&amp;tl=1 2x\" height=\"378\" width=\"672\"><source media=\"(min-width: 1024px) and (max-width: 1279px)\" srcset=\"https:\/\/a57.foxnews.com\/static.foxnews.com\/foxnews.com\/content\/uploads\/2025\/02\/931\/523\/khamenei-poster.wingsjpg.jpg?ve=1&amp;tl=1, https:\/\/a57.foxnews.com\/static.foxnews.com\/foxnews.com\/content\/uploads\/2025\/02\/1862\/1046\/khamenei-poster.wingsjpg.jpg?ve=1&amp;tl=1 2x\" height=\"523\" width=\"931\"><source media=\"(min-width: 1280px)\" srcset=\"https:\/\/a57.foxnews.com\/static.foxnews.com\/foxnews.com\/content\/uploads\/2025\/02\/720\/405\/khamenei-poster.wingsjpg.jpg?ve=1&amp;tl=1, https:\/\/a57.foxnews.com\/static.foxnews.com\/foxnews.com\/content\/uploads\/2025\/02\/1440\/810\/khamenei-poster.wingsjpg.jpg?ve=1&amp;tl=1 2x\" height=\"405\" width=\"720\"><img loading=\"lazy\" decoding=\"async\" src=\"https:\/\/a57.foxnews.com\/static.foxnews.com\/foxnews.com\/content\/uploads\/2025\/02\/1200\/675\/khamenei-poster.wingsjpg.jpg?ve=1&amp;tl=1\" alt=\"P\u00f3ster Ali Khamenei en Bagdad, Iraq.\" width=\"1200\" height=\"675\"\/><\/source><\/source><\/source><\/source><\/picture><\/div>\n<div class=\"info\">\n<div class=\"caption\">\n<p><span>Un repartidor conduce una motocicleta a lo largo de una carretera en Bagdad el 7 de octubre de 2024, m\u00e1s all\u00e1 de las vallas publicitarias que muestran a los l\u00edderes de Ir\u00e1n y Hezbol\u00e1.<\/span> <span>(Ahmad al-Rubaye\/AFP a trav\u00e9s de Getty Images)<\/span><\/p>\n<\/div>\n<\/div>\n<\/div>\n<p>\u00abNosotros, como activistas, sufrimos m\u00e1s de la influencia iran\u00ed sobre Irak. Muchos de nosotros hemos sido secuestrados y hemos sido llevados a centros de detenci\u00f3n ilegales administrados por milicias respaldadas por iran\u00edes. Y algunos fueron asesinados\u00bb, Al-Tamimi, que es un hombre de negocios y en su difunto 20 a\u00f1os, dijo a Fox News Digital a trav\u00e9s de su int\u00e9rprete. <\/p>\n<p>Al-Tamimi y algunos de sus compa\u00f1eros activistas fueron secuestrados por grupos armados alineados iran\u00edes y fueron torturados durante cinco d\u00edas. Fueron encadenados, maltratados, torturados y confiscados sus tel\u00e9fonos y datos personales sin ning\u00fan documento legal o firma del juez demostrando que ten\u00edan derecho a acceder a estos documentos.<\/p>\n<p>\u00abNosotros, como activistas, somos perseguidos por simplemente tratar de levantar nuestra propia bandera, la bandera iraqu\u00ed\u00bb, se lament\u00f3 Al-Tamimi.<\/p>\n<p>Al-Tamimi dijo que las milicias iran\u00edes act\u00faan con impunidad y no respetan la constituci\u00f3n iraqu\u00ed o los derechos de los iraqu\u00edes como ciudadanos.<\/p>\n<div class=\"image-ct inline\">\n<div class=\"m\"><picture><source media=\"(max-width: 767px)\" srcset=\"https:\/\/a57.foxnews.com\/static.foxnews.com\/foxnews.com\/content\/uploads\/2025\/02\/343\/192\/iraq.jpg?ve=1&amp;tl=1, https:\/\/a57.foxnews.com\/static.foxnews.com\/foxnews.com\/content\/uploads\/2025\/02\/686\/384\/iraq.jpg?ve=1&amp;tl=1 2x\" height=\"192\" width=\"343\"><source media=\"(min-width: 768px) and (max-width: 1023px)\" srcset=\"https:\/\/a57.foxnews.com\/static.foxnews.com\/foxnews.com\/content\/uploads\/2025\/02\/672\/378\/iraq.jpg?ve=1&amp;tl=1, https:\/\/a57.foxnews.com\/static.foxnews.com\/foxnews.com\/content\/uploads\/2025\/02\/1344\/756\/iraq.jpg?ve=1&amp;tl=1 2x\" height=\"378\" width=\"672\"><source media=\"(min-width: 1024px) and (max-width: 1279px)\" srcset=\"https:\/\/a57.foxnews.com\/static.foxnews.com\/foxnews.com\/content\/uploads\/2025\/02\/931\/523\/iraq.jpg?ve=1&amp;tl=1, https:\/\/a57.foxnews.com\/static.foxnews.com\/foxnews.com\/content\/uploads\/2025\/02\/1862\/1046\/iraq.jpg?ve=1&amp;tl=1 2x\" height=\"523\" width=\"931\"><source media=\"(min-width: 1280px)\" srcset=\"https:\/\/a57.foxnews.com\/static.foxnews.com\/foxnews.com\/content\/uploads\/2025\/02\/720\/405\/iraq.jpg?ve=1&amp;tl=1, https:\/\/a57.foxnews.com\/static.foxnews.com\/foxnews.com\/content\/uploads\/2025\/02\/1440\/810\/iraq.jpg?ve=1&amp;tl=1 2x\" height=\"405\" width=\"720\"><img loading=\"lazy\" decoding=\"async\" src=\"https:\/\/a57.foxnews.com\/static.foxnews.com\/foxnews.com\/content\/uploads\/2025\/02\/1200\/675\/iraq.jpg?ve=1&amp;tl=1\" alt=\"Irak gratis del p\u00f3ster de Ir\u00e1n\" width=\"1200\" height=\"675\"\/><\/source><\/source><\/source><\/source><\/picture><\/div>\n<div class=\"info\">\n<div class=\"caption\">\n<p><span>Un p\u00f3ster titulado \u00abIraq y solo para Iraq\u00bb fue emitido por un nuevo movimiento que busca librar al pa\u00eds de la influencia iran\u00ed.<\/span> <!----><\/p>\n<\/div>\n<\/div>\n<\/div>\n<p>\u00abLas personas m\u00e1s da\u00f1adas por las milicias iran\u00edes son personas como nosotros que piden la paz y la coexistencia en Irak y con nuestros pa\u00edses vecinos\u00bb, dijo.<\/p>\n<p>Al-Tamimi y sus compa\u00f1eros activistas quieren un fuerte Iraq que tenga una econom\u00eda estable e integrada con Occidente. <\/p>\n<p>\u00abCreemos que una alianza iraqu\u00ed con Occidente har\u00eda que Iraq sea m\u00e1s fuerte, estable y m\u00e1s pr\u00f3spero\u00bb.<\/p>\n<p>Al-Tamimi y el deseo de sus asociados de eliminar la influencia iran\u00ed y acercar a Irak a los Estados Unidos y a Occidente es lo que los l\u00edderes de Teher\u00e1n m\u00e1s temen. <\/p>\n<p><strong>\u00bfQui\u00e9n es la resistencia isl\u00e1mica de la coalici\u00f3n respaldada por Ir\u00e1n en Irak, responsable de la huelga de drones mortales en las tropas estadounidenses?<\/strong><\/p>\n<p>El trabajo de base para el activismo se coloc\u00f3 por primera vez en 2021 cuando 312 iraqu\u00edes de las comunidades chi\u00edtas y sunitas se reunieron en Erbil en una conferencia facilitada por el Centro de Comunicaciones de la Paz (CPC), y pidieron paz y normalizaci\u00f3n con Israel. Una vez que la palabra de la conferencia se extendi\u00f3 por los medios internacionales, las milicias respaldadas por Ir\u00e1n emitieron amenazas de muerte, y el gobierno iraqu\u00ed emiti\u00f3 \u00f3rdenes de arresto para los organizadores de la conferencia. CPC tom\u00f3 medidas para proteger a todos los participantes de la c\u00e1rcel o ser da\u00f1ados. <\/p>\n<p>\u00abEl movimiento de Iraq solo habla con la demanda iraqu\u00ed de paz, el desarrollo y el fin de la dominaci\u00f3n iran\u00ed. Deseamos a estos hombres y mujeres j\u00f3venes de Godspeed para conducir el cambio, y esperamos que Estados Unidos haga todo lo posible para ayudarlos\u00bb. El fundador y presidente de CPC, Joseph Braude, dijo a Fox News Digital.<\/p>\n<div class=\"image-ct inline\">\n<div class=\"m\"><picture><source media=\"(max-width: 767px)\" srcset=\"https:\/\/a57.foxnews.com\/static.foxnews.com\/foxnews.com\/content\/uploads\/2025\/02\/343\/192\/erbil-conference-scaled.jpg?ve=1&amp;tl=1, https:\/\/a57.foxnews.com\/static.foxnews.com\/foxnews.com\/content\/uploads\/2025\/02\/686\/384\/erbil-conference-scaled.jpg?ve=1&amp;tl=1 2x\" height=\"192\" width=\"343\"><source media=\"(min-width: 768px) and (max-width: 1023px)\" srcset=\"https:\/\/a57.foxnews.com\/static.foxnews.com\/foxnews.com\/content\/uploads\/2025\/02\/672\/378\/erbil-conference-scaled.jpg?ve=1&amp;tl=1, https:\/\/a57.foxnews.com\/static.foxnews.com\/foxnews.com\/content\/uploads\/2025\/02\/1344\/756\/erbil-conference-scaled.jpg?ve=1&amp;tl=1 2x\" height=\"378\" width=\"672\"><source media=\"(min-width: 1024px) and (max-width: 1279px)\" srcset=\"https:\/\/a57.foxnews.com\/static.foxnews.com\/foxnews.com\/content\/uploads\/2025\/02\/931\/523\/erbil-conference-scaled.jpg?ve=1&amp;tl=1, https:\/\/a57.foxnews.com\/static.foxnews.com\/foxnews.com\/content\/uploads\/2025\/02\/1862\/1046\/erbil-conference-scaled.jpg?ve=1&amp;tl=1 2x\" height=\"523\" width=\"931\"><source media=\"(min-width: 1280px)\" srcset=\"https:\/\/a57.foxnews.com\/static.foxnews.com\/foxnews.com\/content\/uploads\/2025\/02\/720\/405\/erbil-conference-scaled.jpg?ve=1&amp;tl=1, https:\/\/a57.foxnews.com\/static.foxnews.com\/foxnews.com\/content\/uploads\/2025\/02\/1440\/810\/erbil-conference-scaled.jpg?ve=1&amp;tl=1 2x\" height=\"405\" width=\"720\"><img loading=\"lazy\" decoding=\"async\" src=\"https:\/\/a57.foxnews.com\/static.foxnews.com\/foxnews.com\/content\/uploads\/2025\/02\/1200\/675\/erbil-conference-scaled.jpg?ve=1&amp;tl=1\" alt=\"Conferencia de normalizaci\u00f3n de Iraq-Israel\" width=\"1200\" height=\"675\"\/><\/source><\/source><\/source><\/source><\/picture><\/div>\n<div class=\"info\">\n<div class=\"caption\">\n<p><span>M\u00e1s de 300 iraqu\u00edes asisten a una conferencia para discutir la normalizaci\u00f3n de las relaciones entre Bagdad e Israel, en Arbil, la capital de la regi\u00f3n aut\u00f3noma Kurdist\u00e1n del norte de Iraq, el 24 de septiembre de 2021.<\/span> <span>(Safin Hamid\/AFP a trav\u00e9s de Getty Images)<\/span><\/p>\n<\/div>\n<\/div>\n<\/div>\n<p>Iraq se ha convertido en un campo de batalla central para el dominio regional entre las fuerzas de EE. UU. Y la coalici\u00f3n e Ir\u00e1n. Teher\u00e1n utiliza aliados en Irak para ejercer su influencia regional y tambi\u00e9n socava la soberan\u00eda iraqu\u00ed a trav\u00e9s de varias fuerzas de poder.<\/p>\n<p>La resistencia isl\u00e1mica de Iraq es un grupo de facciones de resistencia isl\u00e1mica armada bajo el paraguas del \u00abeje de resistencia\u00bb respaldado por Ir\u00e1n. Estos grupos son los m\u00e1s dif\u00edciles de manejar para el gobierno iraqu\u00ed y fueron responsables del ataque que mat\u00f3 a tres miembros del servicio estadounidense en Jordania en enero de 2024. <\/p>\n<p>El IRI ha participado en operaciones armadas contra Israel y las fuerzas de la coalici\u00f3n estadounidense desde el 7 de octubre. Tambi\u00e9n operan en Irak las Fuerzas de Mobilizaci\u00f3n Popular (PMF), que se formaron en 2014 para luchar contra ISIS. <\/p>\n<p>Solo Iraq tambi\u00e9n apoya a las fuerzas estadounidenses en el suelo iraqu\u00ed, incluso cuando el estado de las 2.500 tropas en el pa\u00eds sigue siendo incierto.<\/p>\n<p><strong>Netanyahu es asedio de la ca\u00edda &#8216;hist\u00f3rica&#8217; de Bashar Assad en Siria, acredita los ataques israel\u00edes contra Hezbol\u00e1, Ir\u00e1n<\/strong><\/p>\n<div class=\"image-ct inline\">\n<div class=\"m\"><picture><source media=\"(max-width: 767px)\" srcset=\"https:\/\/a57.foxnews.com\/static.foxnews.com\/foxnews.com\/content\/uploads\/2025\/02\/343\/192\/iran-backed-iraqi-milita-member--scaled.jpg?ve=1&amp;tl=1, https:\/\/a57.foxnews.com\/static.foxnews.com\/foxnews.com\/content\/uploads\/2025\/02\/686\/384\/iran-backed-iraqi-milita-member--scaled.jpg?ve=1&amp;tl=1 2x\" height=\"192\" width=\"343\"><source media=\"(min-width: 768px) and (max-width: 1023px)\" srcset=\"https:\/\/a57.foxnews.com\/static.foxnews.com\/foxnews.com\/content\/uploads\/2025\/02\/672\/378\/iran-backed-iraqi-milita-member--scaled.jpg?ve=1&amp;tl=1, https:\/\/a57.foxnews.com\/static.foxnews.com\/foxnews.com\/content\/uploads\/2025\/02\/1344\/756\/iran-backed-iraqi-milita-member--scaled.jpg?ve=1&amp;tl=1 2x\" height=\"378\" width=\"672\"><source media=\"(min-width: 1024px) and (max-width: 1279px)\" srcset=\"https:\/\/a57.foxnews.com\/static.foxnews.com\/foxnews.com\/content\/uploads\/2025\/02\/931\/523\/iran-backed-iraqi-milita-member--scaled.jpg?ve=1&amp;tl=1, https:\/\/a57.foxnews.com\/static.foxnews.com\/foxnews.com\/content\/uploads\/2025\/02\/1862\/1046\/iran-backed-iraqi-milita-member--scaled.jpg?ve=1&amp;tl=1 2x\" height=\"523\" width=\"931\"><source media=\"(min-width: 1280px)\" srcset=\"https:\/\/a57.foxnews.com\/static.foxnews.com\/foxnews.com\/content\/uploads\/2025\/02\/720\/405\/iran-backed-iraqi-milita-member--scaled.jpg?ve=1&amp;tl=1, https:\/\/a57.foxnews.com\/static.foxnews.com\/foxnews.com\/content\/uploads\/2025\/02\/1440\/810\/iran-backed-iraqi-milita-member--scaled.jpg?ve=1&amp;tl=1 2x\" height=\"405\" width=\"720\"><img loading=\"lazy\" decoding=\"async\" src=\"https:\/\/a57.foxnews.com\/static.foxnews.com\/foxnews.com\/content\/uploads\/2025\/02\/1200\/675\/iran-backed-iraqi-milita-member--scaled.jpg?ve=1&amp;tl=1\" alt=\"Miembro del Movimiento Isl\u00e1mico de Irak tiene fotos de l\u00edderes iran\u00edes.\" width=\"1200\" height=\"675\"\/><\/source><\/source><\/source><\/source><\/picture><\/div>\n<div class=\"info\">\n<div class=\"caption\">\n<p><span>Un miembro del Movimiento Isl\u00e1mico de Irak, una facci\u00f3n de las fuerzas de movilizaci\u00f3n populares durante un mitin en Bagdad el 5 de abril de 2024.<\/span> <span>(Murtaja Lateef\/AFP a trav\u00e9s de Getty Images)<\/span><\/p>\n<\/div>\n<\/div>\n<\/div>\n<p>\u00abLa presencia estadounidense en Irak no contradice en absoluto un fuerte Irak sino lo contrario. Una buena relaci\u00f3n con los Estados Unidos significa un fuerte Irak\u00bb.<\/p>\n<p>Al-Tamimi dijo que entiende y aprecia el gran precio pagado por las fuerzas estadounidenses para defender la estabilidad y la seguridad de Irak desde la invasi\u00f3n de 2003. <\/p>\n<p>Un aspecto de su plataforma que puede levantar las cejas es su reconocimiento del lugar de Israel en el Medio Oriente y su deseo de lazos m\u00e1s cercanos con Israel.<\/p>\n<p>\u00abIsrael es un gran pa\u00eds y tiene una gran cultura. Compartimos con ellos una gran parte de la geograf\u00eda y, mientras miramos y buscamos un fuerte Iraq, necesitamos buscar una s\u00f3lida asociaci\u00f3n con un pa\u00eds como Israel si es necesario\u00bb.<\/p>\n<p>Al-Tamimi tambi\u00e9n se\u00f1ala que los iraqu\u00edes cotidianos han sufrido y pagado un alto precio debido a la alianza entre Irak e Ir\u00e1n. La infraestructura f\u00edsica fue destruida, y la interferencia iran\u00ed socav\u00f3 las instituciones estatales. La erradicaci\u00f3n de la influencia iran\u00ed ayudar\u00e1 a Irak, en su opini\u00f3n, en \u00faltima instancia, se vuelve m\u00e1s segura y m\u00e1s pr\u00f3spera.<\/p>\n<p>\u00abCreemos que una vez que tengamos una fuerte relaci\u00f3n con Israel y los Estados Unidos, tendremos un fuerte Irak\u00bb. <\/p>\n<p><strong><u>Haga clic para obtener la aplicaci\u00f3n Fox News<\/u><\/strong><\/p>\n<p>Al-Tamimi tambi\u00e9n ve signos positivos para Iraq y el Medio Oriente despu\u00e9s de la ca\u00edda del dictador Bashar al-Assad en Siria.<\/p>\n<p>\u00abCreemos que la eliminaci\u00f3n del r\u00e9gimen de Assad es un muy buen paso para socavar la influencia iran\u00ed en la regi\u00f3n y nos da como iraqu\u00edes esperan un mejor cambio en la regi\u00f3n\u00bb.<\/p>\n<\/div>\n\n","protected":false},"excerpt":{"rendered":"<p>\u00danase a Fox News para acceder a este contenido Adem\u00e1s de acceso especial a art\u00edculos seleccionados y otro contenido premium con su cuenta, de forma gratuita. Al ingresar su correo electr\u00f3nico y presionar continuar, usted acepta los t\u00e9rminos de uso y la pol\u00edtica de privacidad de Fox News, que incluye nuestro aviso de incentivo financiero. &hellip;<\/p>\n","protected":false},"author":1,"featured_media":15106,"comment_status":"open","ping_status":"open","sticky":false,"template":"","format":"standard","meta":{"fifu_image_url":"https:\/\/static.foxnews.com\/foxnews.com\/content\/uploads\/2025\/02\/khamenei-poster.wingsjpg.jpg","fifu_image_alt":"","footnotes":""},"categories":[13],"tags":[],"class_list":["post-15104","post","type-post","status-publish","format-standard","has-post-thumbnail","","category-mundo"],"_links":{"self":[{"href":"https:\/\/noticiasveraces.com\/index.php?rest_route=\/wp\/v2\/posts\/15104","targetHints":{"allow":["GET"]}}],"collection":[{"href":"https:\/\/noticiasveraces.com\/index.php?rest_route=\/wp\/v2\/posts"}],"about":[{"href":"https:\/\/noticiasveraces.com\/index.php?rest_route=\/wp\/v2\/types\/post"}],"author":[{"embeddable":true,"href":"https:\/\/noticiasveraces.com\/index.php?rest_route=\/wp\/v2\/users\/1"}],"replies":[{"embeddable":true,"href":"https:\/\/noticiasveraces.com\/index.php?rest_route=%2Fwp%2Fv2%2Fcomments&post=15104"}],"version-history":[{"count":0,"href":"https:\/\/noticiasveraces.com\/index.php?rest_route=\/wp\/v2\/posts\/15104\/revisions"}],"wp:featuredmedia":[{"embeddable":true,"href":"https:\/\/noticiasveraces.com\/index.php?rest_route=\/wp\/v2\/media\/15106"}],"wp:attachment":[{"href":"https:\/\/noticiasveraces.com\/index.php?rest_route=%2Fwp%2Fv2%2Fmedia&parent=15104"}],"wp:term":[{"taxonomy":"category","embeddable":true,"href":"https:\/\/noticiasveraces.com\/index.php?rest_route=%2Fwp%2Fv2%2Fcategories&post=15104"},{"taxonomy":"post_tag","embeddable":true,"href":"https:\/\/noticiasveraces.com\/index.php?rest_route=%2Fwp%2Fv2%2Ftags&post=15104"}],"curies":[{"name":"wp","href":"https:\/\/api.w.org\/{rel}","templated":true}]}}