{"id":15084,"date":"2025-02-17T11:09:18","date_gmt":"2025-02-17T15:09:18","guid":{"rendered":"https:\/\/noticiasveraces.com\/?p=15084"},"modified":"2025-02-17T11:09:18","modified_gmt":"2025-02-17T15:09:18","slug":"cuadro-clinico-del-papa-francisco-es-complejo-dw-17-02-2025","status":"publish","type":"post","link":"https:\/\/noticiasveraces.com\/?p=15084","title":{"rendered":"Cuadro Cl\u00ednico del Papa Francisco \u00abEs Complejo\u00bb &#8211; DW &#8211; 17\/02\/2025"},"content":{"rendered":"<p> \n<\/p>\n<div>\n<p>Las pruebas realizadas en los \u00daltimos dias y este lunes (17.02.2025) Al Papa Francisco \u00abHan Demostrado Una Infecci\u00f3n Polimicrobiana del Tracto Respiratorio Que ha Modificar A\u00fan a\u00dan \u00bb Inform\u00f3 la Santa Sede.<\/p>\n<p>\u00abTodas las pruebas realizadas hasta el momento son indicativas de un cuadro cl\u00ednico complejo que requerir\u00e1 de hospitalizaci\u00f3n adecuada\u00bb, se lee en un comunicado del Vaticano, que hace prever que Francisco seguir\u00e1 hospitalizado por una infecci\u00f3n de las v\u00edas respiratoria a\u00fan varios d\u00edas, tras ingresar El Pasado Viernes en El Hospital Gemelli de Roma.<\/p>\n<p>El Portavoz del Vaticano, Matteo Bruni, Aclar\u00f3 que no se Trata de un \u00abAgravamiento\u00bb, Sino Que El Cambio del Tratamiento se Debe Una Lectura de los An\u00e1lisis Realizados en Los D\u00edas pasados \u200b\u200by Muestran Una evaluci\u00f3n m\u00e1s entera de la Patolog\u00eda, en Este Casa Casa Casa de , una infecciosa polimicrobiana.<\/p>\n<h2>El Pont\u00edfice Argentino \u00abEst\u00e1 de Buen humor\u00bb<\/h2>\n<p>Por tanto, no se ha hobrado de una fecha para que se le de alta, aclar\u00f3, al tiempo que asegur\u00f3 tambi\u00e9n que el Pont\u00edfice Argentino \u00abEst\u00e1 de Buen humor\u00bb.<\/p>\n<p>Con anterioridad, Bruni expl\u00edc\u00f3 que francisco hab\u00eda descansado Bien y ha pasado \u00abTranquilo\u00bb su tercera noche engresado en el gemelli, Mientras continu\u00faa su tratamiento para la infecci\u00f3na de las v\u00edas respiratorias por la Que tuvo que se abratrese vieras.<\/p>\n<p>\u00abHa desayunado y Se Ha Dedicado a la Lectura de Los Diarios\u00bb, A\u00f1adi\u00f3 el Portavoz un periodistas.<\/p>\n<p><span data-slot-id=\"Article_InContent-1\" class=\"rich-text-ad\"\/><\/p>\n<h2>Sigue en Comunicacia con gaza<\/h2>\n<p>Hoy se supo que a Pesar de Estar Ingresado, El Pont\u00edfice Llam\u00f3 Tanto El Viernes Como El S\u00e1bado a la Parroquia de la Sagrada Familia, La \u00fanica Iglesia Cat\u00f3lica de Gaza.<\/p>\n<p>\u00abNos Ha Llamado El Viernes y El S\u00e1bado, Ten\u00eda la Voz Un Poco Cansada Pero Estaba de Buen Humor y Ha Querido Saber C\u00d3MO Est\u00e1bamos\u00bb, Explic\u00f3 un Colaborador de la Parroquia en un canal de Televisi\u00f3n del Grupo Italiano Mediaset.<\/p>\n<p>El Papa Llama Todos los D\u00edas, Desde que empez\u00f3 la Guerra, a la Parroquia, Donde Encuentran Refugiadas 600 Personas, y ha Querido Seguir Haci\u00e9ndolo Durante Su Hospitalizaci\u00f3n.<\/p>\n<p>Solo Ayer, Domingo, no Llam\u00f3, Pero ya Hab\u00eda Avisado de que d\u00eda Descansar\u00eda, Explicaron desde la Iglesia, Cuyo P\u00e1rroco es el Sacerdota Argentino Gabriel Romanell.<\/p>\n<h2>Tres Noches Hospitalizado<\/h2>\n<p>Francisco pas\u00f3 sen Novedades su Tercera Noche en El Hospital Gemelli de Roma, Donde se Est\u00e1 Curando de Una Infecci\u00f3n en Las V\u00edas Respiratorias, Y Este Lunes Se Espera Una Realizaci\u00f3n SoBre los Posibles D\u00edas de Hospitalizaci\u00f3n Que LE RESTAN, PUES SU ANGENDA ANEATA ALA ESTA POSIBLES Hoy.<\/p>\n<p>A la Espera del Pr\u00f3ximo parte M\u00e9dico, en el Comunicado del Domingo por la Tarde se afirmaba que \u00abLas Condiciones cl\u00ednicas Hijo establece que contin\u00faa contin\u00faa el Proceso Terap\u00e9utico prescrito por el personal M\u00e9dico\u00bb.<\/p>\n<p>El Domingo, El Papa Sigui\u00f3 por Televisi\u00f3n la Misa Celebra en Su Lugar Por El Cardenal Jos\u00e9 Tolentino de Mendon\u00e7a Con Motivo del Jubileo de Los Artistas, en la Que se Ley\u00f3 la Homil\u00eda Que Hab\u00eda Preparado, Mientras que Por la Alde El Descanso \u00ab, Inform\u00f3 El Vaticano.<\/p>\n<p>RML (EFE, AFP)<\/p>\n<\/div>\n\n","protected":false},"excerpt":{"rendered":"<p>Las pruebas realizadas en los \u00daltimos dias y este lunes (17.02.2025) Al Papa Francisco \u00abHan Demostrado Una Infecci\u00f3n Polimicrobiana del Tracto Respiratorio Que ha Modificar A\u00fan a\u00dan \u00bb Inform\u00f3 la Santa Sede. \u00abTodas las pruebas realizadas hasta el momento son indicativas de un cuadro cl\u00ednico complejo que requerir\u00e1 de hospitalizaci\u00f3n adecuada\u00bb, se lee en un &hellip;<\/p>\n","protected":false},"author":1,"featured_media":15085,"comment_status":"open","ping_status":"open","sticky":false,"template":"","format":"standard","meta":{"fifu_image_url":"https:\/\/static.dw.com\/image\/71611857_6.jpg","fifu_image_alt":"","footnotes":""},"categories":[13],"tags":[],"class_list":["post-15084","post","type-post","status-publish","format-standard","has-post-thumbnail","","category-mundo"],"_links":{"self":[{"href":"https:\/\/noticiasveraces.com\/index.php?rest_route=\/wp\/v2\/posts\/15084","targetHints":{"allow":["GET"]}}],"collection":[{"href":"https:\/\/noticiasveraces.com\/index.php?rest_route=\/wp\/v2\/posts"}],"about":[{"href":"https:\/\/noticiasveraces.com\/index.php?rest_route=\/wp\/v2\/types\/post"}],"author":[{"embeddable":true,"href":"https:\/\/noticiasveraces.com\/index.php?rest_route=\/wp\/v2\/users\/1"}],"replies":[{"embeddable":true,"href":"https:\/\/noticiasveraces.com\/index.php?rest_route=%2Fwp%2Fv2%2Fcomments&post=15084"}],"version-history":[{"count":0,"href":"https:\/\/noticiasveraces.com\/index.php?rest_route=\/wp\/v2\/posts\/15084\/revisions"}],"wp:featuredmedia":[{"embeddable":true,"href":"https:\/\/noticiasveraces.com\/index.php?rest_route=\/wp\/v2\/media\/15085"}],"wp:attachment":[{"href":"https:\/\/noticiasveraces.com\/index.php?rest_route=%2Fwp%2Fv2%2Fmedia&parent=15084"}],"wp:term":[{"taxonomy":"category","embeddable":true,"href":"https:\/\/noticiasveraces.com\/index.php?rest_route=%2Fwp%2Fv2%2Fcategories&post=15084"},{"taxonomy":"post_tag","embeddable":true,"href":"https:\/\/noticiasveraces.com\/index.php?rest_route=%2Fwp%2Fv2%2Ftags&post=15084"}],"curies":[{"name":"wp","href":"https:\/\/api.w.org\/{rel}","templated":true}]}}