{"id":15074,"date":"2025-02-17T10:35:08","date_gmt":"2025-02-17T14:35:08","guid":{"rendered":"https:\/\/noticiasveraces.com\/?p=15074"},"modified":"2025-02-17T10:35:08","modified_gmt":"2025-02-17T14:35:08","slug":"el-veterano-de-la-marina-de-los-ee-uu-gupa-el-cancer-con-inmunoterapia-experimental","status":"publish","type":"post","link":"https:\/\/noticiasveraces.com\/?p=15074","title":{"rendered":"El veterano de la Marina de los EE. UU. Gupa el c\u00e1ncer con inmunoterapia experimental"},"content":{"rendered":"<p> \n<\/p>\n<div>\n<p class=\"speakable\">Despu\u00e9s de enfrentar la amenaza de la guerra activa, muchos veteranos tambi\u00e9n libran batallas con el c\u00e1ncer.<\/p>\n<p class=\"speakable\">Uno de ellos es John Ryan de Aldie, Virginia, un veterano de la Marina de los Estados Unidos que fue diagnosticado con c\u00e1ncer de pulm\u00f3n despu\u00e9s de servir en el ej\u00e9rcito durante 30 a\u00f1os.<\/p>\n<p>Desde que se alist\u00f3 en octubre de 1962, gran parte del servicio militar del comandante ha sido \u00abenvuelto en secreto\u00bb, seg\u00fan un informe de noviembre de 2024 del Instituto de Investigaci\u00f3n del C\u00e1ncer (CRI).<\/p>\n<p><strong>&#8216;Soy un sobreviviente de c\u00e1ncer, esto es lo que he cortado de mi cocina&#8217;<\/strong><\/p>\n<p>En una entrevista en la c\u00e1mara con Fox News Digital, Ryan comparti\u00f3 que se uni\u00f3 al \u00abprograma de energ\u00eda nuclear\u00bb en medio de la crisis de misiles cubanos, durante la cual se embarc\u00f3 en una docena de patrullas en submarinos nucleares.<\/p>\n<div class=\"image-ct inline\">\n<div class=\"m\"><picture><source media=\"(max-width: 767px)\" srcset=\"https:\/\/a57.foxnews.com\/static.foxnews.com\/foxnews.com\/content\/uploads\/2025\/02\/343\/192\/gettyimages-515032160.jpg?ve=1&amp;tl=1, https:\/\/a57.foxnews.com\/static.foxnews.com\/foxnews.com\/content\/uploads\/2025\/02\/686\/384\/gettyimages-515032160.jpg?ve=1&amp;tl=1 2x\" height=\"192\" width=\"343\"><source media=\"(min-width: 768px) and (max-width: 1023px)\" srcset=\"https:\/\/a57.foxnews.com\/static.foxnews.com\/foxnews.com\/content\/uploads\/2025\/02\/672\/378\/gettyimages-515032160.jpg?ve=1&amp;tl=1, https:\/\/a57.foxnews.com\/static.foxnews.com\/foxnews.com\/content\/uploads\/2025\/02\/1344\/756\/gettyimages-515032160.jpg?ve=1&amp;tl=1 2x\" height=\"378\" width=\"672\"><source media=\"(min-width: 1024px) and (max-width: 1279px)\" srcset=\"https:\/\/a57.foxnews.com\/static.foxnews.com\/foxnews.com\/content\/uploads\/2025\/02\/931\/523\/gettyimages-515032160.jpg?ve=1&amp;tl=1, https:\/\/a57.foxnews.com\/static.foxnews.com\/foxnews.com\/content\/uploads\/2025\/02\/1862\/1046\/gettyimages-515032160.jpg?ve=1&amp;tl=1 2x\" height=\"523\" width=\"931\"><source media=\"(min-width: 1280px)\" srcset=\"https:\/\/a57.foxnews.com\/static.foxnews.com\/foxnews.com\/content\/uploads\/2025\/02\/720\/405\/gettyimages-515032160.jpg?ve=1&amp;tl=1, https:\/\/a57.foxnews.com\/static.foxnews.com\/foxnews.com\/content\/uploads\/2025\/02\/1440\/810\/gettyimages-515032160.jpg?ve=1&amp;tl=1 2x\" height=\"405\" width=\"720\"><img loading=\"lazy\" decoding=\"async\" src=\"https:\/\/a57.foxnews.com\/static.foxnews.com\/foxnews.com\/content\/uploads\/2025\/02\/1200\/675\/gettyimages-515032160.jpg?ve=1&amp;tl=1\" alt=\"barcos sovi\u00e9ticos y estadounidenses durante la crisis de misiles cubanos\" width=\"1200\" height=\"675\"\/><\/source><\/source><\/source><\/source><\/picture><\/div>\n<div class=\"info\">\n<div class=\"caption\">\n<p><span>El destructor estadounidense inspecciona a un carguero sovi\u00e9tico frente a la costa de Cuba el 12 de noviembre de 1962.<\/span> <span>(Getty Images)<\/span><\/p>\n<\/div>\n<\/div>\n<\/div>\n<p>Ryan se retir\u00f3 del servicio militar activo en 1992, y luego se retir\u00f3 a tiempo completo en 2000 para pasar tiempo con su familia en el norte de Virginia.<\/p>\n<p>En 2013, Ryan llam\u00f3 a su m\u00e9dico despu\u00e9s de que comenz\u00f3 a escupir sangre y fue enviado a la sala de emergencias. Su diagn\u00f3stico fue sombr\u00edo: adenocarcinoma en estadio 4, tambi\u00e9n conocido como c\u00e1ncer de pulm\u00f3n de c\u00e9lulas no peque\u00f1as.<\/p>\n<p><strong>La vacuna contra el c\u00e1ncer muestra resultados prometedores para ciertos pacientes<\/strong><\/p>\n<p>Ryan se someti\u00f3 a cuatro sesiones de quimioterapia en el Centro M\u00e9dico Militar Nacional Walter Reed, pero no mejor\u00f3. Tambi\u00e9n sufri\u00f3 efectos secundarios residuales de quimioterapia y c\u00e1ncer, como fatiga, dolor, p\u00e9rdida de peso y derrame pleural.<\/p>\n<p>Al buscar una segunda opini\u00f3n, Ryan conoci\u00f3 a Julie Brahmer, MD, en John&#8217;s Hopkins en Maryland. Se inscribi\u00f3 en un ensayo cl\u00ednico para inmunoterapia, un tipo de tratamiento que utiliza el propio sistema inmunitario del paciente para combatir el c\u00e1ncer, que comenz\u00f3 en octubre de 2013.<\/p>\n<div class=\"image-ct inline\">\n<div class=\"m\"><picture><source media=\"(max-width: 767px)\" srcset=\"https:\/\/a57.foxnews.com\/static.foxnews.com\/foxnews.com\/content\/uploads\/2025\/02\/343\/192\/gettyimages-1299730658.jpg?ve=1&amp;tl=1, https:\/\/a57.foxnews.com\/static.foxnews.com\/foxnews.com\/content\/uploads\/2025\/02\/686\/384\/gettyimages-1299730658.jpg?ve=1&amp;tl=1 2x\" height=\"192\" width=\"343\"><source media=\"(min-width: 768px) and (max-width: 1023px)\" srcset=\"https:\/\/a57.foxnews.com\/static.foxnews.com\/foxnews.com\/content\/uploads\/2025\/02\/672\/378\/gettyimages-1299730658.jpg?ve=1&amp;tl=1, https:\/\/a57.foxnews.com\/static.foxnews.com\/foxnews.com\/content\/uploads\/2025\/02\/1344\/756\/gettyimages-1299730658.jpg?ve=1&amp;tl=1 2x\" height=\"378\" width=\"672\"><source media=\"(min-width: 1024px) and (max-width: 1279px)\" srcset=\"https:\/\/a57.foxnews.com\/static.foxnews.com\/foxnews.com\/content\/uploads\/2025\/02\/931\/523\/gettyimages-1299730658.jpg?ve=1&amp;tl=1, https:\/\/a57.foxnews.com\/static.foxnews.com\/foxnews.com\/content\/uploads\/2025\/02\/1862\/1046\/gettyimages-1299730658.jpg?ve=1&amp;tl=1 2x\" height=\"523\" width=\"931\"><source media=\"(min-width: 1280px)\" srcset=\"https:\/\/a57.foxnews.com\/static.foxnews.com\/foxnews.com\/content\/uploads\/2025\/02\/720\/405\/gettyimages-1299730658.jpg?ve=1&amp;tl=1, https:\/\/a57.foxnews.com\/static.foxnews.com\/foxnews.com\/content\/uploads\/2025\/02\/1440\/810\/gettyimages-1299730658.jpg?ve=1&amp;tl=1 2x\" height=\"405\" width=\"720\"><img loading=\"lazy\" decoding=\"async\" src=\"https:\/\/a57.foxnews.com\/static.foxnews.com\/foxnews.com\/content\/uploads\/2025\/02\/1200\/675\/gettyimages-1299730658.jpg?ve=1&amp;tl=1\" alt=\"escaneo de c\u00e1ncer de pulm\u00f3n\" width=\"1200\" height=\"675\"\/><\/source><\/source><\/source><\/source><\/picture><\/div>\n<div class=\"info\">\n<div class=\"caption\">\n<p><span>Los veteranos enfrentan un riesgo 25% mayor de desarrollar c\u00e1ncer de pulm\u00f3n debido a la exposici\u00f3n a sustancias t\u00f3xicas durante el servicio militar, seg\u00fan el VA.<\/span> <span>(Istock)<\/span><\/p>\n<\/div>\n<\/div>\n<\/div>\n<p>El c\u00e1ncer de pulm\u00f3n representa una amenaza mayor para la comunidad veterana, que enfrenta un riesgo 25% mayor debido a la exposici\u00f3n a sustancias t\u00f3xicas durante el servicio militar, seg\u00fan Brahmer.<\/p>\n<p>Despu\u00e9s de cuatro infusiones de nivolumab (Opdivo) durante un per\u00edodo de nueve semanas, los tomograf\u00edas computarizadas de Ryan revelaron una reducci\u00f3n del 65% en el tama\u00f1o del tumor, dijo a Fox News Digital.<\/p>\n<p><strong><u>Los casos de c\u00e1ncer de pr\u00f3stata aumentan en este estado de EE. UU. Como los m\u00e9dicos comparten una raz\u00f3n probable<\/u><\/strong><\/p>\n<p>\u00abEl 65% de encogimiento fue genial y luego eso camin\u00f3, me dijeron al 84% de encogimiento\u00bb, dijo. \u00abY yo llevaba una vida normal\u00bb.<\/p>\n<p>Junto con la inmunoterapia, Ryan tambi\u00e9n se someti\u00f3 a radioterapia estereot\u00e1ctica corporal (SBRT), un tipo de radiaci\u00f3n muy espec\u00edfico, que result\u00f3 en la detenci\u00f3n de su tumor pr\u00e1cticamente sin efectos secundarios, excepto la picaz\u00f3n menor.<\/p>\n<div class=\"image-ct inline\">\n<div class=\"m\"><picture><source media=\"(max-width: 767px)\" srcset=\"https:\/\/a57.foxnews.com\/static.foxnews.com\/foxnews.com\/content\/uploads\/2025\/02\/343\/192\/img_0014.jpg?ve=1&amp;tl=1, https:\/\/a57.foxnews.com\/static.foxnews.com\/foxnews.com\/content\/uploads\/2025\/02\/686\/384\/img_0014.jpg?ve=1&amp;tl=1 2x\" height=\"192\" width=\"343\"><source media=\"(min-width: 768px) and (max-width: 1023px)\" srcset=\"https:\/\/a57.foxnews.com\/static.foxnews.com\/foxnews.com\/content\/uploads\/2025\/02\/672\/378\/img_0014.jpg?ve=1&amp;tl=1, https:\/\/a57.foxnews.com\/static.foxnews.com\/foxnews.com\/content\/uploads\/2025\/02\/1344\/756\/img_0014.jpg?ve=1&amp;tl=1 2x\" height=\"378\" width=\"672\"><source media=\"(min-width: 1024px) and (max-width: 1279px)\" srcset=\"https:\/\/a57.foxnews.com\/static.foxnews.com\/foxnews.com\/content\/uploads\/2025\/02\/931\/523\/img_0014.jpg?ve=1&amp;tl=1, https:\/\/a57.foxnews.com\/static.foxnews.com\/foxnews.com\/content\/uploads\/2025\/02\/1862\/1046\/img_0014.jpg?ve=1&amp;tl=1 2x\" height=\"523\" width=\"931\"><source media=\"(min-width: 1280px)\" srcset=\"https:\/\/a57.foxnews.com\/static.foxnews.com\/foxnews.com\/content\/uploads\/2025\/02\/720\/405\/img_0014.jpg?ve=1&amp;tl=1, https:\/\/a57.foxnews.com\/static.foxnews.com\/foxnews.com\/content\/uploads\/2025\/02\/1440\/810\/img_0014.jpg?ve=1&amp;tl=1 2x\" height=\"405\" width=\"720\"><img loading=\"lazy\" decoding=\"async\" src=\"https:\/\/a57.foxnews.com\/static.foxnews.com\/foxnews.com\/content\/uploads\/2025\/02\/1200\/675\/img_0014.jpg?ve=1&amp;tl=1\" alt=\"John Ryan y Julie Brahmer\" width=\"1200\" height=\"675\"\/><\/source><\/source><\/source><\/source><\/picture><\/div>\n<div class=\"info\">\n<div class=\"caption\">\n<p><span>John Ryan (derecha) se muestra con la Dra. Julie Brahmer, MD, de Johns Hopkins Medicine.<\/span> <span>(John Ryan)<\/span><\/p>\n<\/div>\n<\/div>\n<\/div>\n<p>Aunque su c\u00e1ncer mejor\u00f3, Ryan alcanz\u00f3 un obst\u00e1culo importante en 2022 cuando comenz\u00f3 a tener problemas para respirar y desarroll\u00f3 neumonitis cr\u00f3nica, que comparti\u00f3 puede ocurrir en pacientes que reciben inmunoterapia durante largos per\u00edodos de tiempo.<\/p>\n<p>\u00abLa dificultad psicol\u00f3gica de permanecer en el interior durante Covid-19 fue relativamente f\u00e1cil, porque ten\u00eda una carrera en submarinos nucleares. Y as\u00ed, lo claustrof\u00f3bico no era malo\u00bb, reflexion\u00f3. <\/p>\n<blockquote class=\"pull-quote\">\n<p class=\"quote-text\">\u00abDuerme bien por la noche, sac\u00fadelo, y al d\u00eda siguiente tendr\u00e1 algunas bendiciones con las que al menos puede comenzar\u00bb.<\/p>\n<p> <!----><\/p><\/blockquote>\n<p>\u00abPero lo que fue bastante desafiante para m\u00ed fue el camino desconocido hacia adelante, con una mayor inflamaci\u00f3n y una capacidad pulmonar reducida\u00bb, agreg\u00f3.<\/p>\n<p>El viaje de inmunoterapia de Ryan dur\u00f3 100 meses, acumulando cientos de viajes redondos de 160 millas a Johns Hopkins y m\u00e1s de 225 infusiones. Hoy, el veterano est\u00e1 oficialmente libre de c\u00e1ncer.<\/p>\n<div class=\"image-ct inline\">\n<div class=\"m\"><picture><source media=\"(max-width: 767px)\" srcset=\"https:\/\/a57.foxnews.com\/static.foxnews.com\/foxnews.com\/content\/uploads\/2025\/02\/343\/192\/gettyimages-2120556946.jpg?ve=1&amp;tl=1, https:\/\/a57.foxnews.com\/static.foxnews.com\/foxnews.com\/content\/uploads\/2025\/02\/686\/384\/gettyimages-2120556946.jpg?ve=1&amp;tl=1 2x\" height=\"192\" width=\"343\"><source media=\"(min-width: 768px) and (max-width: 1023px)\" srcset=\"https:\/\/a57.foxnews.com\/static.foxnews.com\/foxnews.com\/content\/uploads\/2025\/02\/672\/378\/gettyimages-2120556946.jpg?ve=1&amp;tl=1, https:\/\/a57.foxnews.com\/static.foxnews.com\/foxnews.com\/content\/uploads\/2025\/02\/1344\/756\/gettyimages-2120556946.jpg?ve=1&amp;tl=1 2x\" height=\"378\" width=\"672\"><source media=\"(min-width: 1024px) and (max-width: 1279px)\" srcset=\"https:\/\/a57.foxnews.com\/static.foxnews.com\/foxnews.com\/content\/uploads\/2025\/02\/931\/523\/gettyimages-2120556946.jpg?ve=1&amp;tl=1, https:\/\/a57.foxnews.com\/static.foxnews.com\/foxnews.com\/content\/uploads\/2025\/02\/1862\/1046\/gettyimages-2120556946.jpg?ve=1&amp;tl=1 2x\" height=\"523\" width=\"931\"><source media=\"(min-width: 1280px)\" srcset=\"https:\/\/a57.foxnews.com\/static.foxnews.com\/foxnews.com\/content\/uploads\/2025\/02\/720\/405\/gettyimages-2120556946.jpg?ve=1&amp;tl=1, https:\/\/a57.foxnews.com\/static.foxnews.com\/foxnews.com\/content\/uploads\/2025\/02\/1440\/810\/gettyimages-2120556946.jpg?ve=1&amp;tl=1 2x\" height=\"405\" width=\"720\"><img loading=\"lazy\" decoding=\"async\" src=\"https:\/\/a57.foxnews.com\/static.foxnews.com\/foxnews.com\/content\/uploads\/2025\/02\/1200\/675\/gettyimages-2120556946.jpg?ve=1&amp;tl=1\" alt=\"El paciente se toma de la mano con seguidores en la cama del hospital\" width=\"1200\" height=\"675\"\/><\/source><\/source><\/source><\/source><\/picture><\/div>\n<div class=\"info\">\n<div class=\"caption\">\n<p><span>\u00abLo que fue bastante desafiante para m\u00ed fue el camino desconocido hacia adelante, con una mayor inflamaci\u00f3n y una capacidad pulmonar reducida\u00bb, dijo Ryan (no en la foto).<\/span> <span>(Istock)<\/span><\/p>\n<\/div>\n<\/div>\n<\/div>\n<p>Ryan comparti\u00f3 que uno de los mejores consejos que recibi\u00f3 fue de una enfermera de Walter Reed, que era franca sobre el estado de su salud.<\/p>\n<p>\u00abElla dijo: &#8216;Cortemos a la persecuci\u00f3n, Sonny Boy, si no tomas esto, vas a morir&#8217;. Le dije: &#8216;Bueno, firmemos en \u00e9l, \u00bfde acuerdo?&#8217; \u00ab, Repiti\u00f3.<\/p>\n<p><strong><u>Haga clic aqu\u00ed para registrarse en nuestro bolet\u00edn de salud<\/u><\/strong><\/p>\n<p>\u00abY ella dijo: &#8216;Necesitas tomar esto en serio. No busques cosas de las que preocuparse, porque puedes estar realmente envuelto alrededor del eje con la presi\u00f3n y la incertidumbre'\u00bb.<\/p>\n<p>La enfermera tambi\u00e9n le dijo a Ryan: \u00abTrabajar en un frenes\u00ed no tiene absolutamente ning\u00fan valor. Duerme bien por la noche, sac\u00fadelo y al d\u00eda siguiente tendr\u00e1 algunas bendiciones con las que al menos puede comenzar\u00bb.<\/p>\n<div class=\"image-ct inline\">\n<div class=\"m\"><picture><source media=\"(max-width: 767px)\" srcset=\"https:\/\/a57.foxnews.com\/static.foxnews.com\/foxnews.com\/content\/uploads\/2025\/02\/343\/192\/john-ryan-infustion-split.png?ve=1&amp;tl=1, https:\/\/a57.foxnews.com\/static.foxnews.com\/foxnews.com\/content\/uploads\/2025\/02\/686\/384\/john-ryan-infustion-split.png?ve=1&amp;tl=1 2x\" height=\"192\" width=\"343\"><source media=\"(min-width: 768px) and (max-width: 1023px)\" srcset=\"https:\/\/a57.foxnews.com\/static.foxnews.com\/foxnews.com\/content\/uploads\/2025\/02\/672\/378\/john-ryan-infustion-split.png?ve=1&amp;tl=1, https:\/\/a57.foxnews.com\/static.foxnews.com\/foxnews.com\/content\/uploads\/2025\/02\/1344\/756\/john-ryan-infustion-split.png?ve=1&amp;tl=1 2x\" height=\"378\" width=\"672\"><source media=\"(min-width: 1024px) and (max-width: 1279px)\" srcset=\"https:\/\/a57.foxnews.com\/static.foxnews.com\/foxnews.com\/content\/uploads\/2025\/02\/931\/523\/john-ryan-infustion-split.png?ve=1&amp;tl=1, https:\/\/a57.foxnews.com\/static.foxnews.com\/foxnews.com\/content\/uploads\/2025\/02\/1862\/1046\/john-ryan-infustion-split.png?ve=1&amp;tl=1 2x\" height=\"523\" width=\"931\"><source media=\"(min-width: 1280px)\" srcset=\"https:\/\/a57.foxnews.com\/static.foxnews.com\/foxnews.com\/content\/uploads\/2025\/02\/720\/405\/john-ryan-infustion-split.png?ve=1&amp;tl=1, https:\/\/a57.foxnews.com\/static.foxnews.com\/foxnews.com\/content\/uploads\/2025\/02\/1440\/810\/john-ryan-infustion-split.png?ve=1&amp;tl=1 2x\" height=\"405\" width=\"720\"><img loading=\"lazy\" decoding=\"async\" src=\"https:\/\/a57.foxnews.com\/static.foxnews.com\/foxnews.com\/content\/uploads\/2025\/02\/1200\/675\/john-ryan-infustion-split.png?ve=1&amp;tl=1\" alt=\"John Ryan suena la campana sin c\u00e1ncer junto a una foto de la bolsa de infusi\u00f3n\" width=\"1200\" height=\"675\"\/><\/source><\/source><\/source><\/source><\/picture><\/div>\n<div class=\"info\">\n<div class=\"caption\">\n<p><span>Ryan (en la foto a la izquierda) aconsej\u00f3 a otros pacientes con c\u00e1ncer que eviten trabajar \u00aben un frenes\u00ed\u00bb y que se mantuvieran positivos.<\/span> <span>(John Ryan; Istock)<\/span><\/p>\n<\/div>\n<\/div>\n<\/div>\n<p>El veterano tambi\u00e9n acredit\u00f3 su fe por darle la fuerza para vencer al c\u00e1ncer. \u00abTienes que sacar tu esperanza y coraje de alg\u00fan lugar. La fe era alta\u00bb, dijo.<\/p>\n<p><strong><u>Haga clic aqu\u00ed para obtener la aplicaci\u00f3n Fox News<\/u><\/strong><\/p>\n<p>\u00abTen\u00eda un padre que era un disciplinario militar, por lo que dir\u00eda que lo peor que puede pasar es no ser una molestia para m\u00ed. Solo voy a avanzar. Y luego estar con personas de calidad. [gave me] el est\u00edmulo para hacer eso \u00ab.<\/p>\n<p><i><strong><u>Para m\u00e1s art\u00edculos de salud, visite <\/u><\/strong><\/i><i><strong><u>www.foxnews.com\/Health<\/u><\/strong><\/i><\/p>\n<p>En un seminario CRI 2022, el Dr. Brahmer habl\u00f3 sobre el \u00e9xito del desarrollo de la inmunoterapia, etiquet\u00e1ndolo como la \u00abnueva base\u00bb para el c\u00e1ncer de pulm\u00f3n en varias etapas, as\u00ed como otros c\u00e1nceres tor\u00e1cicos como el mesotelioma.<\/p>\n<p>\u00abLas nuevas terapias continuar\u00e1n construyendo sobre estos \u00e9xitos\u00bb, dijo. \u00abTodav\u00eda tenemos mucho trabajo que hacer en estos entornos. Ciertamente podemos mejorar la terapia\u00bb.<\/p>\n<div class=\"image-ct inline\">\n<div class=\"m\"><picture><source media=\"(max-width: 767px)\" srcset=\"https:\/\/a57.foxnews.com\/static.foxnews.com\/foxnews.com\/content\/uploads\/2024\/08\/343\/192\/lung-cancer-scaled.jpg?ve=1&amp;tl=1, https:\/\/a57.foxnews.com\/static.foxnews.com\/foxnews.com\/content\/uploads\/2024\/08\/686\/384\/lung-cancer-scaled.jpg?ve=1&amp;tl=1 2x\" height=\"192\" width=\"343\"><source media=\"(min-width: 768px) and (max-width: 1023px)\" srcset=\"https:\/\/a57.foxnews.com\/static.foxnews.com\/foxnews.com\/content\/uploads\/2024\/08\/672\/378\/lung-cancer-scaled.jpg?ve=1&amp;tl=1, https:\/\/a57.foxnews.com\/static.foxnews.com\/foxnews.com\/content\/uploads\/2024\/08\/1344\/756\/lung-cancer-scaled.jpg?ve=1&amp;tl=1 2x\" height=\"378\" width=\"672\"><source media=\"(min-width: 1024px) and (max-width: 1279px)\" srcset=\"https:\/\/a57.foxnews.com\/static.foxnews.com\/foxnews.com\/content\/uploads\/2024\/08\/931\/523\/lung-cancer-scaled.jpg?ve=1&amp;tl=1, https:\/\/a57.foxnews.com\/static.foxnews.com\/foxnews.com\/content\/uploads\/2024\/08\/1862\/1046\/lung-cancer-scaled.jpg?ve=1&amp;tl=1 2x\" height=\"523\" width=\"931\"><source media=\"(min-width: 1280px)\" srcset=\"https:\/\/a57.foxnews.com\/static.foxnews.com\/foxnews.com\/content\/uploads\/2024\/08\/720\/405\/lung-cancer-scaled.jpg?ve=1&amp;tl=1, https:\/\/a57.foxnews.com\/static.foxnews.com\/foxnews.com\/content\/uploads\/2024\/08\/1440\/810\/lung-cancer-scaled.jpg?ve=1&amp;tl=1 2x\" height=\"405\" width=\"720\"><img loading=\"lazy\" decoding=\"async\" src=\"https:\/\/a57.foxnews.com\/static.foxnews.com\/foxnews.com\/content\/uploads\/2024\/08\/1200\/675\/lung-cancer-scaled.jpg?ve=1&amp;tl=1\" alt=\"Ilustraci\u00f3n del c\u00e1ncer de pulm\u00f3n\" width=\"1200\" height=\"675\"\/><\/source><\/source><\/source><\/source><\/picture><\/div>\n<div class=\"info\">\n<div class=\"caption\">\n<p><span>La Dra. Julie Brahmer comparti\u00f3 en un seminario c\u00f3mo la inmunoterapia se ha convertido en la mejor opci\u00f3n de tratamiento en algunos casos de c\u00e1ncer de pulm\u00f3n.<\/span> <span>(Istock)<\/span><\/p>\n<\/div>\n<\/div>\n<\/div>\n<p>Brahmer expres\u00f3 que \u00abhay esperanza\u00bb para el control a largo plazo de la enfermedad y potencialmente incluso una cura.<\/p>\n<p>\u00abEs muy importante [for patients] Preguntar: \u00ab\u00bfEs la inmunoterapia adecuada para m\u00ed, independientemente de la etapa y el tipo de c\u00e1ncer que tengo?\u00bb, Dijo.<\/p>\n<blockquote class=\"pull-quote\">\n<p class=\"quote-text\">\u00abTienes que sacar tu esperanza y coraje de alg\u00fan lugar. La fe era alta\u00bb.<\/p>\n<p> <!----><\/p><\/blockquote>\n<p>Ryan le dijo a CRI que la inmunoterapia representa un \u00abpotencial atractivo para una cura sin los efectos secundarios graves relacionados con la cirug\u00eda, la quimioterapia o la radiaci\u00f3n\u00bb, y agreg\u00f3 que los ensayos cl\u00ednicos son esenciales para \u00abaprobaciones de r\u00e9gimen de medicamentos y tratamiento seguros y viables\u00bb.<\/p>\n<p> <!----> <\/p>\n<div class=\"article-meta\">\n<div class=\"author-bio\">\n<p>Angelica Stabile es una reportera de estilo de vida para Fox News Digital.<\/p>\n<\/div>\n<\/div>\n<\/div>\n\n","protected":false},"excerpt":{"rendered":"<p>Despu\u00e9s de enfrentar la amenaza de la guerra activa, muchos veteranos tambi\u00e9n libran batallas con el c\u00e1ncer. Uno de ellos es John Ryan de Aldie, Virginia, un veterano de la Marina de los Estados Unidos que fue diagnosticado con c\u00e1ncer de pulm\u00f3n despu\u00e9s de servir en el ej\u00e9rcito durante 30 a\u00f1os. Desde que se alist\u00f3 &hellip;<\/p>\n","protected":false},"author":1,"featured_media":15076,"comment_status":"open","ping_status":"open","sticky":false,"template":"","format":"standard","meta":{"fifu_image_url":"https:\/\/a57.foxnews.com\/static.foxnews.com\/foxnews.com\/content\/uploads\/2025\/02\/1200\/675\/gettyimages-515032160.jpg?ve=1&tl=1","fifu_image_alt":"","footnotes":""},"categories":[8],"tags":[],"class_list":["post-15074","post","type-post","status-publish","format-standard","has-post-thumbnail","","category-salud"],"_links":{"self":[{"href":"https:\/\/noticiasveraces.com\/index.php?rest_route=\/wp\/v2\/posts\/15074","targetHints":{"allow":["GET"]}}],"collection":[{"href":"https:\/\/noticiasveraces.com\/index.php?rest_route=\/wp\/v2\/posts"}],"about":[{"href":"https:\/\/noticiasveraces.com\/index.php?rest_route=\/wp\/v2\/types\/post"}],"author":[{"embeddable":true,"href":"https:\/\/noticiasveraces.com\/index.php?rest_route=\/wp\/v2\/users\/1"}],"replies":[{"embeddable":true,"href":"https:\/\/noticiasveraces.com\/index.php?rest_route=%2Fwp%2Fv2%2Fcomments&post=15074"}],"version-history":[{"count":0,"href":"https:\/\/noticiasveraces.com\/index.php?rest_route=\/wp\/v2\/posts\/15074\/revisions"}],"wp:featuredmedia":[{"embeddable":true,"href":"https:\/\/noticiasveraces.com\/index.php?rest_route=\/wp\/v2\/media\/15076"}],"wp:attachment":[{"href":"https:\/\/noticiasveraces.com\/index.php?rest_route=%2Fwp%2Fv2%2Fmedia&parent=15074"}],"wp:term":[{"taxonomy":"category","embeddable":true,"href":"https:\/\/noticiasveraces.com\/index.php?rest_route=%2Fwp%2Fv2%2Fcategories&post=15074"},{"taxonomy":"post_tag","embeddable":true,"href":"https:\/\/noticiasveraces.com\/index.php?rest_route=%2Fwp%2Fv2%2Ftags&post=15074"}],"curies":[{"name":"wp","href":"https:\/\/api.w.org\/{rel}","templated":true}]}}