{"id":15051,"date":"2025-02-17T05:52:30","date_gmt":"2025-02-17T09:52:30","guid":{"rendered":"https:\/\/noticiasveraces.com\/?p=15051"},"modified":"2025-02-17T05:52:30","modified_gmt":"2025-02-17T09:52:30","slug":"rehenes-israelies-en-gaza-500-dias-en-cautiverio-dw-17-02-2025","status":"publish","type":"post","link":"https:\/\/noticiasveraces.com\/?p=15051","title":{"rendered":"Rehenes israel\u00edes en gaza, 500 d\u00edas en cautiverio &#8211; dw &#8211; 17\/02\/2025"},"content":{"rendered":"<p> \n<\/p>\n<div>\n<p>El Ayuno Empezar\u00e1 Sobre Las 11.40 Hora Local (09.40 GMT) y Acabar\u00e1 A Las 20.00 (18.00 GMT), Momento en el Que Embar\u00e1 Una Manifestaci\u00f3n en Tel Aviv en La QuehAr\u00e1 -Rehenes Liberados y Familiares de Los A\u00fann Cautivos, ANuncio, Anuncio en la Que -Hablar\u00e1n rehenes Liberados y familiares de Loss A\u00fann Cautivos, ANuncio, Anuncio en la de Liber\u00e1n. De Rehenes y Desaparecidos en un Comunicado.<\/p>\n<p>ESTA Ma\u00f1ana, Un Grupo de Familiares y activistas Comenzaron una Marcha por Jerusal\u00e9n Desde la Residencia del Primer Ministro, Benjam\u00edn Netanyahu, Hasta El Parlamento, Y Exigieron Mantener El Acuardo de Alto Alto Fuego en Gaza.<\/p>\n<p>\u00abQueremos Saber Cu\u00e1ndo Volver\u00e1n Todos A Casa\u00bb, Le Dijo Al Medio <em>Los tiempos de Israel<\/em> Ben Baruch, T\u00edo del Reh\u00e9n israel\u00ed Alexander Baruch.<\/p>\n<p><span data-slot-id=\"Article_InContent-1\" class=\"rich-text-ad\"\/><\/p>\n<h2>\u00abVemos el Sufrimiento de Los Palestinos en Gaza\u00bb<\/h2>\n<p>\u00abEl D\u00eda 500 no es DiFerente del Resto de Los D\u00edas que Hemos Soportado\u00bb, Cita El Diario <em>Haaretz <\/em>A Makabit Mayer, T\u00eda de Los Rehenes Gemelos Ziv y Gali Berman, de 26 A\u00f1os, \u00abEsperamos que esta Pesadilla Termine Pronto\u00bb. \u00abPor favor, Ay\u00fadennos, Pueblo de Israel, un salir a Las Calles en masa, un apoyar [a los rehenes] Ya Gritar Junto con Nosotros sus Gritos Silenciados \u00ab.<\/p>\n<p>\u00abVemos el Sufrimiento de Los Palestinos en Gaza. La \u00fanica manera de Detener el Sufrimiento, No S\u00f3lo de Las Familias de los Rehenes y Sino Tambi\u00e9n de los Residentes de Gaza, Es Dev\u00f3lver a Todos los Rehenes. Esa Es la Clave paraa la Reconstruza y La curacia \u00ab, cita <em>Haaretz <\/em>A Udi Goren, Primo de Tal Haimi, Que Fue Asesinado el 7 de Octubre y Cuyo Cuerpo a\u00fan Est\u00e1 en Gaza, en Poder de Ham\u00e1s, Considerada una organizaci\u00f3n Terrorista por Israel, Estados Unidos, La Uni\u00f3n Europea y Ootros Pa\u00edses.<\/p>\n<figure class=\"placeholder-image master_landscape big\"><img data-format=\"MASTER_LANDSCAPE\" data-id=\"71618356\" data-url=\"https:\/\/static.dw.com\/image\/71618356_${formatId}.jpg\" data-aspect-ratio=\"16\/9\" alt=\"Destruci\u00f3n en yabal\u00eda, Franja de Gaza.\" style=\"padding-bottom: 56.25%; height: 0; max-height: 0;\"\/><figcaption class=\"img-caption\">\u00abLa \u00fanica Manera de Detener el Sufrimiento, no S\u00f3lo de Las Familias de los Rehenes Sino Tambi\u00e9n de los Residentes de Gaza, Es Devolver a Todos los Rehenes\u00bb, Dijo un familiar de un reh\u00e9n asesinado el 7 de octubre y cuyo cut Gaza.<small class=\"copyright\">Imagen: Saeed Jaras\/Middle East Images\/Picture Alliance<\/small><\/figcaption><\/figure>\n<h2>Segunda Fase del Acuerdo de Alto Al Fuego, un debate<\/h2>\n<p>Est\u00e1 previsto que este lunes Netanyahu re\u00fana al gabinete de seguridad de su Gobierno para discutir la segunda fase del acuerdo de alto al fuego, que deber\u00eda haber empezado a negociarse a principios de febrero, y en la que se liberar\u00eda al resto de rehenes vivos en la Franja y se Sentar\u00eda Las Bases Del Fin Definitivo de la Guerra.<\/p>\n<p>Algunos Miembros del Gobierno, Como el Ministro Ultranacionalista de Finanzas, Bezalel Smotrich, Han Exigido Que Israel Vuelva A Combatir en Gaza Una Vez Que Termine La Primera Fase de la Tregua, en la Que Deben SER AROLEADOS 33 REHENES (19 HAN SALA) Cambio de Unos 1.900 Presos Palestinos.<\/p>\n<figure class=\"placeholder-image master_landscape big\"><img data-format=\"MASTER_LANDSCAPE\" data-id=\"71567520\" data-url=\"https:\/\/static.dw.com\/image\/71567520_${formatId}.jpg\" data-aspect-ratio=\"16\/9\" alt=\"Israel, Tel Aviv, 2025 | Familias de los Rehenes israel\u00edes exigen en Las Clases Su Liberaci\u00f3.\" style=\"padding-bottom: 56.25%; height: 0; max-height: 0;\"\/><figcaption class=\"img-caption\">Los familiares de los Rehenes de Ham\u00e1s en Gaza Han Estado Exigiendo Incansablemente Su Liberaci\u00f3n y Protestando Repetidamento contra la Gesti\u00f3n\u00eda del Tema por parte del gobierno israel\u00ed.<small class=\"copyright\">Imagen: Ohad Zwigenberg\/AP\/Picture Alliance<\/small><\/figcaption><\/figure>\n<p>En Gaza, Quedan a\u00fan 70 Rehenes israel\u00edes de los 251 Secuestrados El 7 de Octubre, de los que Menos 34 Est\u00e1n Muertos, Seg\u00fan El Ej\u00e9rcito Israel\u00ed. Adem\u00e1s, Hay Tres Rehenes desde Hace una D\u00e9cada, entre Ellos un Soldado Muerto. Todos Ellos Est\u00e1n incluidos en el Acuerdo de Alto el Fuego e Intercambio de Rehenes por Presos Palestinos, que entr\u00f3 en vigor el 19 de Enero.<\/p>\n<p>RML (EFE, Haaretz.com)<\/p>\n<\/div>\n\n","protected":false},"excerpt":{"rendered":"<p>El Ayuno Empezar\u00e1 Sobre Las 11.40 Hora Local (09.40 GMT) y Acabar\u00e1 A Las 20.00 (18.00 GMT), Momento en el Que Embar\u00e1 Una Manifestaci\u00f3n en Tel Aviv en La QuehAr\u00e1 -Rehenes Liberados y Familiares de Los A\u00fann Cautivos, ANuncio, Anuncio en la Que -Hablar\u00e1n rehenes Liberados y familiares de Loss A\u00fann Cautivos, ANuncio, Anuncio en &hellip;<\/p>\n","protected":false},"author":1,"featured_media":15052,"comment_status":"open","ping_status":"open","sticky":false,"template":"","format":"standard","meta":{"fifu_image_url":"https:\/\/static.dw.com\/image\/71622816_6.jpg","fifu_image_alt":"","footnotes":""},"categories":[13],"tags":[],"class_list":["post-15051","post","type-post","status-publish","format-standard","has-post-thumbnail","","category-mundo"],"_links":{"self":[{"href":"https:\/\/noticiasveraces.com\/index.php?rest_route=\/wp\/v2\/posts\/15051","targetHints":{"allow":["GET"]}}],"collection":[{"href":"https:\/\/noticiasveraces.com\/index.php?rest_route=\/wp\/v2\/posts"}],"about":[{"href":"https:\/\/noticiasveraces.com\/index.php?rest_route=\/wp\/v2\/types\/post"}],"author":[{"embeddable":true,"href":"https:\/\/noticiasveraces.com\/index.php?rest_route=\/wp\/v2\/users\/1"}],"replies":[{"embeddable":true,"href":"https:\/\/noticiasveraces.com\/index.php?rest_route=%2Fwp%2Fv2%2Fcomments&post=15051"}],"version-history":[{"count":0,"href":"https:\/\/noticiasveraces.com\/index.php?rest_route=\/wp\/v2\/posts\/15051\/revisions"}],"wp:featuredmedia":[{"embeddable":true,"href":"https:\/\/noticiasveraces.com\/index.php?rest_route=\/wp\/v2\/media\/15052"}],"wp:attachment":[{"href":"https:\/\/noticiasveraces.com\/index.php?rest_route=%2Fwp%2Fv2%2Fmedia&parent=15051"}],"wp:term":[{"taxonomy":"category","embeddable":true,"href":"https:\/\/noticiasveraces.com\/index.php?rest_route=%2Fwp%2Fv2%2Fcategories&post=15051"},{"taxonomy":"post_tag","embeddable":true,"href":"https:\/\/noticiasveraces.com\/index.php?rest_route=%2Fwp%2Fv2%2Ftags&post=15051"}],"curies":[{"name":"wp","href":"https:\/\/api.w.org\/{rel}","templated":true}]}}