{"id":14996,"date":"2025-02-16T19:35:18","date_gmt":"2025-02-16T23:35:18","guid":{"rendered":"https:\/\/noticiasveraces.com\/?p=14996"},"modified":"2025-02-16T19:35:18","modified_gmt":"2025-02-16T23:35:18","slug":"scholz-y-merz-cruzan-cryticas-por-inmigracion-en-debate-dw-16-02-2025","status":"publish","type":"post","link":"https:\/\/noticiasveraces.com\/?p=14996","title":{"rendered":"Scholz y Merz Cruzan Cryticas por Inmigraci\u00f3n en debate &#8211; DW &#8211; 16\/02\/2025"},"content":{"rendered":"<p> \n<\/p>\n<div>\n<p>En un Nuevo debate previo a las eleciones del 23 de febrero, Los candidatos Socialdem\u00f3crata y Conservador un caviler Olaf Scholzy Friedrich Merz, Respetivamete, Chocaron Este Domingo (16.02.2025) Sobre La Inmigraci\u00f3 Irregular en el Pa\u00eds, Pera Coincidier La Ultraderecha y en reafirmar la Vigencia del Cord\u00f3n Sanitario Contra Alternativa Para Alemania (AFD).<\/p>\n<p>Scholz, del Partido Socialdem\u00f3crata, Canciller real y Tercero en Las Encuestas de Intenci\u00f3n de Veto, y Merz, Aspirante Com\u00fan del Bloque Conformado Por la Uni\u00f3n Cristianodem\u00f3crata (Cdu) y Sumana B\u00e1vara Uni\u00f3n Cristianosocial (CSU), Primero en los Semana. Nuevo en un Escenario de Televisi\u00f3n Tras el Debate del Domingo Pasado.<\/p>\n<p>En esta Ocasi\u00f3n Tambi\u00e9n Estaban Invitados la L\u00edder de la Ultraderechista Alternativa Para Alemania (AFD), Alice Weidel, Cuyo Partido Ocupa El Segundo puesto en Lasisestas, y el Ec\u00f3logo Robert Hab -Hbeck, Cuarto con los V\u00e9rdes, lo de las primeras, el c\u00fatrelo, el Ec\u00f3logo de la Ec\u00f3logo, Cuarto con los verdes, lo supone, el c\u00fatrelo de las primeras, y el Ec\u00f3logo de los Ec\u00f3logo. Bandas en la Historia de la Televisis Germana. Si los Sondeos se Mantienen, Ninguna Fuerza OBDENDR\u00c1 Mayor\u00eda para Gobernar en Solitario, Y Deber\u00e1 Buscar Aliibas.<\/p>\n<p><span data-slot-id=\"Article_InContent-1\" class=\"rich-text-ad\"\/><\/p>\n<h2>Todos Contra Afd<\/h2>\n<p>Ya al \u200b\u200bInicio del Debate, Merz, Que Fue Criticado Por Scholz Por Haber Logrado en El Parlamento Aprobar Una Moci\u00f3n no Vinculante Por Primera Vez Con El apoyo de la Afd y Haber intencado Hacer lo propio Con Un proyecto de ley, se entrontr\u00f3 a la defensiva . El Conservador, el procedimiento de CUYO Ha Suscitado Protestas Masivas en Alemania, Reiter\u00f3 Que \u00abMantendr\u00e1 Lejos\u00bb la \u00abV\u00cdBORA\u00bb DE LA AFD, COMO \u00c9L Ha Calificado alguna Vez a la Ultraderecha, y Asegur\u00f3 Que \u00abTampoco Trabajaremos Juntos con este Partido\u00bb.<\/p>\n<p>Todos los Candidatos, excepto Weidel, expresaron su apoyo a Ucrania. Merz advirti\u00f3 que vladimir Putin \u00abTiene al Territorio de la Otan en la Mira\u00bb, y Asegur\u00f3 que el Conflmo Pone El Riesgo \u00abTODO EL ORDE POL\u00cdTICO QUE Hemos Construido Juntos Despu\u00e9s de 1990\u00bb. Adem\u00e1s, acus\u00f3 a weidel de no condenar la agresi\u00f3n rusa. Scholz, en tanto, apunt\u00f3 que nieie puede decidir el futuro de ucrania, excepto los us ucranianos.<\/p>\n<p>No Menos Golpes se Repartieron los candidatos en lo relacionado con la migraci\u00f3n, en especial Tras los recientes ataques A Manos de Solicitantes de Asilo. Merz Volvi\u00f3 a Echar en Cara a Scholz Que en \u00abCuatro D\u00edas Llegan Tantos Inmigrantes Irregulares Nuevas al Pa\u00eds como deportaciones de los henos en un mes\u00bb. El Canciller se Defendi\u00f3 DiCiito que El A\u00f1o Pasado se Redujeron las Llegadas Ilegales en 100.000 Personas.<\/p>\n<p>Tras el Atropello el Pasado Jueves en M\u00fanich Cometido por Un Afgano, Merz Sostuvo que el Gobierno Germano es El \u00fanico en Europa que a\u00fan Aept Aceptagiados de Afganist\u00e1n y Que Que, para Cambiar esto, quiz\u00e1 Hay Que -havlar con los talibanes. Este Tema fue de los Pocos en los que Habeck reaccion\u00f3 de forma en\u00e9rgica, al registro a Merz que los talibanes hijo \u00abun r\u00e9gimen de terror\u00bb y Que los \u00abPeque\u00f1as Contingentes\u00bb de Refugiados Que Llegan Son Personas Queydararon A Alemania en Su Momento.<\/p>\n<p>DZC (EFE, DPA)<\/p>\n<\/div>\n\n","protected":false},"excerpt":{"rendered":"<p>En un Nuevo debate previo a las eleciones del 23 de febrero, Los candidatos Socialdem\u00f3crata y Conservador un caviler Olaf Scholzy Friedrich Merz, Respetivamete, Chocaron Este Domingo (16.02.2025) Sobre La Inmigraci\u00f3 Irregular en el Pa\u00eds, Pera Coincidier La Ultraderecha y en reafirmar la Vigencia del Cord\u00f3n Sanitario Contra Alternativa Para Alemania (AFD). Scholz, del Partido &hellip;<\/p>\n","protected":false},"author":1,"featured_media":14997,"comment_status":"open","ping_status":"open","sticky":false,"template":"","format":"standard","meta":{"fifu_image_url":"https:\/\/static.dw.com\/image\/71633034_6.jpg","fifu_image_alt":"","footnotes":""},"categories":[13],"tags":[],"class_list":["post-14996","post","type-post","status-publish","format-standard","has-post-thumbnail","","category-mundo"],"_links":{"self":[{"href":"https:\/\/noticiasveraces.com\/index.php?rest_route=\/wp\/v2\/posts\/14996","targetHints":{"allow":["GET"]}}],"collection":[{"href":"https:\/\/noticiasveraces.com\/index.php?rest_route=\/wp\/v2\/posts"}],"about":[{"href":"https:\/\/noticiasveraces.com\/index.php?rest_route=\/wp\/v2\/types\/post"}],"author":[{"embeddable":true,"href":"https:\/\/noticiasveraces.com\/index.php?rest_route=\/wp\/v2\/users\/1"}],"replies":[{"embeddable":true,"href":"https:\/\/noticiasveraces.com\/index.php?rest_route=%2Fwp%2Fv2%2Fcomments&post=14996"}],"version-history":[{"count":0,"href":"https:\/\/noticiasveraces.com\/index.php?rest_route=\/wp\/v2\/posts\/14996\/revisions"}],"wp:featuredmedia":[{"embeddable":true,"href":"https:\/\/noticiasveraces.com\/index.php?rest_route=\/wp\/v2\/media\/14997"}],"wp:attachment":[{"href":"https:\/\/noticiasveraces.com\/index.php?rest_route=%2Fwp%2Fv2%2Fmedia&parent=14996"}],"wp:term":[{"taxonomy":"category","embeddable":true,"href":"https:\/\/noticiasveraces.com\/index.php?rest_route=%2Fwp%2Fv2%2Fcategories&post=14996"},{"taxonomy":"post_tag","embeddable":true,"href":"https:\/\/noticiasveraces.com\/index.php?rest_route=%2Fwp%2Fv2%2Ftags&post=14996"}],"curies":[{"name":"wp","href":"https:\/\/api.w.org\/{rel}","templated":true}]}}