{"id":14960,"date":"2025-02-16T14:20:12","date_gmt":"2025-02-16T18:20:12","guid":{"rendered":"https:\/\/noticiasveraces.com\/?p=14960"},"modified":"2025-02-16T14:20:12","modified_gmt":"2025-02-16T18:20:12","slug":"miles-de-berlineses-protestan-contra-la-ultraderecha-dw-16-02-2025","status":"publish","type":"post","link":"https:\/\/noticiasveraces.com\/?p=14960","title":{"rendered":"Miles de Berlineses Protestan Contra la Ultraderecha &#8211; DW &#8211; 16\/02\/2025"},"content":{"rendered":"<p> \n<\/p>\n<div>\n<p>Varias Decenas de Miles de Personas SE ManifiSaron Este Domingo (16.02.2025) En Berl\u00edn, un favor de la Democracia y para reclazara la Posibilidad de Que la Ultraderecha Gobierne, Poco Despu\u00e9s de Que el Vicepresidental de Estados Unidos Lanzara Un Llamado Muy Pol\u00e9mico Alemanes para que no Sigan Condenando al Ostracismo una alternativa para Alemania (AFD).<\/p>\n<p>Con UNOS 30,000 participantes Seg\u00fan la Polic\u00eda y 38.000 Seg\u00fan Los Organizadores, La Movilizaci\u00f3n Contra Afd, un solo una semana de las eleciones legislativas en el Pa\u00eds, Parece disminuir. Manifestaci\u00f3n una similar El 8 de febrero en M\u00fanich Congreg\u00f3 A 250,000 Personas, y Otra el 2 de febrero en la Capital Alemana Congreg\u00f3 Entre 160.000 y 250,000 participantes.<\/p>\n<p>La consigna de la manifestaci\u00f3n de este domingo en berl\u00edna \u00abMano Con Mano, Somos los Cortafuegos\u00bb, una referencia al \u00abCord\u00f3n Sanitario\u00bb Que Mantienen Los Partidos Tradicionales Desde la SEDE GUERRA GUERRIAL MUNDIAL PARAZAR RECHAZAR COOPERACI\u00d3N CON LA ULTRADERE. El Quiebre de ESe Tab\u00fa por parte de los conservadores al iniciar un acercamiento en el parlamento con la afd gatill\u00f3 las primeras protestas.<\/p>\n<h2>Sondeos que preocupan<\/h2>\n<p>El Centro de la Manifestaci\u00f3n ESTUVO EN LA BEBELPLATZ, EN PLENO CENTRO BERLIN\u00c9S, Y LA MULTITUD COP\u00d3 TANTO ESA PLAZA COMO LA AVENIDA UNTER DEN LINDEN. Entre Los Oradores se Encontraban El Rabino Andreas Nachama y El Obispo Protestante Christian St\u00e4blein, Quienes Hablaron Contra El Antisemitismo y El Racismo. Tambi\u00e9n se Guard\u00f3 un minuto de Silencio por la Madre y su hija que Murieron en un ataque con auto en m\u00fanich.<\/p>\n<p>El Viernes, en un Discurso en Forma de Diatriba Contra Europa en la Conferencia Sobre Seguridad de M\u00fanich, El Vicepresidente Estadounidense Jd Vance, Pidi\u00f3 Especialeficamento a Los Partidos Pol\u00edtos Alemanes, Ya La derecha Cl\u00e1Sica en particular, no seguir Condenando altracislo ALTERATERATEREMA INTERETETEREMA INTERETETEREMA ATROTETEREMA ATROTETEREMA ATETECHEL .<\/p>\n<p>En Berl\u00edn, muchos manifestantes se preocupan por los sondeos que mUestran que afd podr\u00eda convertirse en el segundo partido m\u00e1s votado en alemania tras la elecci\u00f3n legislativas del 23 de febrero. Las Encuestas Prev\u00e9n que Afd OBDENDRIA DE 20 A 21 Por Ciento de los Votos, Detr\u00e1s de la Oposici\u00f3nica Conservadora, Que Sacar\u00eda Entre 30 y 32 Por CientO, y por delante delante Socialaldem\u00f3crata Spd, Que Fluct\u00daa El 15 Por Ciento.<\/p>\n<p>DZC (AFP, DPA)<\/p>\n<\/div>\n\n","protected":false},"excerpt":{"rendered":"<p>Varias Decenas de Miles de Personas SE ManifiSaron Este Domingo (16.02.2025) En Berl\u00edn, un favor de la Democracia y para reclazara la Posibilidad de Que la Ultraderecha Gobierne, Poco Despu\u00e9s de Que el Vicepresidental de Estados Unidos Lanzara Un Llamado Muy Pol\u00e9mico Alemanes para que no Sigan Condenando al Ostracismo una alternativa para Alemania (AFD). &hellip;<\/p>\n","protected":false},"author":1,"featured_media":14961,"comment_status":"open","ping_status":"open","sticky":false,"template":"","format":"standard","meta":{"fifu_image_url":"https:\/\/static.dw.com\/image\/71632463_6.jpg","fifu_image_alt":"","footnotes":""},"categories":[13],"tags":[],"class_list":["post-14960","post","type-post","status-publish","format-standard","has-post-thumbnail","","category-mundo"],"_links":{"self":[{"href":"https:\/\/noticiasveraces.com\/index.php?rest_route=\/wp\/v2\/posts\/14960","targetHints":{"allow":["GET"]}}],"collection":[{"href":"https:\/\/noticiasveraces.com\/index.php?rest_route=\/wp\/v2\/posts"}],"about":[{"href":"https:\/\/noticiasveraces.com\/index.php?rest_route=\/wp\/v2\/types\/post"}],"author":[{"embeddable":true,"href":"https:\/\/noticiasveraces.com\/index.php?rest_route=\/wp\/v2\/users\/1"}],"replies":[{"embeddable":true,"href":"https:\/\/noticiasveraces.com\/index.php?rest_route=%2Fwp%2Fv2%2Fcomments&post=14960"}],"version-history":[{"count":0,"href":"https:\/\/noticiasveraces.com\/index.php?rest_route=\/wp\/v2\/posts\/14960\/revisions"}],"wp:featuredmedia":[{"embeddable":true,"href":"https:\/\/noticiasveraces.com\/index.php?rest_route=\/wp\/v2\/media\/14961"}],"wp:attachment":[{"href":"https:\/\/noticiasveraces.com\/index.php?rest_route=%2Fwp%2Fv2%2Fmedia&parent=14960"}],"wp:term":[{"taxonomy":"category","embeddable":true,"href":"https:\/\/noticiasveraces.com\/index.php?rest_route=%2Fwp%2Fv2%2Fcategories&post=14960"},{"taxonomy":"post_tag","embeddable":true,"href":"https:\/\/noticiasveraces.com\/index.php?rest_route=%2Fwp%2Fv2%2Ftags&post=14960"}],"curies":[{"name":"wp","href":"https:\/\/api.w.org\/{rel}","templated":true}]}}