{"id":14957,"date":"2025-02-16T13:19:05","date_gmt":"2025-02-16T17:19:05","guid":{"rendered":"https:\/\/noticiasveraces.com\/?p=14957"},"modified":"2025-02-16T13:19:05","modified_gmt":"2025-02-16T17:19:05","slug":"el-sospechoso-de-ataque-de-austria-apunalamiento-es-un-migrante-sirio-que-prometio-lealtad-al-estado-islamico-dicen-las-autoridades","status":"publish","type":"post","link":"https:\/\/noticiasveraces.com\/?p=14957","title":{"rendered":"El sospechoso de ataque de Austria apu\u00f1alamiento es un migrante sirio que prometi\u00f3 lealtad al Estado Isl\u00e1mico, dicen las autoridades"},"content":{"rendered":"<p> \n<br \/><img decoding=\"async\" src=\"https:\/\/a57.foxnews.com\/static.foxnews.com\/foxnews.com\/content\/uploads\/2025\/02\/931\/523\/gettyimages-2199309721.jpg?ve=1&amp;tl=1\" \/><\/p>\n<p>Las autoridades austriacas dijeron el domingo que el sospechoso que creen que apu\u00f1al\u00f3 fatalmente a un ni\u00f1o de 14 a\u00f1os e hiri\u00f3 a otros cinco en la aldea de Villach es un refugiado sirio que prometi\u00f3 lealtad al Estado Isl\u00e1mico. <\/p>\n<p>En una conferencia de prensa, el ministro del Interior austriaco, Gerhard Karner, dijo que el Nacional Sirio de 23 a\u00f1os fue arrestado siete minutos despu\u00e9s del ataque del s\u00e1bado en el pueblo de aproximadamente 60,000 personas que bordean Italia y Eslovenia. <\/p>\n<p>\u00abEste es un ataque islamista con una conexi\u00f3n IS de un atacante que se radicaliz\u00f3 en muy poco tiempo a trav\u00e9s de Internet en l\u00ednea\u00bb, dijo Karner a los periodistas, seg\u00fan Associated Press. <\/p>\n<p>Con respecto a la migraci\u00f3n masiva y los solicitantes de asilo, Karner, un conservador, dijo que, en \u00faltima instancia, ser\u00e1 necesario \u00abllevar a cabo un examen de masa sin causa porque este asesino no fue conspicuo\u00bb. <\/p>\n<p><strong>El conductor del autom\u00f3vil en Munich se presenta a la multitud 1 d\u00eda antes de que Vance y los l\u00edderes mundiales se re\u00fanan para la Conferencia de Seguridad.<\/strong><\/p>\n<p>\u00abHay compasi\u00f3n, hay tristeza, pero en estos momentos tambi\u00e9n es comprensible que a menudo hay enojo y rabia\u00bb, agreg\u00f3 Karner, seg\u00fan Reuters. \u00abEnojo hacia un atacante islamista que apu\u00f1al\u00f3 al azar a personas inocentes aqu\u00ed en esta ciudad\u00bb.<\/p>\n<p>El ataque se produjo un d\u00eda despu\u00e9s de que el vicepresidente JD Vance reprendi\u00f3 a los l\u00edderes europeos en la Conferencia de Seguridad de Munich sobre la migraci\u00f3n masiva, as\u00ed como las represiones en la libertad de expresi\u00f3n. <\/p>\n<p>Como las autoridades revelaron el supuesto \u00abmotivo del terror isl\u00e1mico\u00bb, el l\u00edder de extrema derecha de Austria, Herbert Kickl, cuyo partido gan\u00f3 una elecci\u00f3n nacional hace cuatro meses, pidi\u00f3 \u00abuna rigurosa ofensiva contra el asilo\u00bb a ra\u00edz del ataque.<\/p>\n<p>Kickl escribi\u00f3 el s\u00e1bado X que est\u00e1 \u00abhorrorizado por el horrible acto de Villach\u00bb.<\/p>\n<p>\u00abAl mismo tiempo, estoy enojado, enojado con aquellos pol\u00edticos que han permitido apu\u00f1alamientos, violaciones, guerras de pandillas y otros delitos capital para convertirse en la orden del d\u00eda en Austria. Este es un fracaso de primera clase del sistema, para el cual Un joven en Villach ahora ha tenido que pagar con su vida \u00ab, dijo Kickl.<\/p>\n<p>\u00abDesde Austria hasta la UE: las reglas equivocadas est\u00e1n en vigor en todas partes. A nadie se le permite desafiarlos, todo se declara sacros\u00e1ntico\u00bb, dijo, y agreg\u00f3 que su partido hab\u00eda esbozado lo que \u00e9l ve\u00eda como cambios necesarios en las leyes de inmigraci\u00f3n en su plataforma electoral .<\/p>\n<p>El sospechoso est\u00e1 acusado de asesinato e intento de asesinato. La polic\u00eda austriaca dijo que el sospechoso se registr\u00f3 a s\u00ed mismo prometiendo lealtad a la SIS, seg\u00fan Reuters. <\/p>\n<p>La directora de polic\u00eda estatal, Michaela Kohlwei\u00df, dijo que las autoridades registraron el apartamento del sospechoso con perros rastreadores y encontrado es banderas en las paredes. <\/p>\n<p>No se encontraron armas ni objetos peligrosos, agreg\u00f3, pero la polic\u00eda incaut\u00f3 tel\u00e9fonos m\u00f3viles. La polic\u00eda estaba investigando si el sospechoso ten\u00eda c\u00f3mplices.<\/p>\n<p>\u00abLa imagen actual es la de un autor solitario\u00bb, dijo Kohlwei\u00df, seg\u00fan la AP. <\/p>\n<p>El gobernador del estado de Carintia, Peter Kaiser, agradeci\u00f3 a otro ciudadano sirio, un hombre de 42 a\u00f1os que trabajaba para una compa\u00f1\u00eda de entrega de alimentos, que condujo hacia el sospechoso y ayud\u00f3 a evitar que la situaci\u00f3n empeorara. <\/p>\n<p><strong>Sospechoso en el ataque automovil\u00edstico de Munich ten\u00eda &#8216;motivaci\u00f3n islamista&#8217;, dice el fiscal<\/strong><\/p>\n<p>\u00abEsto muestra cu\u00e1n estrechamente malvado pero tambi\u00e9n bien humano puede unirse en la misma nacionalidad\u00bb, dijo Kaiser. <\/p>\n<p>El alcalde de Villach, Guenther Albel, dijo que el ataque fue una \u00abpu\u00f1alada en el coraz\u00f3n de la ciudad\u00bb.<\/p>\n<p>El l\u00edder del Partido Conservador austriaco, Christian Stocker, dijo en X que el atacante \u00abdebe ser llevado ante la justicia y ser castigado con toda la fuerza de la ley\u00bb.<\/p>\n<p>\u00abTodos queremos vivir en una Austria segura, y agreg\u00f3 que esto significa que las medidas pol\u00edticas deben tomarse para evitar tales actos de horror en el futuro\u00bb, dijo.<\/p>\n<p>El d\u00eda antes de que Vance visitara la Conferencia de Seguridad de M\u00fanich, un refugiado afgano el jueves ar\u00f3 el jueves una multitud en una multitud en la ciudad alemana, hiriendo a docenas de personas, incluida una madre y su hija de 2 a\u00f1os, que luego muri\u00f3. <\/p>\n<p>\u00abEl n\u00famero de inmigrantes que ingresaron a la UE desde pa\u00edses que no son de la UE se duplic\u00f3 entre 2021 y 2022 solo, y por supuesto, ha aumentado mucho m\u00e1s alto desde que\u00bb, dijo Vance el viernes. \u00abEs el resultado de una serie de decisiones conscientes tomadas por los pol\u00edticos de todo el continente. Otros en todo el mundo en el lapso de una d\u00e9cada. Vimos los horrores forzados por estas decisiones ayer en esta misma ciudad. Y, por supuesto, puedo \u00bb. T\u00farelo nuevamente sin pensar en las terribles v\u00edctimas que tuvieron un hermoso d\u00eda de invierno en Munich. <\/p>\n<p>\u00abEs una historia terrible, pero es una que hemos escuchado demasiadas veces en Europa, y desafortunadamente tambi\u00e9n demasiadas veces en los Estados Unidos\u00bb, dijo Vance. \u00abUn solicitante de asilo, a menudo un hombre joven de unos 20 a\u00f1os, ya conocido por la polic\u00eda, repleta de un autom\u00f3vil a una multitud y rompe a una comunidad. \u00bfCu\u00e1ntas veces debemos sufrir estos atroces contratiempos antes de cambiar el rumbo y llevar nuestra civilizaci\u00f3n compartida en \u00bfUna nueva direcci\u00f3n? \u00bb <\/p>\n<p>El apu\u00f1alamiento en Villach el s\u00e1bado marc\u00f3 lo que se cree que es el segundo ataque terrorista isl\u00e1mico mortal en Austria en los \u00faltimos a\u00f1os. En noviembre de 2020, un hombre que previamente hab\u00eda intentado unirse al Estado Isl\u00e1mico llev\u00f3 a cabo un alboroto en Viena, armado con un rifle autom\u00e1tico y un chaleco explosivo falso, matando a cuatro personas antes de que la polic\u00eda le disparara fatalmente. En agosto pasado, las autoridades austriacas dijeron que frustraron un ataque planificado en un concierto de Taylor Swift en Viena por un adolescente que supuestamente hab\u00eda prometido lealtad.<\/p>\n<p><i>Associated Press contribuy\u00f3 a este informe. <\/i><\/p>\n\n","protected":false},"excerpt":{"rendered":"<p>Las autoridades austriacas dijeron el domingo que el sospechoso que creen que apu\u00f1al\u00f3 fatalmente a un ni\u00f1o de 14 a\u00f1os e hiri\u00f3 a otros cinco en la aldea de Villach es un refugiado sirio que prometi\u00f3 lealtad al Estado Isl\u00e1mico. En una conferencia de prensa, el ministro del Interior austriaco, Gerhard Karner, dijo que el &hellip;<\/p>\n","protected":false},"author":1,"featured_media":14959,"comment_status":"open","ping_status":"open","sticky":false,"template":"","format":"standard","meta":{"fifu_image_url":"https:\/\/a57.foxnews.com\/static.foxnews.com\/foxnews.com\/content\/uploads\/2025\/02\/931\/523\/gettyimages-2199309721.jpg?ve=1&tl=1","fifu_image_alt":"","footnotes":""},"categories":[13],"tags":[],"class_list":["post-14957","post","type-post","status-publish","format-standard","has-post-thumbnail","","category-mundo"],"_links":{"self":[{"href":"https:\/\/noticiasveraces.com\/index.php?rest_route=\/wp\/v2\/posts\/14957","targetHints":{"allow":["GET"]}}],"collection":[{"href":"https:\/\/noticiasveraces.com\/index.php?rest_route=\/wp\/v2\/posts"}],"about":[{"href":"https:\/\/noticiasveraces.com\/index.php?rest_route=\/wp\/v2\/types\/post"}],"author":[{"embeddable":true,"href":"https:\/\/noticiasveraces.com\/index.php?rest_route=\/wp\/v2\/users\/1"}],"replies":[{"embeddable":true,"href":"https:\/\/noticiasveraces.com\/index.php?rest_route=%2Fwp%2Fv2%2Fcomments&post=14957"}],"version-history":[{"count":0,"href":"https:\/\/noticiasveraces.com\/index.php?rest_route=\/wp\/v2\/posts\/14957\/revisions"}],"wp:featuredmedia":[{"embeddable":true,"href":"https:\/\/noticiasveraces.com\/index.php?rest_route=\/wp\/v2\/media\/14959"}],"wp:attachment":[{"href":"https:\/\/noticiasveraces.com\/index.php?rest_route=%2Fwp%2Fv2%2Fmedia&parent=14957"}],"wp:term":[{"taxonomy":"category","embeddable":true,"href":"https:\/\/noticiasveraces.com\/index.php?rest_route=%2Fwp%2Fv2%2Fcategories&post=14957"},{"taxonomy":"post_tag","embeddable":true,"href":"https:\/\/noticiasveraces.com\/index.php?rest_route=%2Fwp%2Fv2%2Ftags&post=14957"}],"curies":[{"name":"wp","href":"https:\/\/api.w.org\/{rel}","templated":true}]}}