{"id":14936,"date":"2025-02-16T10:45:11","date_gmt":"2025-02-16T14:45:11","guid":{"rendered":"https:\/\/noticiasveraces.com\/?p=14936"},"modified":"2025-02-16T10:45:11","modified_gmt":"2025-02-16T14:45:11","slug":"muere-michael-osullivan-jinete-de-24-anos-tras-caerse-de-un-caballo","status":"publish","type":"post","link":"https:\/\/noticiasveraces.com\/?p=14936","title":{"rendered":"Muere Michael O&#8217;Sullivan, Jinete de 24 A\u00f1os, Tras Caerse de Un Caballo"},"content":{"rendered":"<p> \n<\/p>\n<div id=\"intext\">\n<p>El Deporte Brit\u00e1nnico Est\u00e1 de Luto Tras Conocerse Hace Unas Horas El <b>Fallecimiento de Michael O\u00b4sullivan<\/b>Joven <u>Jinete de 24 A\u00f1o<\/u>s que no ha podido superar las graves heridas tras <b>Caerse de su Caballo<\/b> El Pasado 6 de Febero.<\/p>\n[[H2:O\u00b4Sullivan cay\u00f3 en la \u00faltima valla del hip\u00f3dromo]]\n<p>El accidente Tuvo Lugar en Plena Carrera disputada en Thurles, Sur de Irlanda, Cuando El Jinete <b>Cay\u00f3 en la \u00daltima Valla del Hip\u00f3ron<\/b> Mientras Montaba A Su Caballo &#8216;Wee Charlie&#8217;, atrenado por Gerard O&#8217;Leary.<\/p>\n<p>Enseguida Fue Atendido por Los Servicios M\u00e9dicos, Que ante LA <u>Gravedada de la Ca\u00edda<\/u> Fue Trasladado de Urgencia al Hospital Universitario de Cork en un helic\u00f3ptero, Donde Ingres\u00f3 en coma inducido y recibio cuidados intensivos desde el 6 de febrero haasta su fallecimento este domingo por la morisana. La Competici\u00f3n se suspendi\u00f3 al Instante Despu\u00e9s de Conocerse la Gravedad del Accidente.<\/p>\n<h2 class=\"title-h2\">\u00abLa Familia de Michael decidi\u00f3 donar sus \u00d3rganos\u00bb<\/h2>\n<p>\u00ab<i>En Nombre de la Familia O&#8217;Sullivan, Con Profunda Tristza la ihrb Confirma El Fallecimiento de Michael O&#8217;Sullivan. Los Directores y el personal del extensor de desean personal sus m\u00e1s sincceras condolencias a la familia de Michael, su pareja, Sus Amigos, Sus Colegas en la Sala de Pesaje y la Comunidad de Carreras en General en este Momento.<\/i><\/p>\n<p><i>La dra. Jennifer Pugh, directora m\u00e9dica del IHRB, dijo: \u00abMichael falleci\u00f3 tristemente en las primeras horas de la ma\u00f1ana del domingo rodeado de su querida familia en el Hospital Universitario de Cork. Extendemos nuestro agradecimiento a los equipos multidisciplinarios que brindaron la mejor atenci\u00f3n m\u00e9dica a Michael , Tanto en el Hip\u00f3dromo Como en el Hospital Universitario de Cork.<\/i>\u00ab, Dec\u00eda el Comunicado de la Ihrb (Consejo Regulador de Carreras de Caballos de Irlanda).<\/p>\n<p>O&#8217;Sullivan, de 24 A\u00f1os, YA era una Realidad en Las Carreras de Caballos A Nducional. SE Convirti\u00f3 en Jinete Profesional en 2022 y Acumul\u00f3 un Total de 90 Victorias En Irlanda y Cinco en Reino Unido. Se le describe como \u00abjinete excepcionalmento talentoso\u00bb y un \u00abJoven Destacado\u00bb. Durante Las \u00daltimas Horas no Dejan de pronunciarse figuras de este deporte: \u00abEstamos devastados2,\u00bb una p\u00e9rdida tr\u00e1gica \u00ab.<\/p>\n<p><i>S\u00edguenos en nuestro canal de whatsapp y no te Pierdas la \u00daLtima Hora y Toda la actualidad de antena3noticias.com<\/i><\/p>\n<div class=\"recirculation-video\" data-mod=\"a3mod_recirculation_video\">\n<div class=\"recirculation-video-wrapper\">\n<div>\n<div class=\"video-wrapper\">\n  <picture class=\"video-main-picture\"><source media=\"(min-width: 481px)\" srcset=\"https:\/\/fotografias.antena3.com\/clipping\/cmsimages01\/2025\/02\/14\/7EE353FB-719C-4076-9E78-BE5FE8FFF42C\/sillas-camp-nou-langa-duero_94.jpg?crop=1920,1080,x0,y0&amp;width=800&amp;height=450&amp;optimize=medium&amp;format=webply\" width=\"800\" height=\"450\"><source media=\"(min-width: 391px) and (max-width: 480px)\" srcset=\"https:\/\/fotografias.antena3.com\/clipping\/cmsimages01\/2025\/02\/14\/7EE353FB-719C-4076-9E78-BE5FE8FFF42C\/sillas-camp-nou-langa-duero_70.jpg?crop=1920,1080,x0,y0&amp;width=480&amp;height=270&amp;optimize=high&amp;format=webply\" width=\"480\" height=\"270\"><source media=\"(min-width: 321px) and (max-width: 390px)\" srcset=\"https:\/\/fotografias.antena3.com\/clipping\/cmsimages01\/2025\/02\/14\/7EE353FB-719C-4076-9E78-BE5FE8FFF42C\/sillas-camp-nou-langa-duero_92.jpg?crop=1920,1078,x0,y0&amp;width=390&amp;height=219&amp;optimize=high&amp;format=webply\" width=\"390\" height=\"219\"><source media=\"(max-width: 320px)\" srcset=\"https:\/\/fotografias.antena3.com\/clipping\/cmsimages01\/2025\/02\/14\/7EE353FB-719C-4076-9E78-BE5FE8FFF42C\/sillas-camp-nou-langa-duero_52.jpg?crop=1920,1080,x0,y0&amp;width=320&amp;height=180&amp;optimize=high&amp;format=webply\" width=\"320\" height=\"180\"><img decoding=\"async\" title=\"Sillas del Camp Nou en Langa de Duero\" alt=\"Sillas del Camp Nou en Langa de Duero\" width=\"480\" height=\"270\" src=\"https:\/\/fotografias.antena3.com\/clipping\/cmsimages01\/2025\/02\/14\/7EE353FB-719C-4076-9E78-BE5FE8FFF42C\/sillas-camp-nou-langa-duero_70.jpg?crop=1920,1080,x0,y0&amp;width=480&amp;height=270&amp;optimize=high&amp;format=webply\" loading=\"lazy\" class=\"lazy\"\/><br \/>\n  <\/source><\/source><\/source><\/source><\/picture>\n <\/div>\n<\/div><\/div>\n<\/p><\/div>\n<\/div>\n\n","protected":false},"excerpt":{"rendered":"<p>El Deporte Brit\u00e1nnico Est\u00e1 de Luto Tras Conocerse Hace Unas Horas El Fallecimiento de Michael O\u00b4sullivanJoven Jinete de 24 A\u00f1os que no ha podido superar las graves heridas tras Caerse de su Caballo El Pasado 6 de Febero. [[H2:O\u00b4Sullivan cay\u00f3 en la \u00faltima valla del hip\u00f3dromo]] El accidente Tuvo Lugar en Plena Carrera disputada en &hellip;<\/p>\n","protected":false},"author":1,"featured_media":14938,"comment_status":"open","ping_status":"open","sticky":false,"template":"","format":"standard","meta":{"fifu_image_url":"https:\/\/fotografias.antena3.com\/clipping\/cmsimages01\/2025\/02\/16\/8ED2F8BB-B2A4-4300-B394-C2577DF05B91\/michael-osullivan-carrera-2022_69.jpg?crop=3642,2049,x0,y290&width=1280&height=720&optimize=low&format=jpg","fifu_image_alt":"","footnotes":""},"categories":[6],"tags":[],"class_list":["post-14936","post","type-post","status-publish","format-standard","has-post-thumbnail","","category-deportes"],"_links":{"self":[{"href":"https:\/\/noticiasveraces.com\/index.php?rest_route=\/wp\/v2\/posts\/14936","targetHints":{"allow":["GET"]}}],"collection":[{"href":"https:\/\/noticiasveraces.com\/index.php?rest_route=\/wp\/v2\/posts"}],"about":[{"href":"https:\/\/noticiasveraces.com\/index.php?rest_route=\/wp\/v2\/types\/post"}],"author":[{"embeddable":true,"href":"https:\/\/noticiasveraces.com\/index.php?rest_route=\/wp\/v2\/users\/1"}],"replies":[{"embeddable":true,"href":"https:\/\/noticiasveraces.com\/index.php?rest_route=%2Fwp%2Fv2%2Fcomments&post=14936"}],"version-history":[{"count":0,"href":"https:\/\/noticiasveraces.com\/index.php?rest_route=\/wp\/v2\/posts\/14936\/revisions"}],"wp:featuredmedia":[{"embeddable":true,"href":"https:\/\/noticiasveraces.com\/index.php?rest_route=\/wp\/v2\/media\/14938"}],"wp:attachment":[{"href":"https:\/\/noticiasveraces.com\/index.php?rest_route=%2Fwp%2Fv2%2Fmedia&parent=14936"}],"wp:term":[{"taxonomy":"category","embeddable":true,"href":"https:\/\/noticiasveraces.com\/index.php?rest_route=%2Fwp%2Fv2%2Fcategories&post=14936"},{"taxonomy":"post_tag","embeddable":true,"href":"https:\/\/noticiasveraces.com\/index.php?rest_route=%2Fwp%2Fv2%2Ftags&post=14936"}],"curies":[{"name":"wp","href":"https:\/\/api.w.org\/{rel}","templated":true}]}}