{"id":14928,"date":"2025-02-16T10:11:21","date_gmt":"2025-02-16T14:11:21","guid":{"rendered":"https:\/\/noticiasveraces.com\/?p=14928"},"modified":"2025-02-16T10:11:21","modified_gmt":"2025-02-16T14:11:21","slug":"apunalamiento-en-austria-fue-un-ataque-islamista-dw-16-02-2025","status":"publish","type":"post","link":"https:\/\/noticiasveraces.com\/?p=14928","title":{"rendered":"Apu\u00f1alamiento en Austria Fue un \u00abAtaque Islamista\u00bb &#8211; DW &#8211; 16\/02\/2025"},"content":{"rendered":"<p> \n<\/p>\n<div>\n<p>El Ministro del Interior Austriaca Gerhard Karner Calific\u00f3 Este Domingo (16.02.2025) de \u00abAtaque Islamista\u00bb El Apu\u00f1alamiento que Cobro la Vida de Un Adolescente Este S\u00e1bado e Hiri\u00f3 a Otras Cinco Personas en El Sur de Austria.<\/p>\n<p>\u00abEs un ataque islamista que tiene v\u00ednculos con ei (estado isl\u00e1mico)\u00bb, declar\u00f3 en villach, la ciancia donde tuvo lugar la agresi\u00f3n. El Sospechoso, Un Sirio Solicitante de Asilo de 23 A\u00f1os, se radicaliz\u00f3 en l\u00ednea \u00aben Poco tiempo\u00bb, Agreg\u00f3.<\/p>\n<p>Fue detenido justo desespu\u00e9s de la agresi\u00f3n gracias a la reacci\u00f3 de un repartoRidor de comida, Tambi\u00e9n de Siria, que lo embisti\u00f3 con su veh\u00edculo al ver lo que estaba ocurriendo.<\/p>\n<p>Un adolescente de 14 A\u00f1os muri\u00f3 en el Apu\u00f1alamiento y OTROS CINCO HOMBRES SURVARON HERIDOS, DOS DE ELLOS EN ESTADO GRAVE, IND\u00d3 LA POLIC\u00cdA.<\/p>\n<figure class=\"placeholder-image master_landscape big\"><img data-format=\"MASTER_LANDSCAPE\" data-id=\"71626616\" data-url=\"https:\/\/static.dw.com\/image\/71626616_${formatId}.jpg\" data-aspect-ratio=\"16\/9\" alt=\"La Polic\u00eda Examina El Lugar en El Que Ocurri\u00f3 El Ataque en Villach (15.02.2025)\" style=\"padding-bottom: 56.25%; height: 0; max-height: 0;\"\/><figcaption class=\"img-caption\">La Polic\u00eda Examina El Lugar en El Que Ocurri\u00f3 El Ataque en Villach (15.02.2025)<small class=\"copyright\">Imagen: Gerd Eggenberger\/APA\/AFPGERD EGGENBERGER\/APA\/AFP<\/small><\/figcaption><\/figure>\n<p>El Ataque, Perpetrado en el Centro de la Ciudad, Conmocion\u00f3 a Esta Nacia Alpina de Nueve Millones de Habitantes, Donde la Extrema Derecha Logr\u00f3 una hist\u00f3rica Victoria en Las Legislativas de Septiembre.<\/p>\n<p>La Formaci\u00f3n Ultraderechista Fp\u00f6, Sin embargo, fracas\u00f3 esta semana en formar un gobierno de coalici\u00f3non con los conservadores, Que Llegaron en Segundo Lugar.<\/p>\n<p>Los desacuerdos para la formaci\u00f3n de un eJecutivo se debieron principal de la tema de qui\u00e9n ocupar\u00eda puestos sensibles relaciones con la inmigraci\u00f3n y la seguridad.<\/p>\n<p>RR (AFP\/AP\/Reuters)<\/p>\n<\/div>\n\n","protected":false},"excerpt":{"rendered":"<p>El Ministro del Interior Austriaca Gerhard Karner Calific\u00f3 Este Domingo (16.02.2025) de \u00abAtaque Islamista\u00bb El Apu\u00f1alamiento que Cobro la Vida de Un Adolescente Este S\u00e1bado e Hiri\u00f3 a Otras Cinco Personas en El Sur de Austria. \u00abEs un ataque islamista que tiene v\u00ednculos con ei (estado isl\u00e1mico)\u00bb, declar\u00f3 en villach, la ciancia donde tuvo lugar &hellip;<\/p>\n","protected":false},"author":1,"featured_media":14929,"comment_status":"open","ping_status":"open","sticky":false,"template":"","format":"standard","meta":{"fifu_image_url":"https:\/\/static.dw.com\/image\/71630509_6.jpg","fifu_image_alt":"","footnotes":""},"categories":[13],"tags":[],"class_list":["post-14928","post","type-post","status-publish","format-standard","has-post-thumbnail","","category-mundo"],"_links":{"self":[{"href":"https:\/\/noticiasveraces.com\/index.php?rest_route=\/wp\/v2\/posts\/14928","targetHints":{"allow":["GET"]}}],"collection":[{"href":"https:\/\/noticiasveraces.com\/index.php?rest_route=\/wp\/v2\/posts"}],"about":[{"href":"https:\/\/noticiasveraces.com\/index.php?rest_route=\/wp\/v2\/types\/post"}],"author":[{"embeddable":true,"href":"https:\/\/noticiasveraces.com\/index.php?rest_route=\/wp\/v2\/users\/1"}],"replies":[{"embeddable":true,"href":"https:\/\/noticiasveraces.com\/index.php?rest_route=%2Fwp%2Fv2%2Fcomments&post=14928"}],"version-history":[{"count":0,"href":"https:\/\/noticiasveraces.com\/index.php?rest_route=\/wp\/v2\/posts\/14928\/revisions"}],"wp:featuredmedia":[{"embeddable":true,"href":"https:\/\/noticiasveraces.com\/index.php?rest_route=\/wp\/v2\/media\/14929"}],"wp:attachment":[{"href":"https:\/\/noticiasveraces.com\/index.php?rest_route=%2Fwp%2Fv2%2Fmedia&parent=14928"}],"wp:term":[{"taxonomy":"category","embeddable":true,"href":"https:\/\/noticiasveraces.com\/index.php?rest_route=%2Fwp%2Fv2%2Fcategories&post=14928"},{"taxonomy":"post_tag","embeddable":true,"href":"https:\/\/noticiasveraces.com\/index.php?rest_route=%2Fwp%2Fv2%2Ftags&post=14928"}],"curies":[{"name":"wp","href":"https:\/\/api.w.org\/{rel}","templated":true}]}}