{"id":14921,"date":"2025-02-16T09:10:09","date_gmt":"2025-02-16T13:10:09","guid":{"rendered":"https:\/\/noticiasveraces.com\/?p=14921"},"modified":"2025-02-16T09:10:09","modified_gmt":"2025-02-16T13:10:09","slug":"un-muerto-y-4-heridos-en-ataque-con-cuchillo-en-austria-dw-15-02-2025","status":"publish","type":"post","link":"https:\/\/noticiasveraces.com\/?p=14921","title":{"rendered":"Un Muerto y 4 Heridos en Ataque Con Cuchillo en Austria &#8211; DW &#8211; 15\/02\/2025"},"content":{"rendered":"<p> \n<\/p>\n<div>\n<p>Un adolescente de 14 A\u00f1os muri\u00f3 y otras cuatro personajes resultando Heridas este S\u00e1bado (15.02.2025) en un ataque con cuchillo en el sur de austria, indic\u00f3 la polic\u00eda, que afirm\u00f3 haber arrestado a un solicitante de asilo de 23 a\u00f1os conl Residencia en vigor. La Polic\u00eda Est\u00e1 A\u00fan Investigando Si El Atacante Actu\u00f3 Solo o Si Tuvo Alg\u00fan COMplice, y Tambi\u00e9n si Ten\u00eda Alguna Relaci\u00f3n Con Sus V\u00edctimas.<\/p>\n<p>\u00abUn hombre atac\u00f3 al azar a transe\u00fantes con un cuchillo\u00bb en la ciencia de villach, declaran rainer dionisio, portavoz de la polic\u00eda. \u00abUna V\u00edcima, Un Chico de 14 A\u00f1os, Muri\u00f3\u00bb, Agreg\u00f3. OTROS DOS HOMBRES SUFRIERON HERidas Graves, Mientras que oTros dos resultandoon Heridos Leves, Seg\u00fan El Portavoz, Que dijo que Momento se desconocen los motores del Ataque.<\/p>\n<p>Los Hechos Ocurrieron Poco Antes de Las 16.00 Horas en el Centro de la Ciudad, en la Provincia de Carintia. ONU REPARTADOR DE COMIDA, Tambi\u00e9n Sirio Seg\u00fan la Prensa Local, Vio lo que Estaba Ocurriendo y EMBISTi\u00f3 con su veh\u00edculo Agresor, que result\u00f3 Herido Leve y Pudo ser detenido \u00abJusto desescu\u00e9s del Ataque\u00bb, Seg\u00fan Dionisio. La Prensa Se\u00f1ala que el Supuest\u00f3n Agresor no Ten\u00eda Antecedentes Policiales.<\/p>\n<h2>Radical de giro<\/h2>\n<p>El Ataque se produce en Momentos de Agitaci\u00f3n Pol\u00edtica en Austria, con el Ultraderechista Partido de la Libertad -que OBVOVO El Primer Lugar en Las Parlamentarias de Septiembre -Sido Incapaz de Formar Un Gobierno de Coalici\u00f3n, por lo que el que se septiembur UNA de sus Principales Promesas del Partido es Aumar las Deportaciones.<\/p>\n<p>Su L\u00edder, Herbert Kickl, emiti\u00f3 un comunicado Se\u00f1alando que \u00abNecesitamos Dar Un Giro Radical A Las Polyticas de Asilo, no podemos seguir importando situaciones como la de villach\u00bb.<\/p>\n<p>Adem\u00e1s, este incidente se produce tan s\u00f3lo dos dias desespu\u00e9s de un atropello masivo en la Ciudad de M\u00fanich, en Alemania. Una Ni\u00f1a de dos A\u00f1os y Su Madre Murieron Este S\u00e1bado A Causa de Lashidas Sufridas en eso Ataque, Que Dej\u00f3 oTros 37 Heridos. Un Solicitante de Asilo Afgano de 24 A\u00f1os Fue detenido el Jueves como sospechoso, y la Polic\u00eda Cree que el Ataque Pudo tener motivaciones islamistas.<\/p>\n<p>DZC (EFE, AFP, Reuters)<\/p>\n<\/div>\n\n","protected":false},"excerpt":{"rendered":"<p>Un adolescente de 14 A\u00f1os muri\u00f3 y otras cuatro personajes resultando Heridas este S\u00e1bado (15.02.2025) en un ataque con cuchillo en el sur de austria, indic\u00f3 la polic\u00eda, que afirm\u00f3 haber arrestado a un solicitante de asilo de 23 a\u00f1os conl Residencia en vigor. La Polic\u00eda Est\u00e1 A\u00fan Investigando Si El Atacante Actu\u00f3 Solo o &hellip;<\/p>\n","protected":false},"author":1,"featured_media":14922,"comment_status":"open","ping_status":"open","sticky":false,"template":"","format":"standard","meta":{"fifu_image_url":"https:\/\/static.dw.com\/image\/71626616_6.jpg","fifu_image_alt":"","footnotes":""},"categories":[13],"tags":[],"class_list":["post-14921","post","type-post","status-publish","format-standard","has-post-thumbnail","","category-mundo"],"_links":{"self":[{"href":"https:\/\/noticiasveraces.com\/index.php?rest_route=\/wp\/v2\/posts\/14921","targetHints":{"allow":["GET"]}}],"collection":[{"href":"https:\/\/noticiasveraces.com\/index.php?rest_route=\/wp\/v2\/posts"}],"about":[{"href":"https:\/\/noticiasveraces.com\/index.php?rest_route=\/wp\/v2\/types\/post"}],"author":[{"embeddable":true,"href":"https:\/\/noticiasveraces.com\/index.php?rest_route=\/wp\/v2\/users\/1"}],"replies":[{"embeddable":true,"href":"https:\/\/noticiasveraces.com\/index.php?rest_route=%2Fwp%2Fv2%2Fcomments&post=14921"}],"version-history":[{"count":0,"href":"https:\/\/noticiasveraces.com\/index.php?rest_route=\/wp\/v2\/posts\/14921\/revisions"}],"wp:featuredmedia":[{"embeddable":true,"href":"https:\/\/noticiasveraces.com\/index.php?rest_route=\/wp\/v2\/media\/14922"}],"wp:attachment":[{"href":"https:\/\/noticiasveraces.com\/index.php?rest_route=%2Fwp%2Fv2%2Fmedia&parent=14921"}],"wp:term":[{"taxonomy":"category","embeddable":true,"href":"https:\/\/noticiasveraces.com\/index.php?rest_route=%2Fwp%2Fv2%2Fcategories&post=14921"},{"taxonomy":"post_tag","embeddable":true,"href":"https:\/\/noticiasveraces.com\/index.php?rest_route=%2Fwp%2Fv2%2Ftags&post=14921"}],"curies":[{"name":"wp","href":"https:\/\/api.w.org\/{rel}","templated":true}]}}