{"id":14916,"date":"2025-02-16T08:05:12","date_gmt":"2025-02-16T12:05:12","guid":{"rendered":"https:\/\/noticiasveraces.com\/?p=14916"},"modified":"2025-02-16T08:05:12","modified_gmt":"2025-02-16T12:05:12","slug":"rusos-recuerdan-a-alexei-navalny-en-aniversario-de-su-muerte-dw-16-02-2025","status":"publish","type":"post","link":"https:\/\/noticiasveraces.com\/?p=14916","title":{"rendered":"Rusos Recuerdan A Alexei Navalny En Aniversario de Su Muerte &#8211; DW &#8211; 16\/02\/2025"},"content":{"rendered":"<p> \n<\/p>\n<div>\n<p>Cientos de Personas SE Congregaron Este Domingo (16.02.2025) en Mosc\u00fa Ante la Tumba de Alexei Navalny, A Pesar del Riesgo de representaci\u00f3n por parte de las autorridadas de las Autoridadas al Kreml\u00edn.<\/p>\n<p>En un d\u00eda de temperaturas glaciales, Decenas de Familias con ni\u00f1os se reunieron en el Lugar, donde se despleg\u00f3 un apositivo de seguridad discreto con Polic\u00edas Vestidos de civil. Al Final de la Ma\u00f1ana, La Tumba Estaba Cubierta de Flores y Decenas de Personas Segu\u00edan Llegando Al Cementerio.<\/p>\n<p>Varios Diplom\u00e1rtica Occidentales, Entre Ellos Los Representantes de Las Embajadas de Estados Unidos, Reino Unido, Espa\u00f1a, Noruega y la Uni\u00f3n Europea (UE), Tambi\u00e9n se Sumaron al Homenaje.<\/p>\n<p>La p\u00e9rdida de su figura m\u00e1s connotada, las luchas internas y la agravada represi\u00f3n en Rusia dejaron a la oposici\u00f3n en una posici\u00f3n de especial debilidad, aunque distintos dirigentes exiliados intentan reavivar la llama de la lucha contra el r\u00e9gimen de Vladimir Putin.<\/p>\n<figure class=\"placeholder-image master_landscape big\"><img data-format=\"MASTER_LANDSCAPE\" data-id=\"71628401\" data-url=\"https:\/\/static.dw.com\/image\/71628401_${formatId}.jpg\" data-aspect-ratio=\"16\/9\" alt=\"Al Final de la Ma\u00f1ana, La Tumba Estaba Cubierta de Flores y Decenas de Personas Segu\u00edan Llegando Al Cementerio (16.02.2025)\" style=\"padding-bottom: 56.25%; height: 0; max-height: 0;\"\/><figcaption class=\"img-caption\">Al Final de la Ma\u00f1ana, La Tumba Estaba Cubierta de Flores y Decenas de Personas Segu\u00edan Llegando Al Cementerio (16.02.2025)<small class=\"copyright\">Imagen: Evgenia Novazhenina\/Reuters<\/small><\/figcaption><\/figure>\n<h2><strong>Muerte del \u00abextremista\u00bb sin investigaci\u00f3n<\/strong><\/h2>\n<p>Navalny, Abogado, Activista Anticorrupci\u00f3n y el opositor principal Del Kremlin en Los \u00daltimos Tiempos, Fue declarado \u00abextremista\u00bb por la Justicia rusa. Mencionar Su Nombre o el de su organizaci\u00f3n, El Fondo de Lucha contra la corrupci\u00f3n (FBK), Sen Espec\u00edfico Estatus de \u00abExtremista\u00bb expone un los infractores a Duras Penas.<\/p>\n<p>Esta Amenaza Sigue Vigente A Pesar de su Muerte, En Circunstancias Que no Han Sido Esclarecidas, en una prisi\u00f3n del \u00c1rtico el 16 de febrero de 2024, y Pese a Que Casi todo lo entorno Vive Fuera de Rusia.<\/p>\n<p>\u00abSabemos Porqu\u00e9 Luchamos. Una Rusia del Futuro, Libre, Pac\u00edfica y Hermosa, Con la Que So\u00f1aba Alexei, Es Posible. Hagamos. que asumi\u00f3 el relevo de su moviente.<\/p>\n<p>\u00abNavalny Dio Su Vida por Una Rusia Libre y dem\u00f3crata\u00bb, Reiter\u00f3 por su parte la jefa de la diplomacia de la ue, kaja kallas.<\/p>\n<p>RR (AFP\/DPA)<\/p>\n<\/div>\n\n","protected":false},"excerpt":{"rendered":"<p>Cientos de Personas SE Congregaron Este Domingo (16.02.2025) en Mosc\u00fa Ante la Tumba de Alexei Navalny, A Pesar del Riesgo de representaci\u00f3n por parte de las autorridadas de las Autoridadas al Kreml\u00edn. En un d\u00eda de temperaturas glaciales, Decenas de Familias con ni\u00f1os se reunieron en el Lugar, donde se despleg\u00f3 un apositivo de seguridad &hellip;<\/p>\n","protected":false},"author":1,"featured_media":14917,"comment_status":"open","ping_status":"open","sticky":false,"template":"","format":"standard","meta":{"fifu_image_url":"https:\/\/static.dw.com\/image\/71628338_6.jpg","fifu_image_alt":"","footnotes":""},"categories":[13],"tags":[],"class_list":["post-14916","post","type-post","status-publish","format-standard","has-post-thumbnail","","category-mundo"],"_links":{"self":[{"href":"https:\/\/noticiasveraces.com\/index.php?rest_route=\/wp\/v2\/posts\/14916","targetHints":{"allow":["GET"]}}],"collection":[{"href":"https:\/\/noticiasveraces.com\/index.php?rest_route=\/wp\/v2\/posts"}],"about":[{"href":"https:\/\/noticiasveraces.com\/index.php?rest_route=\/wp\/v2\/types\/post"}],"author":[{"embeddable":true,"href":"https:\/\/noticiasveraces.com\/index.php?rest_route=\/wp\/v2\/users\/1"}],"replies":[{"embeddable":true,"href":"https:\/\/noticiasveraces.com\/index.php?rest_route=%2Fwp%2Fv2%2Fcomments&post=14916"}],"version-history":[{"count":0,"href":"https:\/\/noticiasveraces.com\/index.php?rest_route=\/wp\/v2\/posts\/14916\/revisions"}],"wp:featuredmedia":[{"embeddable":true,"href":"https:\/\/noticiasveraces.com\/index.php?rest_route=\/wp\/v2\/media\/14917"}],"wp:attachment":[{"href":"https:\/\/noticiasveraces.com\/index.php?rest_route=%2Fwp%2Fv2%2Fmedia&parent=14916"}],"wp:term":[{"taxonomy":"category","embeddable":true,"href":"https:\/\/noticiasveraces.com\/index.php?rest_route=%2Fwp%2Fv2%2Fcategories&post=14916"},{"taxonomy":"post_tag","embeddable":true,"href":"https:\/\/noticiasveraces.com\/index.php?rest_route=%2Fwp%2Fv2%2Ftags&post=14916"}],"curies":[{"name":"wp","href":"https:\/\/api.w.org\/{rel}","templated":true}]}}