{"id":14904,"date":"2025-02-16T04:40:01","date_gmt":"2025-02-16T08:40:01","guid":{"rendered":"https:\/\/noticiasveraces.com\/?p=14904"},"modified":"2025-02-16T04:40:01","modified_gmt":"2025-02-16T08:40:01","slug":"jannik-sinner-suspendido-tres-meses-por-dopaje","status":"publish","type":"post","link":"https:\/\/noticiasveraces.com\/?p=14904","title":{"rendered":"Jannik Sinner, suspendido Tres Meses por dopaje"},"content":{"rendered":"<p> \n<\/p>\n<div id=\"intext\">\n<p>El Tenista Italiano, <b>Jannik Sinner, <\/b>Ha Llegado a un acuerdo con la <b>Agencia Mundial Antidopaje (AMA)<\/b> Y <u>Cumplir\u00e1 Tres Meses de Sanci\u00f3n<\/u> sin poder competir por el doble positivo en Clostebol del A\u00f1o Pasado en Indian Wells. \u00abSiempre hE ACTADO QUE SOY RESPONSABLE POR MI EQUIPO Y LAS LAS REGLAS DE LA SON UNA IMPORTANTE PROTECCI\u00d3N PARA EL Deporte de Amamos. Por Eso, el aceptado la oferta de la wada para resoluci\u00f3n este proceso con una sant\u00f3n de tres Meses\u00bb, Manifest\u00f3 El Tenista en Un Comunicado Facilitado Por Sus Abogados.<\/p>\n<h2 class=\"title-h2\">\u00bfQu\u00e9 Torneos se Pierde?<\/h2>\n<p><b>La wada ped\u00eda uno o dos a\u00f1os de penalizaci\u00f3<\/b> Para El Reciente Ganador del Abierto de Australia, Pero Finalme se Han Acordado Tres Meses de Sanci\u00f3n, por Lo Que Sinner, <b>Entre el 9 de febrero y el 4 de Mayo, <\/b>No Jugar\u00e1 Los Torneos de <b>Doha, Dub\u00e1i, Indian Wells, Miami, Montecarlo y Madrid.<\/b> S\u00ed estar\u00e1 en Roma y en Roland Garros.<\/p>\n<h2 class=\"title-h2\">Volver\u00eda en Roma<\/h2>\n<p>ESTA DISPENSI\u00d3N LE <b>Har\u00e1 Percer 1.600 Puntos<\/b> Aunque no Deber\u00eda Amenazar Su Posici\u00f3n en el Ranking, Porque <b>Tiene 3.695 Puntos Respeto al Segundo Clasificado, Alexander Zverev.<\/b> Adem\u00e1s, Sinner Jugar\u00e1 El Masters 1.000 de Roma, Donde no particip\u00f3 El A\u00f1o Pasado, y en el que Actuar\u00e1 como \u00cddolo local.<\/p>\n<p>Si TODO Sigue Seg\u00fan lo Previsto, El Italiano <b>Podr\u00e1 se atrrarr\u00e1 antes del comienzo de Roland Garros<\/b>es decir, <b>un Partir del 14 de Abril<\/b> y Su redebut esta Temporal se produce en el Masters 1.000 de su pa\u00eds.<\/p>\n<p>As\u00ed Las Cosas, La Agencia HA ACTADO LA Explicacia de Deportista Sobre la Causa de la Infracci\u00f3n, Tal y Como se expone en la decisi\u00f3n de Primera Instancia. Concluye que el Tenista no Ten\u00eda intenci\u00f3n de Hacer trampas y que exposici\u00f3n al clostebol no le proporcion\u00f3 ning\u00fan benicio para mejorar su rendimiento y tuvo luguar sin su conocimiento como resultado de la descuida de los mibros de la migros de la mibros.<\/p>\n<p>Embargo de pecado, <b>Seg\u00fan el C\u00f3digo y en Virtud de los Precedentes del Tad<\/b>Un Deportista es responsable de la negligencia de lo Enorno, Teniendo en cuenta la Singularidad de los Hechos de Este, se considera que una una <b>DISPENTIO DE TRES MESES ES EL resultado Aprropiado.<\/b><\/p>\n<h2 class=\"title-h2\">Pozos indios<\/h2>\n<p>El Caso de Jannik Sinner comenz\u00f3 con un doble posito en <b>Pozos indios <\/b>hace un a\u00f1o y Fue Especialme Pol\u00e9mico Porque se Mantuvo en Secreto Hasta que el Italiano <b>Gan\u00f3 la Apelacia Contra la Agencia Internacional para la la Integridad en el Tenis. <\/b><\/p>\n<p>De forma habitual, las suspensiones de Las temporales por dopaje se conocen inminente y desespu\u00e9s se procede con las posibles apelaciones. Sin embargo, en este Caso no se conoci\u00f3 Hasta que la Apelaci\u00f3n se hab\u00eda Resuelto.<\/p>\n<p>El italiano no tuvo que cumplir ninguna sant\u00f3n y solo perdi\u00f3s los puntos y el dinero que hab\u00eda logrado por alcanzar las semifinales en ise torneo de pozos indios. <b>Tras Conocerse el Caso, El Deportista Gan\u00f3 en cuesti\u00f3n de curo Meses El US Open, El Masters 1.000 de Shangh\u00e1i, Las Finales ATP, La Copa Davis y El Pasado Abierto de Australia, Adem\u00e1s de Consagrarse en El N\u00daMero Uno del Munundo.<\/b><\/p>\n<p><i>Esguenos en nuestro <b>Canal de whatsapp<\/b> y no te Pierdas la \u00daltima Hora y Toda la actualidad de antena3noticias.com<\/i><\/p>\n<div class=\"recirculation-video\" data-mod=\"a3mod_recirculation_video\">\n<div class=\"recirculation-video-wrapper\">\n<div>\n<div class=\"video-wrapper\">\n  <picture class=\"video-main-picture\"><source media=\"(min-width: 481px)\" srcset=\"https:\/\/fotografias.antena3.com\/clipping\/cmsimages01\/2025\/02\/13\/B980D924-C26B-43BD-B030-30F96DC6626F\/beatriz-alvarez-presidenta-liga_94.jpg?crop=1920,1080,x0,y1&amp;width=800&amp;height=450&amp;optimize=medium&amp;format=webply\" width=\"800\" height=\"450\"><source media=\"(min-width: 391px) and (max-width: 480px)\" srcset=\"https:\/\/fotografias.antena3.com\/clipping\/cmsimages01\/2025\/02\/13\/B980D924-C26B-43BD-B030-30F96DC6626F\/beatriz-alvarez-presidenta-liga_70.jpg?crop=1920,1080,x0,y1&amp;width=480&amp;height=270&amp;optimize=high&amp;format=webply\" width=\"480\" height=\"270\"><source media=\"(min-width: 321px) and (max-width: 390px)\" srcset=\"https:\/\/fotografias.antena3.com\/clipping\/cmsimages01\/2025\/02\/13\/B980D924-C26B-43BD-B030-30F96DC6626F\/beatriz-alvarez-presidenta-liga_92.jpg?crop=1920,1078,x0,y2&amp;width=390&amp;height=219&amp;optimize=high&amp;format=webply\" width=\"390\" height=\"219\"><source media=\"(max-width: 320px)\" srcset=\"https:\/\/fotografias.antena3.com\/clipping\/cmsimages01\/2025\/02\/13\/B980D924-C26B-43BD-B030-30F96DC6626F\/beatriz-alvarez-presidenta-liga_52.jpg?crop=1920,1080,x0,y1&amp;width=320&amp;height=180&amp;optimize=high&amp;format=webply\" width=\"320\" height=\"180\"><img decoding=\"async\" title=\"Beatriz \u00c1lvarez, Presidente de la Liga F\" alt=\"Beatriz \u00c1lvarez, Presidente de la Liga F\" width=\"480\" height=\"270\" src=\"https:\/\/fotografias.antena3.com\/clipping\/cmsimages01\/2025\/02\/13\/B980D924-C26B-43BD-B030-30F96DC6626F\/beatriz-alvarez-presidenta-liga_70.jpg?crop=1920,1080,x0,y1&amp;width=480&amp;height=270&amp;optimize=high&amp;format=webply\" loading=\"lazy\" class=\"lazy\"\/><br \/>\n  <\/source><\/source><\/source><\/source><\/picture>\n <\/div>\n<\/div><\/div>\n<\/p><\/div>\n<\/div>\n\n","protected":false},"excerpt":{"rendered":"<p>El Tenista Italiano, Jannik Sinner, Ha Llegado a un acuerdo con la Agencia Mundial Antidopaje (AMA) Y Cumplir\u00e1 Tres Meses de Sanci\u00f3n sin poder competir por el doble positivo en Clostebol del A\u00f1o Pasado en Indian Wells. \u00abSiempre hE ACTADO QUE SOY RESPONSABLE POR MI EQUIPO Y LAS LAS REGLAS DE LA SON UNA IMPORTANTE &hellip;<\/p>\n","protected":false},"author":1,"featured_media":14906,"comment_status":"open","ping_status":"open","sticky":false,"template":"","format":"standard","meta":{"fifu_image_url":"https:\/\/fotografias.antena3.com\/clipping\/cmsimages02\/2025\/01\/26\/751E4831-E90E-4F0D-A5F1-517FBCE45785\/jannik-sinner-celebra-titulo-rod-laver-arena_69.jpg?crop=2326,1308,x0,y172&width=1280&height=720&optimize=low&format=jpg","fifu_image_alt":"","footnotes":""},"categories":[6],"tags":[],"class_list":["post-14904","post","type-post","status-publish","format-standard","has-post-thumbnail","","category-deportes"],"_links":{"self":[{"href":"https:\/\/noticiasveraces.com\/index.php?rest_route=\/wp\/v2\/posts\/14904","targetHints":{"allow":["GET"]}}],"collection":[{"href":"https:\/\/noticiasveraces.com\/index.php?rest_route=\/wp\/v2\/posts"}],"about":[{"href":"https:\/\/noticiasveraces.com\/index.php?rest_route=\/wp\/v2\/types\/post"}],"author":[{"embeddable":true,"href":"https:\/\/noticiasveraces.com\/index.php?rest_route=\/wp\/v2\/users\/1"}],"replies":[{"embeddable":true,"href":"https:\/\/noticiasveraces.com\/index.php?rest_route=%2Fwp%2Fv2%2Fcomments&post=14904"}],"version-history":[{"count":0,"href":"https:\/\/noticiasveraces.com\/index.php?rest_route=\/wp\/v2\/posts\/14904\/revisions"}],"wp:featuredmedia":[{"embeddable":true,"href":"https:\/\/noticiasveraces.com\/index.php?rest_route=\/wp\/v2\/media\/14906"}],"wp:attachment":[{"href":"https:\/\/noticiasveraces.com\/index.php?rest_route=%2Fwp%2Fv2%2Fmedia&parent=14904"}],"wp:term":[{"taxonomy":"category","embeddable":true,"href":"https:\/\/noticiasveraces.com\/index.php?rest_route=%2Fwp%2Fv2%2Fcategories&post=14904"},{"taxonomy":"post_tag","embeddable":true,"href":"https:\/\/noticiasveraces.com\/index.php?rest_route=%2Fwp%2Fv2%2Ftags&post=14904"}],"curies":[{"name":"wp","href":"https:\/\/api.w.org\/{rel}","templated":true}]}}