{"id":14881,"date":"2025-02-16T01:50:11","date_gmt":"2025-02-16T05:50:11","guid":{"rendered":"https:\/\/noticiasveraces.com\/?p=14881"},"modified":"2025-02-16T01:50:11","modified_gmt":"2025-02-16T05:50:11","slug":"exigen-respuestas-a-moscu-por-muerte-de-alexei-navalni-dw-16-02-2025","status":"publish","type":"post","link":"https:\/\/noticiasveraces.com\/?p=14881","title":{"rendered":"Exigen Respuestas A Mosc\u00fa por Muerte de Alexei Navalni &#8211; DW &#8211; 16\/02\/2025"},"content":{"rendered":"<p> \n<\/p>\n<div>\n<p>CUANDO SE CUMPLE UN A\u00f1o de la Muerte del L\u00edder Opositor Ruso Alexei Navalni Mientras Cumpl\u00eda Condena en Una Prisi\u00f3n \u00c1rtica por Su ActiviDad Pol\u00edta, Amnist\u00eda Internacional (ai) exigi\u00f3 este s\u00e1bado (15.02.2025) a Rusa de la cola. Responsables de Su Fallecimiento \u00abRindan Cuentas\u00bb.<\/p>\n<p>La Secretar\u00eda General de la Organizaci\u00f3n, Agn\u00e8s Callamard, Record A Vladimir Putin en Un Comunicado Difundido Este Domingo que \u00abLas Preguntas Sobre la Muerte de Navalni no Van A DespareCer, Ni Tampoco las Petiones de Rendici\u00f3n de Cuentes\u00bb.<\/p>\n<p>Callamard Pidio Que Expertos Internacionales imparciales Realicen Una Investigaci\u00f3n \u00abSIN ENCESIONES\u00bb Y Advirti\u00f3 Al Kremlin que \u00abse equivoca al dar por sentado que el recuerdo de alexei se desvanecer\u00e1 y que podr\u00e1 eludir la investigaci\u00f3n exhaushum a exhaustiva de muerte de superte\u00bb.<\/p>\n<p>Navalni Fue Reconocido por Su Labor Como Dirigente Opositor al Organizar en 2011 Las Mayores Protestas Antigubernaminales Desde la Ca\u00edda de la Uni\u00f3n Sovi\u00e9tica.<\/p>\n<p>Un pesar de sufrir un intento de asesinato en 2020, tras nueve meses de convalecencia en alemania, volvi\u00f3 a rusia, donde fue condenado y enviado en diciembre de 2023 a una Penitenciar\u00eda al ootro de los urales, de donde nunvehr a Reh.<\/p>\n<p>La secretar\u00eda general de ai alab\u00f3 la figura de navalni como eJemplo de \u00abvalent\u00eda y resiliencia\u00bb, y como una persona que infundi\u00f3 infundi\u00f3 \u00abEsperanza y optimismo\u00bb a millas de rusos que se atrrevieron a oponerse a los abusos de poder, la representaci\u00f3n y las violaciones de las violaciones. De Derechos Humanos. <\/p>\n<p><span data-slot-id=\"Article_InContent-1\" class=\"rich-text-ad\"\/><\/p>\n<h2>Condenan Enjuiciamiento de Abogados de Navalni<\/h2>\n<p>La Organizaci\u00f3n de la Organizaci\u00f3n Aprovech\u00f3 El Primer Aniversario de Su Muerte para Condenar el Enjuiciamiento Penal de los Tres Abogados de Navalni.<\/p>\n<p>El Pasado 17 de Enero, la Justicia rusa Impuso PeRes de Entre 3 y 5 A\u00f1os de C\u00e1rcel A Vad\u00cdM K\u00d3BZEV, ALEX\u00c9I LISTER Y \u00cdgOR SERGUNIN, ACUSONES DE \u00abExtremismo\u00bb y Difusio\u00f3n de los Mensajes de su Cliente cuando Se entretenida en prisi\u00f3n.<\/p>\n<p>\u00abAmnist\u00eda Internacional Pide Su Libertad Inmediata E Incondicional e Insta a la Comunidad Internacional Un intensificar la Presi\u00f3nico Sobre El Gobierno Ruso para que Ponga Fin A Estos y Otros enjuiciamientos de Motivaci\u00f3n Pol\u00edtae\u00bb, Clam\u00f3 Callamard.<\/p>\n<p>La Secretar\u00eda General de Ai Tambi\u00e9n se solidariz\u00f3 con las Personas que Siguen Persiguo -la Verdad, la Justicia y la Libertad Pese a la \u00abrepresenta Creciente en Rusia\u00bb y Cit\u00f3 los Casos de Antonina Fav\u00f3rkaya, Sergu\u00e9i Karelin, Konstant\u00edn Gabov y Arti\u00f3n, Quera, Quera, Karelina, Karelin, Konstant\u00ed Gabov y Arti\u00e1n, Quera, Quera, Karelin, Konstant\u00ed G\u00e1bov y Arti\u00f3n, Quera, Karelin. Enfrentan A PeSe de Prisi\u00f3n por Trabajar en Proyectos de Medios de Comunicaci\u00f3n Fundados por Navalni.<\/p>\n<p>Los cuatro periodistas Est\u00e1n Acusados \u200b\u200bde Cooperar Con El Fondo de Lucha Contra La Corrupci\u00f3n (FBK), Organizaci\u00f3n contra el Difunto L\u00edder Opositor Ruso, Declarada Extremista e Ilegalizada Por Las Aut\u00f3ridadas Rusas.<\/p>\n<p>Callamard Dijo Sentse Indignada Tambi\u00e9n por la Condena de Ocho A\u00f1os Impuesta A Daniel Kholodny, Procesado Por Cargos similares por su Trabajo en Uno de los Medios de Comunicaci\u00f3n de Navalni.<\/p>\n<p>MG (Efe, Amnist\u00eda Internacional)<\/p>\n<div class=\"vjs-wrapper embed big\">\n<h2 aria-label=\"Video integrado \u2014 Protesta contra Putin: la oposici\u00f3n rusa en el exilio\" class=\"headline\"><svg xmlns=\"http:\/\/www.w3.org\/2000\/svg\" viewbox=\"0 0 20 20\"><g fill-rule=\"evenodd\"><path d=\"M14.114 7.599H13.5l.002 4.706h.601l4.582 3.25-.005-11.11zM11.084 4.444l-9.007.002-1.336.797.002 9.514 1.334.793 9.007.006 1.509-.799-.004-9.516z\"\/><\/g><\/svg>Protesta Contra Putin: La Oposici\u00f3n Rusa en el Exilio<\/h2>\n<p><video id=\"video-68702333\" controls=\"\" playsinline=\"\" preload=\"none\" poster=\"data:image\/png;base64,iVBORw0KGgoAAAANSUhEUgAAAAEAAAABCAQAAAC1HAwCAAAAC0lEQVR42mNkYAAAAAYAAjCB0C8AAAAASUVORK5CYII=\" data-id=\"68702333\" data-posterurl=\"https:\/\/static.dw.com\/image\/68646641_605.webp\" data-duration=\"12:36\"><source src=\"https:\/\/hlsvod.dw.com\/i\/dwtv_video\/flv\/repos\/repos20240330_gesamtHD_,AVC_480x270,AVC_512x288,AVC_640x360,AVC_960x540,AVC_1280x720,AVC_1920x1080,.mp4.csmil\/master.m3u8\" type=\"application\/x-mpegURL\"><source src=\"https:\/\/tvdownloaddw-a.akamaihd.net\/dwtv_video\/flv\/repos\/repos20240330_gesamtHD_AVC_1920x1080.mp4\" type=\"video\/mp4\"><p class=\"vjs-no-js\">Para ver este video, habilite JavaScript y considere actualizar a un navegador web que admite el video HTML5<\/p>\n<p><\/source><\/source><\/video><\/div>\n<\/div>\n\n","protected":false},"excerpt":{"rendered":"<p>CUANDO SE CUMPLE UN A\u00f1o de la Muerte del L\u00edder Opositor Ruso Alexei Navalni Mientras Cumpl\u00eda Condena en Una Prisi\u00f3n \u00c1rtica por Su ActiviDad Pol\u00edta, Amnist\u00eda Internacional (ai) exigi\u00f3 este s\u00e1bado (15.02.2025) a Rusa de la cola. Responsables de Su Fallecimiento \u00abRindan Cuentas\u00bb. La Secretar\u00eda General de la Organizaci\u00f3n, Agn\u00e8s Callamard, Record A Vladimir Putin &hellip;<\/p>\n","protected":false},"author":1,"featured_media":14882,"comment_status":"open","ping_status":"open","sticky":false,"template":"","format":"standard","meta":{"fifu_image_url":"https:\/\/static.dw.com\/image\/68276402_6.jpg","fifu_image_alt":"","footnotes":""},"categories":[13],"tags":[],"class_list":["post-14881","post","type-post","status-publish","format-standard","has-post-thumbnail","","category-mundo"],"_links":{"self":[{"href":"https:\/\/noticiasveraces.com\/index.php?rest_route=\/wp\/v2\/posts\/14881","targetHints":{"allow":["GET"]}}],"collection":[{"href":"https:\/\/noticiasveraces.com\/index.php?rest_route=\/wp\/v2\/posts"}],"about":[{"href":"https:\/\/noticiasveraces.com\/index.php?rest_route=\/wp\/v2\/types\/post"}],"author":[{"embeddable":true,"href":"https:\/\/noticiasveraces.com\/index.php?rest_route=\/wp\/v2\/users\/1"}],"replies":[{"embeddable":true,"href":"https:\/\/noticiasveraces.com\/index.php?rest_route=%2Fwp%2Fv2%2Fcomments&post=14881"}],"version-history":[{"count":0,"href":"https:\/\/noticiasveraces.com\/index.php?rest_route=\/wp\/v2\/posts\/14881\/revisions"}],"wp:featuredmedia":[{"embeddable":true,"href":"https:\/\/noticiasveraces.com\/index.php?rest_route=\/wp\/v2\/media\/14882"}],"wp:attachment":[{"href":"https:\/\/noticiasveraces.com\/index.php?rest_route=%2Fwp%2Fv2%2Fmedia&parent=14881"}],"wp:term":[{"taxonomy":"category","embeddable":true,"href":"https:\/\/noticiasveraces.com\/index.php?rest_route=%2Fwp%2Fv2%2Fcategories&post=14881"},{"taxonomy":"post_tag","embeddable":true,"href":"https:\/\/noticiasveraces.com\/index.php?rest_route=%2Fwp%2Fv2%2Ftags&post=14881"}],"curies":[{"name":"wp","href":"https:\/\/api.w.org\/{rel}","templated":true}]}}