{"id":14870,"date":"2025-02-15T23:44:33","date_gmt":"2025-02-16T03:44:33","guid":{"rendered":"https:\/\/noticiasveraces.com\/?p=14870"},"modified":"2025-02-15T23:44:33","modified_gmt":"2025-02-16T03:44:33","slug":"macrooperacion-urbanistica-aragon-reactiva-la-construccione-de-2-200-viviendas-en-el-pirineo-clima-y-medio-ambiente","status":"publish","type":"post","link":"https:\/\/noticiasveraces.com\/?p=14870","title":{"rendered":"Macrooperaci\u00f3n Urban\u00edstica: Arag\u00f3n Reactiva La Construcci\u00f3ne de 2.200 Viviendas en El Pirineo | Clima y medio ambiente"},"content":{"rendered":"<p> \n<br \/><img decoding=\"async\" src=\"https:\/\/imagenes.elpais.com\/resizer\/v2\/J7VN3D3WLJGTNNQFNVB5SMRLS4.jpg?auth=fa95fd55ea1d3bdee08e1dcacdf836eca8091c3002802e960a673544ff525e51\" \/><\/p>\n<div data-dtm-region=\"articulo_cuerpo\">\n<p class=\"\">Arag\u00f3n ha relanzado el proyecto de una macrooperaci\u00f3n urban\u00edstica para construyir 2.200 vivientes en cerler, municipio con estaci\u00f3na de esqu\u00ed y situado en el valle de benasque, uno de los directores focos de atraccio tur\u00edstica de la regi\u00f3n. La actuaci\u00f3n ha sufrido varios parones, El \u00faltimo en 2017. Detr\u00e1s de la operaci\u00f3n inMobiliaria se Encuentra una promotora vinculada con el grupo aram\u00f3n, emppresa que gestiona la mayor\u00eda de las estaciones de esqu\u00ed aragonesas (incluida lave) Del Gobierno de Arag\u00f3n e Iberaja. El Informe Ambiental Publicado LA Semana Pasada Por El Instituto Aragages de Gesti\u00f3n Ambiental (Inaga) Supone Un Nuevo Punto de Inicio para la Urbanizaci\u00f3n Que Lleva A\u00f1os Resurgiendyo y Posponi\u00e9ndosa. El documento Debe Pasar Ahora por El Consejo Provincial de Urbanismo, Que Realizar\u00e1 una evaluaci\u00f3n de que pasar\u00e1 al pleno de dicho organismo para su aprobaci\u00f3n.<\/p>\n<p class=\"\">Las Modificaciones de Las Urban\u00edsticas en Marcha en el Municipio de BenaSque no paran ah\u00ed ya est\u00e1 Operaci\u00f3n se suma la pol\u00e9mica construcci\u00f3n de una telecabina que unir\u00e1 el pueblo de benaasque con el aparcamiento de la estaqu\u00eda de esqu\u00ed de Cerler. En la Zona de Salida de Esta Infraestructura, Financiada Con Fondos P\u00fablicos Europeos, Hay Prevista OTRA OTRA OPERACI\u00d3N INMOBILIARIA DE UNAS 1.000 VIVIDES. La Asociacia Sos Ribagorza Present\u00f3 un contenso <i>crowfunding <\/i>Por Su Grave ImpactO Ambiental e Irregularidadas en el Proyecto.<\/p>\n<p class=\"\">\u00abLa construcci\u00f3n de esta cantidad de vivientes en \u00edstas de alta monta\u00f1a tiene un alto impacto Sobre el Paisaje\u00bb, Critica Ricard S\u00e1nchez, Presidente de la Asociaci\u00f3n Vecinal Sos Ribagorza. La ubicacia de cerler es privilegiado: un 1.542 metros de altitud, al pastel del macizo de posets-madaleta en el pirineo oriental aragones. En el entorno Crecen Bosques de Frondosa, Mezclados con Pastizales y Prados, y EntRos \u00daltimos se Encuentra el H\u00e1bitat de Inter\u00e9s Comunitario \u00abPrados Pobres de Siega de Baja Altitud\u00bb, Que se extiende por Gran Parte Del -urbito Urban Urban ViLstico Construye.<\/p>\n<p class=\"\">S\u00e1nchez A\u00f1ade Que Este Sistema de Constructuci\u00f3n de Miles de Inmuebles No Contribuye a Fijar Poblaci\u00f3n, Como defensores de pl\u00e1tano de color. \u00abHijo Viviendas Dirigidas al Turismo, No hay ninguna de Protecci\u00f3n y Eso no Sirve para Nada a Los Vecinos, Solo es Especularidad Urban\u00edstica\u00bb, Concreta. El T\u00e9rmino Municipal de Benaasque Dispone de 3.349 Viviendas, de Las Que 938 (El 28%) Hijo Principales y 2.411 (El 72%) Residencias de Sgunundas. Contantos Inmuebles Tur\u00edssticos se Podr\u00eda Pensar que Ser\u00eda Sencillo Encontrario Uncesible, pero Poco Hay en Benasque por Menos de 1.000 euros. La Poblacia Total del T\u00e9rmino municipal es de 2.282 H\u00e1bitantes, de los que 1.733 Est\u00e1n Censados \u200b\u200ben el N\u00facle de Benasque, 374 en Cerler y 175 en ancilis.<\/p>\n<p class=\"\">La MacRourbanizaci\u00f3n Se Baraja desde Hace D\u00e9cadas, Como parte de un Modelo de Gesti\u00f3n Que Vinculaba \u201cLa Inversi\u00f3n para Construyir la Estaci\u00f3n [se inaugur\u00f3 en 1971] A la construcci\u00f3n de las residencias de Segundas, algo que ha continuado \u201d, Comenta S\u00e1nchez. EN 2005 SE Firm\u00f3 El Primer Acuerdo Entre El AyuntamientO y la Promotora, Pero se Par\u00f3 A de un litigio un entre en particular ya la crisis econ\u00f3mica, Seg\u00fan Adelant <i>Heraldo de Arag\u00f3n<\/i>. Desde Entonces, SE HA Intentado Avanzar, Pero Sin Gran \u00c9xito: Hubo oTro Acuerdo en 2017 Que Tampoco Fructific\u00f3. El Inaga Ya Dio Luz Verde en 2019, PERO ESTA VEZ FUE EL AYUNTAMIENTO NO Remiti\u00f3 la documentaci\u00f3nis requerida Hasta Febero de 2024, Cuando Ya Hab\u00eda Caducado la Declaraci\u00f3n de Impacto Ambiental. En agosto del A\u00f1o Pasado, la promotora presente un una modificaci\u00f3n del plan parcial .<\/p>\n<p class=\"\">El plan parcial contempla tres Fases para la urbanizaci\u00f3n, en la Primera se Prev\u00e9n 856 Vivientes y en Las Sigueles 504 y 838. Fuentes del Gobierno de Arag\u00f3npeten a la Pregunta de Qu\u00e9 Opinan del Proyecto Con Uncueto \u00abRespetamos la Legalidad\u00bb y en Cauant. A la Telecabina de Benasque Recuerdan que \u00abes una reivindicaci\u00f3n hist\u00f3rica de conexi\u00f3n con el pueblo\u00bb.<\/p>\n<p class=\"\">El Alcalde de Benasque, Manuel Mora (pp), Manifiesta su satisfacci\u00f3n, y Asegura que muchas de las Viviendas de las se est\u00e1 Est\u00e1 Habando \u00abYa Est\u00e1n Construidas\u00bb, Pero falta la Urbanizaci\u00f3n y Asegurar el AgUa de Boca la ulbanizac hist\u00f3rico. Al Contrario que Garc\u00eda Porta, de Sos Ribagorza, Asegura que \u00abEl Turismo Sirve para Fijar la Poblaci\u00f3n\u00bb. Considere \u00abuna sute\u00bb poder combinar turismo de invierno y de verano, que permita contar con puenos de trabajo vinculados a esas residencias de segundas.<\/p>\n<p class=\"\">V\u00edctore Sah\u00fan, Concetal del Psoe y Vecino de Cerler, Puntualiza que Ellos no Est\u00e1n en contra del Crecimiento, \u00abPorque Vivimos del Turismo, Pero de una forma ordenada\u00bb. Denuncia el Estado en el que se Encuentra una Urbanizaci\u00f3n Que se comenz\u00f3 A Levantar en Cerler Hace M\u00e1s de 50 A\u00f1os en la Que Viven Unas 100 Familias habitual. \u00abEst\u00e1 abandonada, sin aceras, problemas de abastecimento de tal calibre que hen personsas que no tienen agua entre 30 y 40 dias al a\u00f1o y con vertidos de aguas fecales\u00bb, Denuncia. La Urbanizaci\u00f3 LE corresponde a Aram\u00f3n, \u00abPero ni ellos ni el Ayuntamiento Hacen Nada\u00bb.<\/p>\n<h3 class=\"\">Medidas Correctoras<\/h3>\n<p class=\"\">El Inaga considera que no se produce a las afectiones importantes SOBRE ESPECCIONES PROTEGIDAS COMO EL QUEBRANTAHUESOS O EL UROGALLO, SIempre que se acumulan los condicionantes preventivos y correctores. Su resoluci\u00f3n incorpora medidas ambientales, entre las que se Encuentran incluir en los proyectos de Urbanizaci\u00f3n un an\u00e1lisis de los efectos Sobre El Plan de Conservaci\u00f3n de Estas dos especificaciones de los CaMazadas y los nuevos desarroles Incorporen Medidas Especios Especios Especios Especios Especios Especios Especios Especios Especios Especios Mitigaros Delazadas Delazas y QueS\u00e1vanos<\/p>\n<p class=\"\">Entre las Mejoras que se Han introductucido se Encuentra el Acondicionamiento de la Traves\u00eda de Acceso A Las Pistas de Esqu\u00ed Para Solucionario Los Atascos que se produce en Horas Punta. En cuanto al sanoamiento, \u201cSe conectar\u00e1 a la Red Municipal Existente. Adem\u00e1s, se contempla un sistema separaci\u00f3n de aguas residuos y aguas pluviales. Para el el Suministro de Agua potable se mejoran Captaciones desde los manantiales y se construye un Nuevo Dep\u00f3sito de 2.400 Metros C\u00fabicos.<\/p>\n<p class=\"\">VER\u00d3NICA VILLAGRASA, SECRETARIA TERRITORIAL DE CHUNTA ARAGONESA (Cha) en el Alto Arag\u00f3n, Tambi\u00e9n Rembaza el Proyecto Porque \u00abNo es Sostenible, Adem\u00e1s de Estar complete Sobredimensionado\u00bb. Actuaciones como estas le hacen plantearse que las las las inversiones del gobierno del pp en infraestructuras de esqu\u00ed \u00abparecen estar inexorablement vinculada a desarrolos urban\u00edsticos que beneficia a unos pozo a costa del inter\u00e9s general\u00bb.<\/p>\n<\/div>\n\n","protected":false},"excerpt":{"rendered":"<p>Arag\u00f3n ha relanzado el proyecto de una macrooperaci\u00f3n urban\u00edstica para construyir 2.200 vivientes en cerler, municipio con estaci\u00f3na de esqu\u00ed y situado en el valle de benasque, uno de los directores focos de atraccio tur\u00edstica de la regi\u00f3n. La actuaci\u00f3n ha sufrido varios parones, El \u00faltimo en 2017. Detr\u00e1s de la operaci\u00f3n inMobiliaria se Encuentra &hellip;<\/p>\n","protected":false},"author":1,"featured_media":14872,"comment_status":"open","ping_status":"open","sticky":false,"template":"","format":"standard","meta":{"fifu_image_url":"https:\/\/imagenes.elpais.com\/resizer\/v2\/J7VN3D3WLJGTNNQFNVB5SMRLS4.jpg?auth=fa95fd55ea1d3bdee08e1dcacdf836eca8091c3002802e960a673544ff525e51&width=1200","fifu_image_alt":"","footnotes":""},"categories":[11],"tags":[],"class_list":["post-14870","post","type-post","status-publish","format-standard","has-post-thumbnail","","category-viaje"],"_links":{"self":[{"href":"https:\/\/noticiasveraces.com\/index.php?rest_route=\/wp\/v2\/posts\/14870","targetHints":{"allow":["GET"]}}],"collection":[{"href":"https:\/\/noticiasveraces.com\/index.php?rest_route=\/wp\/v2\/posts"}],"about":[{"href":"https:\/\/noticiasveraces.com\/index.php?rest_route=\/wp\/v2\/types\/post"}],"author":[{"embeddable":true,"href":"https:\/\/noticiasveraces.com\/index.php?rest_route=\/wp\/v2\/users\/1"}],"replies":[{"embeddable":true,"href":"https:\/\/noticiasveraces.com\/index.php?rest_route=%2Fwp%2Fv2%2Fcomments&post=14870"}],"version-history":[{"count":0,"href":"https:\/\/noticiasveraces.com\/index.php?rest_route=\/wp\/v2\/posts\/14870\/revisions"}],"wp:featuredmedia":[{"embeddable":true,"href":"https:\/\/noticiasveraces.com\/index.php?rest_route=\/wp\/v2\/media\/14872"}],"wp:attachment":[{"href":"https:\/\/noticiasveraces.com\/index.php?rest_route=%2Fwp%2Fv2%2Fmedia&parent=14870"}],"wp:term":[{"taxonomy":"category","embeddable":true,"href":"https:\/\/noticiasveraces.com\/index.php?rest_route=%2Fwp%2Fv2%2Fcategories&post=14870"},{"taxonomy":"post_tag","embeddable":true,"href":"https:\/\/noticiasveraces.com\/index.php?rest_route=%2Fwp%2Fv2%2Ftags&post=14870"}],"curies":[{"name":"wp","href":"https:\/\/api.w.org\/{rel}","templated":true}]}}