{"id":14861,"date":"2025-02-15T22:30:16","date_gmt":"2025-02-16T02:30:16","guid":{"rendered":"https:\/\/noticiasveraces.com\/?p=14861"},"modified":"2025-02-15T22:30:16","modified_gmt":"2025-02-16T02:30:16","slug":"segun-los-informes-emmanuel-macron-de-francia-planeo-una-reunion-de-emergencia-sobre-trump","status":"publish","type":"post","link":"https:\/\/noticiasveraces.com\/?p=14861","title":{"rendered":"Seg\u00fan los informes, Emmanuel Macron de Francia plane\u00f3 una reuni\u00f3n de emergencia sobre Trump"},"content":{"rendered":"<p> \n<\/p>\n<div>\n<p class=\"speakable\">El presidente franc\u00e9s, Emmanuel Macron, ha programado una \u00abreuni\u00f3n de emergencia\u00bb para que los l\u00edderes europeos discutan el presidente Donald Trump, seg\u00fan otro funcionario europeo.<\/p>\n<p class=\"speakable\">Seg\u00fan Politico, el ministro de Relaciones Exteriores polacos Rados\u0142aw Sikorski aludi\u00f3 a la reuni\u00f3n en la Conferencia de Seguridad de Munich el s\u00e1bado. Dos funcionarios de la UE le dijeron a la salida que la reuni\u00f3n tendr\u00e1 lugar el lunes.<\/p>\n<p>\u00abEstoy muy contento de que el presidente Macron haya llamado a nuestros l\u00edderes a Par\u00eds\u00bb, dijo Sikorski, y se\u00f1al\u00f3 que el evento implicar\u00eda hablar sobre las implicaciones de las acciones de Trump \u00abde una manera muy seria\u00bb.<\/p>\n<p>\u00abEl presidente Trump tiene un m\u00e9todo de operaci\u00f3n que los rusos llaman <i>Razvedka Boyem<\/i> &#8211; Reconocimiento a trav\u00e9s de la batalla. Empujas y ve qu\u00e9 sucede, y luego cambia su posici\u00f3n &#8230; y necesitamos responder \u00ab, agreg\u00f3 el funcionario polaco.<\/p>\n<p><strong><u>&#8216;Velocidad impresionante&#8217;: las marcas de viaje de Par\u00eds de Trump regresan al escenario global a medida que los l\u00edderes giran &#8216;la p\u00e1gina&#8217; en Biden<\/u><\/strong><\/p>\n<div class=\"image-ct inline\">\n<div class=\"m\"><picture><source media=\"(max-width: 767px)\" srcset=\"https:\/\/a57.foxnews.com\/static.foxnews.com\/foxnews.com\/content\/uploads\/2025\/02\/343\/192\/trump-macron.jpg?ve=1&amp;tl=1, https:\/\/a57.foxnews.com\/static.foxnews.com\/foxnews.com\/content\/uploads\/2025\/02\/686\/384\/trump-macron.jpg?ve=1&amp;tl=1 2x\" height=\"192\" width=\"343\"><source media=\"(min-width: 768px) and (max-width: 1023px)\" srcset=\"https:\/\/a57.foxnews.com\/static.foxnews.com\/foxnews.com\/content\/uploads\/2025\/02\/672\/378\/trump-macron.jpg?ve=1&amp;tl=1, https:\/\/a57.foxnews.com\/static.foxnews.com\/foxnews.com\/content\/uploads\/2025\/02\/1344\/756\/trump-macron.jpg?ve=1&amp;tl=1 2x\" height=\"378\" width=\"672\"><source media=\"(min-width: 1024px) and (max-width: 1279px)\" srcset=\"https:\/\/a57.foxnews.com\/static.foxnews.com\/foxnews.com\/content\/uploads\/2025\/02\/931\/523\/trump-macron.jpg?ve=1&amp;tl=1, https:\/\/a57.foxnews.com\/static.foxnews.com\/foxnews.com\/content\/uploads\/2025\/02\/1862\/1046\/trump-macron.jpg?ve=1&amp;tl=1 2x\" height=\"523\" width=\"931\"><source media=\"(min-width: 1280px)\" srcset=\"https:\/\/a57.foxnews.com\/static.foxnews.com\/foxnews.com\/content\/uploads\/2025\/02\/720\/405\/trump-macron.jpg?ve=1&amp;tl=1, https:\/\/a57.foxnews.com\/static.foxnews.com\/foxnews.com\/content\/uploads\/2025\/02\/1440\/810\/trump-macron.jpg?ve=1&amp;tl=1 2x\" height=\"405\" width=\"720\"><img loading=\"lazy\" decoding=\"async\" src=\"https:\/\/a57.foxnews.com\/static.foxnews.com\/foxnews.com\/content\/uploads\/2025\/02\/1200\/675\/trump-macron.jpg?ve=1&amp;tl=1\" alt=\"Donald Trump y Emmanuel Macron\" width=\"1200\" height=\"675\"\/><\/source><\/source><\/source><\/source><\/picture><\/div>\n<div class=\"info\">\n<div class=\"caption\">\n<p><span>Seg\u00fan los informes, Macron convoc\u00f3 una reuni\u00f3n especial sobre Trump.<\/span> <span>(Getty Images\/ AP Images)<\/span><\/p>\n<\/div>\n<\/div>\n<\/div>\n<p>Sikorski no ha evitado discutir la pol\u00edtica estadounidense en el pasado. Anteriormente compar\u00f3 el pobre desempe\u00f1o del debate del presidente Biden con el declive de la antigua Roma, y \u200b\u200buna vez le dijo a la presentadora de MSNBC Andrea Mitchell que Trump ten\u00eda \u00abraz\u00f3n\u00bb al decir que los pa\u00edses de la OTAN necesitan gastar m\u00e1s en su propia defensa.<\/p>\n<p>Macron ha sido cordial para Trump desde que el republicano fue elegido en noviembre. En un puesto X, el l\u00edder franc\u00e9s expres\u00f3 su disposici\u00f3n a trabajar con el presidente electo.<\/p>\n<p>\u00abFelicitaciones, presidente @realDonaldTrump\u00bb, dec\u00eda la publicaci\u00f3n de Macron. \u00abListo para trabajar juntos como lo hicimos durante cuatro a\u00f1os. Con sus convicciones y las m\u00edas. Con respeto y ambici\u00f3n. Por m\u00e1s paz y prosperidad\u00bb.<\/p>\n<p><strong><u>David Marcus: Triunfante Trump en Notre Dame Signals America y Occidente est\u00e1n de regreso<\/u><\/strong><\/p>\n<div class=\"image-ct inline\">\n<div class=\"m\"><picture><source media=\"(max-width: 767px)\" srcset=\"https:\/\/a57.foxnews.com\/static.foxnews.com\/foxnews.com\/content\/uploads\/2024\/12\/343\/192\/trump-macron.jpg?ve=1&amp;tl=1, https:\/\/a57.foxnews.com\/static.foxnews.com\/foxnews.com\/content\/uploads\/2024\/12\/686\/384\/trump-macron.jpg?ve=1&amp;tl=1 2x\" height=\"192\" width=\"343\"><source media=\"(min-width: 768px) and (max-width: 1023px)\" srcset=\"https:\/\/a57.foxnews.com\/static.foxnews.com\/foxnews.com\/content\/uploads\/2024\/12\/672\/378\/trump-macron.jpg?ve=1&amp;tl=1, https:\/\/a57.foxnews.com\/static.foxnews.com\/foxnews.com\/content\/uploads\/2024\/12\/1344\/756\/trump-macron.jpg?ve=1&amp;tl=1 2x\" height=\"378\" width=\"672\"><source media=\"(min-width: 1024px) and (max-width: 1279px)\" srcset=\"https:\/\/a57.foxnews.com\/static.foxnews.com\/foxnews.com\/content\/uploads\/2024\/12\/931\/523\/trump-macron.jpg?ve=1&amp;tl=1, https:\/\/a57.foxnews.com\/static.foxnews.com\/foxnews.com\/content\/uploads\/2024\/12\/1862\/1046\/trump-macron.jpg?ve=1&amp;tl=1 2x\" height=\"523\" width=\"931\"><source media=\"(min-width: 1280px)\" srcset=\"https:\/\/a57.foxnews.com\/static.foxnews.com\/foxnews.com\/content\/uploads\/2024\/12\/720\/405\/trump-macron.jpg?ve=1&amp;tl=1, https:\/\/a57.foxnews.com\/static.foxnews.com\/foxnews.com\/content\/uploads\/2024\/12\/1440\/810\/trump-macron.jpg?ve=1&amp;tl=1 2x\" height=\"405\" width=\"720\"><img loading=\"lazy\" decoding=\"async\" src=\"https:\/\/a57.foxnews.com\/static.foxnews.com\/foxnews.com\/content\/uploads\/2024\/12\/1200\/675\/trump-macron.jpg?ve=1&amp;tl=1\" alt=\"Trump y Macron\" width=\"1200\" height=\"675\"\/><\/source><\/source><\/source><\/source><\/picture><\/div>\n<div class=\"info\">\n<div class=\"caption\">\n<p><span>El presidente franc\u00e9s, Emmanuel Macron (R) se da la mano mientras da la bienvenida al presidente electo de los Estados Unidos, Donald Trump (L) antes de una reuni\u00f3n en el Palacio Presidencial El\u00edseo en Par\u00eds, Francia, el 7 de diciembre de 2024.<\/span> <span>(Mustafa Yalcin)<\/span><\/p>\n<\/div>\n<\/div>\n<\/div>\n<p>En diciembre, cuando Trump visit\u00f3 Par\u00eds para presenciar la reapertura de la Catedral de Notre Dame, Macron dijo que era \u00abun honor\u00bb alojarlo.<\/p>\n<p>\u00abEs un gran honor para los franceses para darle la bienvenida cinco a\u00f1os despu\u00e9s\u00bb, dijo Macron sobre Trump. \u00abY usted fue, en ese momento, presidente por primera vez. Y recuerdo la solidaridad y su acci\u00f3n inmediata. Entonces, bienvenidos de nuevo. Estamos muy felices de tenerlo aqu\u00ed\u00bb.<\/p>\n<p><strong><u>Haga clic aqu\u00ed para obtener la aplicaci\u00f3n Fox News<\/u><\/strong><\/p>\n<div class=\"image-ct inline\">\n<div class=\"m\"><picture><source media=\"(max-width: 767px)\" srcset=\"https:\/\/a57.foxnews.com\/static.foxnews.com\/foxnews.com\/content\/uploads\/2025\/02\/343\/192\/trump.jpg?ve=1&amp;tl=1, https:\/\/a57.foxnews.com\/static.foxnews.com\/foxnews.com\/content\/uploads\/2025\/02\/686\/384\/trump.jpg?ve=1&amp;tl=1 2x\" height=\"192\" width=\"343\"><source media=\"(min-width: 768px) and (max-width: 1023px)\" srcset=\"https:\/\/a57.foxnews.com\/static.foxnews.com\/foxnews.com\/content\/uploads\/2025\/02\/672\/378\/trump.jpg?ve=1&amp;tl=1, https:\/\/a57.foxnews.com\/static.foxnews.com\/foxnews.com\/content\/uploads\/2025\/02\/1344\/756\/trump.jpg?ve=1&amp;tl=1 2x\" height=\"378\" width=\"672\"><source media=\"(min-width: 1024px) and (max-width: 1279px)\" srcset=\"https:\/\/a57.foxnews.com\/static.foxnews.com\/foxnews.com\/content\/uploads\/2025\/02\/931\/523\/trump.jpg?ve=1&amp;tl=1, https:\/\/a57.foxnews.com\/static.foxnews.com\/foxnews.com\/content\/uploads\/2025\/02\/1862\/1046\/trump.jpg?ve=1&amp;tl=1 2x\" height=\"523\" width=\"931\"><source media=\"(min-width: 1280px)\" srcset=\"https:\/\/a57.foxnews.com\/static.foxnews.com\/foxnews.com\/content\/uploads\/2025\/02\/720\/405\/trump.jpg?ve=1&amp;tl=1, https:\/\/a57.foxnews.com\/static.foxnews.com\/foxnews.com\/content\/uploads\/2025\/02\/1440\/810\/trump.jpg?ve=1&amp;tl=1 2x\" height=\"405\" width=\"720\"><img loading=\"lazy\" decoding=\"async\" src=\"https:\/\/a57.foxnews.com\/static.foxnews.com\/foxnews.com\/content\/uploads\/2025\/02\/1200\/675\/trump.jpg?ve=1&amp;tl=1\" alt=\"Presidente Donald Trump\" width=\"1200\" height=\"675\"\/><\/source><\/source><\/source><\/source><\/picture><\/div>\n<div class=\"info\">\n<div class=\"caption\">\n<p><span>El presidente de los Estados Unidos, Donald Trump, habla con los periodistas despu\u00e9s de firmar una orden ejecutiva, \u00abdesatar la prosperidad a trav\u00e9s de la desregulaci\u00f3n\u00bb, en la Oficina Oval el 31 de enero de 2025 en Washington, DC.<\/span> <span>(Chip Somodevilla\/Getty Images)<\/span><\/p>\n<\/div>\n<\/div>\n<\/div>\n<p>Fox News Digital contact\u00f3 a Macron para obtener m\u00e1s informaci\u00f3n.<\/p>\n<p> <!----> <\/p>\n<div class=\"article-meta\">\n<div class=\"author-bio\">\n<p>Andrea Margolis es escritora de Fox News Digital y Fox Business. Los lectores pueden enviar consejos de cuentos a andrea.margolis@fox.com<u>.<\/u><\/p>\n<\/div>\n<\/div>\n<\/div>\n\n","protected":false},"excerpt":{"rendered":"<p>El presidente franc\u00e9s, Emmanuel Macron, ha programado una \u00abreuni\u00f3n de emergencia\u00bb para que los l\u00edderes europeos discutan el presidente Donald Trump, seg\u00fan otro funcionario europeo. Seg\u00fan Politico, el ministro de Relaciones Exteriores polacos Rados\u0142aw Sikorski aludi\u00f3 a la reuni\u00f3n en la Conferencia de Seguridad de Munich el s\u00e1bado. Dos funcionarios de la UE le dijeron &hellip;<\/p>\n","protected":false},"author":1,"featured_media":14863,"comment_status":"open","ping_status":"open","sticky":false,"template":"","format":"standard","meta":{"fifu_image_url":"https:\/\/static.foxnews.com\/foxnews.com\/content\/uploads\/2025\/02\/trump-macron.jpg","fifu_image_alt":"","footnotes":""},"categories":[13],"tags":[],"class_list":["post-14861","post","type-post","status-publish","format-standard","has-post-thumbnail","","category-mundo"],"_links":{"self":[{"href":"https:\/\/noticiasveraces.com\/index.php?rest_route=\/wp\/v2\/posts\/14861","targetHints":{"allow":["GET"]}}],"collection":[{"href":"https:\/\/noticiasveraces.com\/index.php?rest_route=\/wp\/v2\/posts"}],"about":[{"href":"https:\/\/noticiasveraces.com\/index.php?rest_route=\/wp\/v2\/types\/post"}],"author":[{"embeddable":true,"href":"https:\/\/noticiasveraces.com\/index.php?rest_route=\/wp\/v2\/users\/1"}],"replies":[{"embeddable":true,"href":"https:\/\/noticiasveraces.com\/index.php?rest_route=%2Fwp%2Fv2%2Fcomments&post=14861"}],"version-history":[{"count":0,"href":"https:\/\/noticiasveraces.com\/index.php?rest_route=\/wp\/v2\/posts\/14861\/revisions"}],"wp:featuredmedia":[{"embeddable":true,"href":"https:\/\/noticiasveraces.com\/index.php?rest_route=\/wp\/v2\/media\/14863"}],"wp:attachment":[{"href":"https:\/\/noticiasveraces.com\/index.php?rest_route=%2Fwp%2Fv2%2Fmedia&parent=14861"}],"wp:term":[{"taxonomy":"category","embeddable":true,"href":"https:\/\/noticiasveraces.com\/index.php?rest_route=%2Fwp%2Fv2%2Fcategories&post=14861"},{"taxonomy":"post_tag","embeddable":true,"href":"https:\/\/noticiasveraces.com\/index.php?rest_route=%2Fwp%2Fv2%2Ftags&post=14861"}],"curies":[{"name":"wp","href":"https:\/\/api.w.org\/{rel}","templated":true}]}}