{"id":14826,"date":"2025-02-15T16:30:10","date_gmt":"2025-02-15T20:30:10","guid":{"rendered":"https:\/\/noticiasveraces.com\/?p=14826"},"modified":"2025-02-15T16:30:10","modified_gmt":"2025-02-15T20:30:10","slug":"estan-pasando-cosas-y-no-tengo-ganas","status":"publish","type":"post","link":"https:\/\/noticiasveraces.com\/?p=14826","title":{"rendered":"\u00abEst\u00e1n Pasando Cosas y No Tengo Ganas &#8230;\u00bb"},"content":{"rendered":"<p> \n<\/p>\n<div id=\"intext\">\n<p>El Ancelotti M\u00e1s <b>Enfadado y alterado<\/b> que hemos visto en muchos a\u00f1os compareci\u00f3 en la sala de prensa del sadar tras el <b>Tercer Pinchazo Consecutivo de Su Equipo en Liga<\/b> (1-1). El T\u00e9cnico Italiano, Que Vio la Amarilla en la Primera parte y Que Tuvo Que Ser &#8216;Tranquilizado&#8217; Por su hijo Davide Al T\u00e9rmino de Esta, <b>Carg\u00f3 Contra El Pol\u00e9mico Arbitraje de Munuera Montero<\/b>.<\/p>\n<h2 class=\"title-h2\">Sobre la expulsi\u00f3n de Bellingham<\/h2>\n<p>\u00abNo ha entendido bien ingl\u00e9s porque <b>Ha Dicho &#8216;Fuck Off&#8217;, no &#8216;Fuck You&#8217;<\/b> y Se Ha Equivocado Porque La Traducci\u00f3n <u>es no yo jodas<\/u>. No es algo ofensivo. Bellingham Hoy no ha Hecho nada para ser expulsado. Se ha equivocado en la traducci\u00f3n y nada m\u00e1s. Ser\u00eda partidario de hablar La Tarjeta Roja Maestra El Nerviosismo del \u00c1rbitro, Nada M\u00e1s \u00ab, Explic\u00f3 Carletto Sobre La Acci\u00f3n Que Dej\u00f3 Con 10 A Su Equipo en El Minuto 39 y Que Supuso la SegundaNa Expulsi\u00f3n por Roja del Ingl\u00e9s desde su Llegada A Madrid.<\/p>\n<h2 class=\"title-h2\">\u00abEst\u00e1n Pasando Cosas &#8230;\u00bb<\/h2>\n<p>El atrenador blanco fue m\u00e1s all\u00e1 y dej\u00f3 caer que est\u00e1n \u00abpasando cosas\u00bb en los \u00daltimos Partidos: \u00abHan Pasado Cosas en Estos Tres \u00daltimos Partidos que Han Visto Todos y <u>No Tengo Ganas de A\u00f1adir m\u00e1s porque quiero estar en el banquillo<\/u> El Pr\u00f3ximo Partido &#8230; Hay un problema en el Sentido que <b>en Los Tres \u00daltimos Partidos algo ha pasado que obviateo no ten\u00eda que pasar<\/b>. Lo que podemos Hacer es Seguir Luchando, Peleando y Jugando Bien Como Hoy. El var no ha revisado situaciones en \u2014Rrea contraria, cuando hab\u00eda dos o tres que se pod\u00eda -Haber revisado y no lo han hecho \u00ab, dijo ancelotti, el cual parec\u00eda morderse la Lengua a la horra de vala alguna acci\u00f3n m\u00e1s del encuentro.<\/p>\n<h2 class=\"title-h2\">Carvajal: \u00abHoy ha tocado expulsiones\u00bb<\/h2>\n<p>No hay obstinaci\u00f3n y antes de que otro Jugador Blanco Pueda Pronunciarse, O No, Fue <b>Dani Carvajal<\/b>lesionado de Gravedad A Principio de Temporalada, El Que se Puso el Grito en El Cielo en la Primera parte Tras la expulsiones por Roja Directa A Jude Bellingham. El Lateral de Legan\u00e9s Public\u00f3 una Historia en Instagram Con la Frase \u00ab<b>Hoy ha tocado expulsiones<\/b>\u00abY Varios Emojis de Caras Pensacivas e Ir\u00f3nicas, Haciendo Referencia, en Principio, a la dura y Pol\u00e9mica <b>Entrada de Romero A Mbapp\u00e9<\/b> en Cornell\u00e1 que se sald\u00f3 con amarilla para el defensa perico.<\/p>\n<h2 class=\"title-h2\">El Madrid se deja ir en liga<\/h2>\n<p>Por otra parte y en cuanto a lo futbol\u00edstico, el real madrid pinch\u00f3 por tercio partido seguido en liga (Derrota en cornell\u00e1 y empita ante el atleti y osasuna) y <b>SE Sigue Dejando Puntos por el Camino<\/b> Cuando Hace Apenas dos Semanas Lideraba Con Holgura la Tabla Clasificatoria. Atleti y Bar\u00e7a Pueden Superarle Esta Jornada Si Ambos Ganan Sus Respetivos Encuentros.<\/p>\n<p><i>S\u00edguenos en nuestro canal de whatsapp y no te Pierdas la \u00daLtima Hora y Toda la actualidad de antena3noticias.com<\/i><\/p>\n<div class=\"recirculation-video\" data-mod=\"a3mod_recirculation_video\">\n<div class=\"recirculation-video-wrapper\">\n<div>\n<div class=\"video-wrapper\">\n  <picture class=\"video-main-picture\"><source media=\"(min-width: 481px)\" srcset=\"https:\/\/fotografias.antena3.com\/clipping\/cmsimages01\/2025\/02\/14\/72779B01-FFF0-4615-B324-11EBA0889E0D\/carlo-ancelotti-rueda-prensa_94.jpg?crop=1920,1080,x0,y200&amp;width=800&amp;height=450&amp;optimize=medium&amp;format=webply\" width=\"800\" height=\"450\"><source media=\"(min-width: 391px) and (max-width: 480px)\" srcset=\"https:\/\/fotografias.antena3.com\/clipping\/cmsimages01\/2025\/02\/14\/72779B01-FFF0-4615-B324-11EBA0889E0D\/carlo-ancelotti-rueda-prensa_70.jpg?crop=1920,1080,x0,y200&amp;width=480&amp;height=270&amp;optimize=high&amp;format=webply\" width=\"480\" height=\"270\"><source media=\"(min-width: 321px) and (max-width: 390px)\" srcset=\"https:\/\/fotografias.antena3.com\/clipping\/cmsimages01\/2025\/02\/14\/72779B01-FFF0-4615-B324-11EBA0889E0D\/carlo-ancelotti-rueda-prensa_92.jpg?crop=1920,1078,x0,y202&amp;width=390&amp;height=219&amp;optimize=high&amp;format=webply\" width=\"390\" height=\"219\"><source media=\"(max-width: 320px)\" srcset=\"https:\/\/fotografias.antena3.com\/clipping\/cmsimages01\/2025\/02\/14\/72779B01-FFF0-4615-B324-11EBA0889E0D\/carlo-ancelotti-rueda-prensa_52.jpg?crop=1920,1080,x0,y200&amp;width=320&amp;height=180&amp;optimize=high&amp;format=webply\" width=\"320\" height=\"180\"><img decoding=\"async\" title=\"Carlo Ancelotti en Rueda de Prensa\" alt=\"Carlo Ancelotti en Rueda de Prensa\" width=\"480\" height=\"270\" src=\"https:\/\/fotografias.antena3.com\/clipping\/cmsimages01\/2025\/02\/14\/72779B01-FFF0-4615-B324-11EBA0889E0D\/carlo-ancelotti-rueda-prensa_70.jpg?crop=1920,1080,x0,y200&amp;width=480&amp;height=270&amp;optimize=high&amp;format=webply\" loading=\"lazy\" class=\"lazy\"\/><br \/>\n  <\/source><\/source><\/source><\/source><\/picture>\n <\/div>\n<\/div><\/div>\n<\/p><\/div>\n<\/div>\n\n","protected":false},"excerpt":{"rendered":"<p>El Ancelotti M\u00e1s Enfadado y alterado que hemos visto en muchos a\u00f1os compareci\u00f3 en la sala de prensa del sadar tras el Tercer Pinchazo Consecutivo de Su Equipo en Liga (1-1). El T\u00e9cnico Italiano, Que Vio la Amarilla en la Primera parte y Que Tuvo Que Ser &#8216;Tranquilizado&#8217; Por su hijo Davide Al T\u00e9rmino de &hellip;<\/p>\n","protected":false},"author":1,"featured_media":14828,"comment_status":"open","ping_status":"open","sticky":false,"template":"","format":"standard","meta":{"fifu_image_url":"https:\/\/fotografias.antena3.com\/clipping\/cmsimages01\/2025\/02\/15\/5A2C5F1E-0785-420B-8273-4EACE5E1A262\/carlo-ancelotti-protesta-accion-osasuna-real-madrid_69.jpg?crop=4800,2700,x0,y0&width=1280&height=720&optimize=low&format=jpg","fifu_image_alt":"","footnotes":""},"categories":[6],"tags":[],"class_list":["post-14826","post","type-post","status-publish","format-standard","has-post-thumbnail","","category-deportes"],"_links":{"self":[{"href":"https:\/\/noticiasveraces.com\/index.php?rest_route=\/wp\/v2\/posts\/14826","targetHints":{"allow":["GET"]}}],"collection":[{"href":"https:\/\/noticiasveraces.com\/index.php?rest_route=\/wp\/v2\/posts"}],"about":[{"href":"https:\/\/noticiasveraces.com\/index.php?rest_route=\/wp\/v2\/types\/post"}],"author":[{"embeddable":true,"href":"https:\/\/noticiasveraces.com\/index.php?rest_route=\/wp\/v2\/users\/1"}],"replies":[{"embeddable":true,"href":"https:\/\/noticiasveraces.com\/index.php?rest_route=%2Fwp%2Fv2%2Fcomments&post=14826"}],"version-history":[{"count":0,"href":"https:\/\/noticiasveraces.com\/index.php?rest_route=\/wp\/v2\/posts\/14826\/revisions"}],"wp:featuredmedia":[{"embeddable":true,"href":"https:\/\/noticiasveraces.com\/index.php?rest_route=\/wp\/v2\/media\/14828"}],"wp:attachment":[{"href":"https:\/\/noticiasveraces.com\/index.php?rest_route=%2Fwp%2Fv2%2Fmedia&parent=14826"}],"wp:term":[{"taxonomy":"category","embeddable":true,"href":"https:\/\/noticiasveraces.com\/index.php?rest_route=%2Fwp%2Fv2%2Fcategories&post=14826"},{"taxonomy":"post_tag","embeddable":true,"href":"https:\/\/noticiasveraces.com\/index.php?rest_route=%2Fwp%2Fv2%2Ftags&post=14826"}],"curies":[{"name":"wp","href":"https:\/\/api.w.org\/{rel}","templated":true}]}}