{"id":14817,"date":"2025-02-15T14:59:25","date_gmt":"2025-02-15T18:59:25","guid":{"rendered":"https:\/\/noticiasveraces.com\/?p=14817"},"modified":"2025-02-15T14:59:25","modified_gmt":"2025-02-15T18:59:25","slug":"el-papa-francisco-permanecera-en-el-hospital-dice-el-vaticano","status":"publish","type":"post","link":"https:\/\/noticiasveraces.com\/?p=14817","title":{"rendered":"El Papa Francisco permanecer\u00e1 en el hospital, dice el Vaticano"},"content":{"rendered":"<p> \n<\/p>\n<div>\n<p class=\"speakable\">El Papa Francisco permanecer\u00e1 hospitalizado y continuar\u00e1 el tratamiento de una infecci\u00f3n respiratoria, seg\u00fan un informe de Reuters que cita a un portavoz del Vaticano. <\/p>\n<p class=\"speakable\">Las pruebas de diagn\u00f3stico aparentemente indicaron que el Papa Francisco ten\u00eda una infecci\u00f3n del tracto respiratorio, agreg\u00f3 la salida.<\/p>\n<p>Vatican News inform\u00f3 que el pont\u00edfice de 88 a\u00f1os ten\u00eda una \u00abnoche de descanso\u00bb en el Hospital Agostino Gemelli de Roma. Mientras el Papa estaba experimentando una \u00abfiebre leve\u00bb el viernes, se hab\u00eda roto el s\u00e1bado, seg\u00fan Vatican News.<\/p>\n<div class=\"image-ct inline\">\n<div class=\"m\"><picture><source media=\"(max-width: 767px)\" srcset=\"https:\/\/a57.foxnews.com\/static.foxnews.com\/foxnews.com\/content\/uploads\/2024\/12\/343\/192\/ap24359672903709-scaled.jpg?ve=1&amp;tl=1, https:\/\/a57.foxnews.com\/static.foxnews.com\/foxnews.com\/content\/uploads\/2024\/12\/686\/384\/ap24359672903709-scaled.jpg?ve=1&amp;tl=1 2x\" height=\"192\" width=\"343\"><source media=\"(min-width: 768px) and (max-width: 1023px)\" srcset=\"https:\/\/a57.foxnews.com\/static.foxnews.com\/foxnews.com\/content\/uploads\/2024\/12\/672\/378\/ap24359672903709-scaled.jpg?ve=1&amp;tl=1, https:\/\/a57.foxnews.com\/static.foxnews.com\/foxnews.com\/content\/uploads\/2024\/12\/1344\/756\/ap24359672903709-scaled.jpg?ve=1&amp;tl=1 2x\" height=\"378\" width=\"672\"><source media=\"(min-width: 1024px) and (max-width: 1279px)\" srcset=\"https:\/\/a57.foxnews.com\/static.foxnews.com\/foxnews.com\/content\/uploads\/2024\/12\/931\/523\/ap24359672903709-scaled.jpg?ve=1&amp;tl=1, https:\/\/a57.foxnews.com\/static.foxnews.com\/foxnews.com\/content\/uploads\/2024\/12\/1862\/1046\/ap24359672903709-scaled.jpg?ve=1&amp;tl=1 2x\" height=\"523\" width=\"931\"><source media=\"(min-width: 1280px)\" srcset=\"https:\/\/a57.foxnews.com\/static.foxnews.com\/foxnews.com\/content\/uploads\/2024\/12\/720\/405\/ap24359672903709-scaled.jpg?ve=1&amp;tl=1, https:\/\/a57.foxnews.com\/static.foxnews.com\/foxnews.com\/content\/uploads\/2024\/12\/1440\/810\/ap24359672903709-scaled.jpg?ve=1&amp;tl=1 2x\" height=\"405\" width=\"720\"><img loading=\"lazy\" decoding=\"async\" src=\"https:\/\/a57.foxnews.com\/static.foxnews.com\/foxnews.com\/content\/uploads\/2024\/12\/1200\/675\/ap24359672903709-scaled.jpg?ve=1&amp;tl=1\" alt=\"Papa Francisco en la Bas\u00edlica de San Pedro\" width=\"1200\" height=\"675\"\/><\/source><\/source><\/source><\/source><\/picture><\/div>\n<div class=\"info\">\n<div class=\"caption\">\n<p><span>El Papa Francisco abre la puerta sagrada de la Bas\u00edlica de San Pedro para marcar el comienzo del a\u00f1o del Jubileo Cat\u00f3lico, en el Vaticano, el 24 de diciembre de 2024.<\/span> <span>(Alberto Pizzoli\/Pool Photo a trav\u00e9s de AP)<\/span><\/p>\n<\/div>\n<\/div>\n<\/div>\n<p><strong>Biden premia al Papa Francisco con el m\u00e1s alto honor civil, medalla presidencial de la libertad, por tel\u00e9fono<\/strong><\/p>\n<p>El Papa fue ingresado en el hospital m\u00e1s grande de Roma despu\u00e9s de que, seg\u00fan los informes, lidiaron con un episodio de bronquitis durante aproximadamente una semana, confirm\u00f3 el Vaticano a Fox News.<\/p>\n<p>El CEO de CNN, Mark Thompson, se reuni\u00f3 con el Papa Francisco poco antes de su hospitalizaci\u00f3n. Seg\u00fan el informe de CNN, el Papa estaba \u00abalerta mentalmente pero luchaba por hablar durante per\u00edodos prolongados debido a las dificultades respiratorias\u00bb.<\/p>\n<div class=\"image-ct inline\">\n<div class=\"m\"><picture><source media=\"(max-width: 767px)\" srcset=\"https:\/\/a57.foxnews.com\/static.foxnews.com\/foxnews.com\/content\/uploads\/2025\/02\/343\/192\/pope-francis-hospitalized.jpg?ve=1&amp;tl=1, https:\/\/a57.foxnews.com\/static.foxnews.com\/foxnews.com\/content\/uploads\/2025\/02\/686\/384\/pope-francis-hospitalized.jpg?ve=1&amp;tl=1 2x\" height=\"192\" width=\"343\"><source media=\"(min-width: 768px) and (max-width: 1023px)\" srcset=\"https:\/\/a57.foxnews.com\/static.foxnews.com\/foxnews.com\/content\/uploads\/2025\/02\/672\/378\/pope-francis-hospitalized.jpg?ve=1&amp;tl=1, https:\/\/a57.foxnews.com\/static.foxnews.com\/foxnews.com\/content\/uploads\/2025\/02\/1344\/756\/pope-francis-hospitalized.jpg?ve=1&amp;tl=1 2x\" height=\"378\" width=\"672\"><source media=\"(min-width: 1024px) and (max-width: 1279px)\" srcset=\"https:\/\/a57.foxnews.com\/static.foxnews.com\/foxnews.com\/content\/uploads\/2025\/02\/931\/523\/pope-francis-hospitalized.jpg?ve=1&amp;tl=1, https:\/\/a57.foxnews.com\/static.foxnews.com\/foxnews.com\/content\/uploads\/2025\/02\/1862\/1046\/pope-francis-hospitalized.jpg?ve=1&amp;tl=1 2x\" height=\"523\" width=\"931\"><source media=\"(min-width: 1280px)\" srcset=\"https:\/\/a57.foxnews.com\/static.foxnews.com\/foxnews.com\/content\/uploads\/2025\/02\/720\/405\/pope-francis-hospitalized.jpg?ve=1&amp;tl=1, https:\/\/a57.foxnews.com\/static.foxnews.com\/foxnews.com\/content\/uploads\/2025\/02\/1440\/810\/pope-francis-hospitalized.jpg?ve=1&amp;tl=1 2x\" height=\"405\" width=\"720\"><img loading=\"lazy\" decoding=\"async\" src=\"https:\/\/a57.foxnews.com\/static.foxnews.com\/foxnews.com\/content\/uploads\/2025\/02\/1200\/675\/pope-francis-hospitalized.jpg?ve=1&amp;tl=1\" alt=\"Una estatua del difunto Papa Juan Pablo II fuera del Hospital Gemelli\" width=\"1200\" height=\"675\"\/><\/source><\/source><\/source><\/source><\/picture><\/div>\n<div class=\"info\">\n<div class=\"caption\">\n<p><span>Una estatua del difunto Papa Juan Pablo II se encuentra fuera del Hospital Gemelli donde el Papa Francisco ha ido a continuar el tratamiento de la bronquitis en curso en Roma, Italia, 14 de febrero de 2025.<\/span> <span>(Reuters\/Remo Casilli)<\/span><\/p>\n<\/div>\n<\/div>\n<\/div>\n<p><strong>El Papa Francisco comienza el A\u00f1o Santo en el Vaticano con m\u00e1s de 32 millones de visitantes esperados<\/strong><\/p>\n<p>El Papa no es ajeno a las luchas de salud. A la edad de 21 a\u00f1os, se le quit\u00f3 parte de su pulm\u00f3n despu\u00e9s de desarrollar pleurisy, lo cual es una inflamaci\u00f3n de las membranas que amortiguan los pulmones.<\/p>\n<p>El Papa Francisco ha luchado con m\u00faltiples batallas de salud en los \u00faltimos a\u00f1os, incluidas cirug\u00edas en 2021 y 2023, as\u00ed como problemas de rodilla de larga data, que han resultado en su uso de una silla de ruedas.<\/p>\n<div class=\"image-ct inline\">\n<div class=\"m\"><picture><source media=\"(max-width: 767px)\" srcset=\"https:\/\/a57.foxnews.com\/static.foxnews.com\/foxnews.com\/content\/uploads\/2024\/02\/343\/192\/Pope-Francis-Hospitalized-Flu.jpg?ve=1&amp;tl=1, https:\/\/a57.foxnews.com\/static.foxnews.com\/foxnews.com\/content\/uploads\/2024\/02\/686\/384\/Pope-Francis-Hospitalized-Flu.jpg?ve=1&amp;tl=1 2x\" height=\"192\" width=\"343\"><source media=\"(min-width: 768px) and (max-width: 1023px)\" srcset=\"https:\/\/a57.foxnews.com\/static.foxnews.com\/foxnews.com\/content\/uploads\/2024\/02\/672\/378\/Pope-Francis-Hospitalized-Flu.jpg?ve=1&amp;tl=1, https:\/\/a57.foxnews.com\/static.foxnews.com\/foxnews.com\/content\/uploads\/2024\/02\/1344\/756\/Pope-Francis-Hospitalized-Flu.jpg?ve=1&amp;tl=1 2x\" height=\"378\" width=\"672\"><source media=\"(min-width: 1024px) and (max-width: 1279px)\" srcset=\"https:\/\/a57.foxnews.com\/static.foxnews.com\/foxnews.com\/content\/uploads\/2024\/02\/931\/523\/Pope-Francis-Hospitalized-Flu.jpg?ve=1&amp;tl=1, https:\/\/a57.foxnews.com\/static.foxnews.com\/foxnews.com\/content\/uploads\/2024\/02\/1862\/1046\/Pope-Francis-Hospitalized-Flu.jpg?ve=1&amp;tl=1 2x\" height=\"523\" width=\"931\"><source media=\"(min-width: 1280px)\" srcset=\"https:\/\/a57.foxnews.com\/static.foxnews.com\/foxnews.com\/content\/uploads\/2024\/02\/720\/405\/Pope-Francis-Hospitalized-Flu.jpg?ve=1&amp;tl=1, https:\/\/a57.foxnews.com\/static.foxnews.com\/foxnews.com\/content\/uploads\/2024\/02\/1440\/810\/Pope-Francis-Hospitalized-Flu.jpg?ve=1&amp;tl=1 2x\" height=\"405\" width=\"720\"><img loading=\"lazy\" decoding=\"async\" src=\"https:\/\/a57.foxnews.com\/static.foxnews.com\/foxnews.com\/content\/uploads\/2024\/02\/1200\/675\/Pope-Francis-Hospitalized-Flu.jpg?ve=1&amp;tl=1\" alt=\"Papa Francisco en una silla de ruedas\" width=\"1200\" height=\"675\"\/><\/source><\/source><\/source><\/source><\/picture><\/div>\n<div class=\"info\">\n<div class=\"caption\">\n<p><span>El Papa Francisco llega a una silla de ruedas en su audiencia general semanal en el Sal\u00f3n Paul VI, en el Vaticano, el 28 de febrero de 2024.<\/span> <span>(AP Photo\/Andrew Medichini)<\/span><\/p>\n<\/div>\n<\/div>\n<\/div>\n<p><strong><u>El Papa Francisco herido cuando el Vaticano confirma la segunda ca\u00edda en cuesti\u00f3n de semanas<\/u><\/strong><\/p>\n<p>En su autobiograf\u00eda, el Papa atribuy\u00f3 sus problemas de salud a su edad, diciendo que \u00abla iglesia est\u00e1 gobernada usando la cabeza y el coraz\u00f3n, no las piernas\u00bb.<\/p>\n<p>El Papa tambi\u00e9n sufri\u00f3 dos ca\u00eddas recientes, una en diciembre y otra en enero. Despu\u00e9s de la segunda ca\u00edda, que ocurri\u00f3 en su residencia, el brazo del Papa Francisco fue puesto en una honda para inmovilizarla. El Vaticano dijo en ese momento que esto se hizo como \u00abuna medida de precauci\u00f3n\u00bb.<\/p>\n<p> <!----> <\/p>\n<div class=\"article-meta\">\n<div class=\"author-bio\">\n<p>Rachel Wolf es una escritora de noticias de Fox News Digital y Fox Business.<\/p>\n<\/div>\n<\/div>\n<\/div>\n\n","protected":false},"excerpt":{"rendered":"<p>El Papa Francisco permanecer\u00e1 hospitalizado y continuar\u00e1 el tratamiento de una infecci\u00f3n respiratoria, seg\u00fan un informe de Reuters que cita a un portavoz del Vaticano. Las pruebas de diagn\u00f3stico aparentemente indicaron que el Papa Francisco ten\u00eda una infecci\u00f3n del tracto respiratorio, agreg\u00f3 la salida. Vatican News inform\u00f3 que el pont\u00edfice de 88 a\u00f1os ten\u00eda una &hellip;<\/p>\n","protected":false},"author":1,"featured_media":14819,"comment_status":"open","ping_status":"open","sticky":false,"template":"","format":"standard","meta":{"fifu_image_url":"https:\/\/static.foxnews.com\/foxnews.com\/content\/uploads\/2024\/02\/pope-francis.jpg","fifu_image_alt":"","footnotes":""},"categories":[13],"tags":[],"class_list":["post-14817","post","type-post","status-publish","format-standard","has-post-thumbnail","","category-mundo"],"_links":{"self":[{"href":"https:\/\/noticiasveraces.com\/index.php?rest_route=\/wp\/v2\/posts\/14817","targetHints":{"allow":["GET"]}}],"collection":[{"href":"https:\/\/noticiasveraces.com\/index.php?rest_route=\/wp\/v2\/posts"}],"about":[{"href":"https:\/\/noticiasveraces.com\/index.php?rest_route=\/wp\/v2\/types\/post"}],"author":[{"embeddable":true,"href":"https:\/\/noticiasveraces.com\/index.php?rest_route=\/wp\/v2\/users\/1"}],"replies":[{"embeddable":true,"href":"https:\/\/noticiasveraces.com\/index.php?rest_route=%2Fwp%2Fv2%2Fcomments&post=14817"}],"version-history":[{"count":0,"href":"https:\/\/noticiasveraces.com\/index.php?rest_route=\/wp\/v2\/posts\/14817\/revisions"}],"wp:featuredmedia":[{"embeddable":true,"href":"https:\/\/noticiasveraces.com\/index.php?rest_route=\/wp\/v2\/media\/14819"}],"wp:attachment":[{"href":"https:\/\/noticiasveraces.com\/index.php?rest_route=%2Fwp%2Fv2%2Fmedia&parent=14817"}],"wp:term":[{"taxonomy":"category","embeddable":true,"href":"https:\/\/noticiasveraces.com\/index.php?rest_route=%2Fwp%2Fv2%2Fcategories&post=14817"},{"taxonomy":"post_tag","embeddable":true,"href":"https:\/\/noticiasveraces.com\/index.php?rest_route=%2Fwp%2Fv2%2Ftags&post=14817"}],"curies":[{"name":"wp","href":"https:\/\/api.w.org\/{rel}","templated":true}]}}