{"id":14811,"date":"2025-02-15T13:52:59","date_gmt":"2025-02-15T17:52:59","guid":{"rendered":"https:\/\/noticiasveraces.com\/?p=14811"},"modified":"2025-02-15T13:52:59","modified_gmt":"2025-02-15T17:52:59","slug":"israel-libera-prisioneros-palestinos-vinculados-a-ataques-mortales-contra-civiles","status":"publish","type":"post","link":"https:\/\/noticiasveraces.com\/?p=14811","title":{"rendered":"Israel libera prisioneros palestinos vinculados a ataques mortales contra civiles"},"content":{"rendered":"<p> \n<\/p>\n<div>\n<div class=\"article-gating gated-overlay show-gate\">\n<div class=\"article-gating-wrapper\">\n<p>\u00danase a Fox News para acceder a este contenido<\/p>\n<p>Has alcanzado su n\u00famero m\u00e1ximo de art\u00edculos. Inicie sesi\u00f3n o cree una cuenta de forma gratuita para continuar leyendo.<\/p>\n<div class=\"article-gating-legal tablet-desktop\">Al ingresar su correo electr\u00f3nico y presionar continuar, usted acepta los t\u00e9rminos de uso y la pol\u00edtica de privacidad de Fox News, que incluye nuestro aviso de incentivo financiero.\n    <\/div>\n<p><span>Por favor, introduce una direcci\u00f3n de correo electr\u00f3nico v\u00e1lida.<\/span><\/p>\n<footer class=\"article-gating-footer\">\u00bfTiene problemas? Haga clic aqu\u00ed.<\/footer>\n<\/div>\n<\/div>\n<p class=\"speakable\">Los palestinos vinculados a los bombardeos suicidas e intentos de asesinato se encuentran entre los 369 lanzados el s\u00e1bado por Israel en su \u00faltimo intercambio de rehenes capturados por Hamas. <\/p>\n<p class=\"speakable\">Treinta y seis de los detenidos estaban cumpliendo cadena perpetua en las prisiones israel\u00edes, pero solo 12 de ellos se les permiti\u00f3 regresar a sus hogares en Cisjordania y Jerusal\u00e9n Este. Los otros 24 est\u00e1n siendo enviados al exilio. <\/p>\n<p>Los s\u00e1bados liberados usaban sudaderas blancas que les dieron el Servicio de la Prisi\u00f3n Israel\u00ed en su liberaci\u00f3n, estampados con una estrella de David, el logotipo del servicio penitenciario y la frase \u00abnunca perdonan, nunca olvid\u00f3\u00bb en \u00e1rabe en la parte delantera y trasera, seg\u00fan a la prensa asociada. Un video m\u00e1s tarde publicado en X supuestamente mostr\u00f3 esas sudaderas que se estaban quemando. <\/p>\n<p>Entre los que regresaron a Cisjordania se encontraban Ibrahim y Musa Sarahneh, quienes sirvieron m\u00e1s de 22 a\u00f1os de prisi\u00f3n por su participaci\u00f3n en bombardeos suicidas que mataron a varios israel\u00edes durante la Segunda Intifada, un levantamiento palestino contra Israel a principios de la d\u00e9cada de 2000. <\/p>\n<p><strong>El reh\u00e9n estadounidense-israel\u00ed liberado por Hamas abraza a su esposa, familia despu\u00e9s de estar separado durante casi 500 d\u00edas<\/strong><strong> <\/strong><\/p>\n<div class=\"image-ct inline\">\n<div class=\"m\"><picture><source media=\"(max-width: 767px)\" srcset=\"https:\/\/a57.foxnews.com\/static.foxnews.com\/foxnews.com\/content\/uploads\/2025\/02\/343\/192\/ahmed-barghouti.jpg?ve=1&amp;tl=1, https:\/\/a57.foxnews.com\/static.foxnews.com\/foxnews.com\/content\/uploads\/2025\/02\/686\/384\/ahmed-barghouti.jpg?ve=1&amp;tl=1 2x\" height=\"192\" width=\"343\"><source media=\"(min-width: 768px) and (max-width: 1023px)\" srcset=\"https:\/\/a57.foxnews.com\/static.foxnews.com\/foxnews.com\/content\/uploads\/2025\/02\/672\/378\/ahmed-barghouti.jpg?ve=1&amp;tl=1, https:\/\/a57.foxnews.com\/static.foxnews.com\/foxnews.com\/content\/uploads\/2025\/02\/1344\/756\/ahmed-barghouti.jpg?ve=1&amp;tl=1 2x\" height=\"378\" width=\"672\"><source media=\"(min-width: 1024px) and (max-width: 1279px)\" srcset=\"https:\/\/a57.foxnews.com\/static.foxnews.com\/foxnews.com\/content\/uploads\/2025\/02\/931\/523\/ahmed-barghouti.jpg?ve=1&amp;tl=1, https:\/\/a57.foxnews.com\/static.foxnews.com\/foxnews.com\/content\/uploads\/2025\/02\/1862\/1046\/ahmed-barghouti.jpg?ve=1&amp;tl=1 2x\" height=\"523\" width=\"931\"><source media=\"(min-width: 1280px)\" srcset=\"https:\/\/a57.foxnews.com\/static.foxnews.com\/foxnews.com\/content\/uploads\/2025\/02\/720\/405\/ahmed-barghouti.jpg?ve=1&amp;tl=1, https:\/\/a57.foxnews.com\/static.foxnews.com\/foxnews.com\/content\/uploads\/2025\/02\/1440\/810\/ahmed-barghouti.jpg?ve=1&amp;tl=1 2x\" height=\"405\" width=\"720\"><img loading=\"lazy\" decoding=\"async\" src=\"https:\/\/a57.foxnews.com\/static.foxnews.com\/foxnews.com\/content\/uploads\/2025\/02\/1200\/675\/ahmed-barghouti.jpg?ve=1&amp;tl=1\" alt=\"Ahmed Barghouti espera la sentencia\" width=\"1200\" height=\"675\"\/><\/source><\/source><\/source><\/source><\/picture><\/div>\n<div class=\"info\">\n<div class=\"caption\">\n<p><span>Ahmed Barghouti, a la derecha, y su prometido esperaba su sentencia en un tribunal militar cerca de Ramallah en Cisjordania el 30 de julio de 2003. Finalmente recibi\u00f3 13 cadenas perpetuas por enviar hombres armados que mataron a 12 israel\u00edes durante la segunda intifada. Barghouti fue uno de los prisioneros palestinos liberados por Israel el s\u00e1bado 15 de febrero.<\/span> <span>(Reuters\/Gil Cohen Magen\/JDP)<\/span><\/p>\n<\/div>\n<\/div>\n<\/div>\n<p>Su otro hermano, Khalil Sarahneh, quien fue condenado por intento de asesinato y sentenciado a cadena perpetua en 2002, fue enviado a Egipto. <\/p>\n<p>Hassan Aweis, quien tambi\u00e9n fue sentenciado a cadena perpetua en 2002 por cargos de homicidio voluntario, plantando un dispositivo explosivo e intento de asesinato, seg\u00fan el Ministerio de Justicia de Israel, fue uno de los pocos prisioneros liberados bienvenidos por multitudes alegres en Ramallah. <\/p>\n<p>Estuvo involucrado en la planificaci\u00f3n de ataques durante la segunda intifada para las brigadas de los m\u00e1rtires de Al-Aqsa, inform\u00f3 la AP. <\/p>\n<p>El grupo, designado por los Estados Unidos como una organizaci\u00f3n terrorista extranjera, \u00abse form\u00f3 a fines de 2000 durante la segunda intifada como un ala militante de la facci\u00f3n pol\u00edtica de Fatah de Cisjordania\u00bb y \u00abbusca impulsar las fuerzas y colonos militares israel\u00edes de Jerusal\u00e9n, Cisjordania, y la Franja de Gaza y establecen un estado palestino \u00ab, seg\u00fan la Oficina de los Estados Unidos del Director de Inteligencia Nacional. <\/p>\n<div class=\"image-ct inline\">\n<div class=\"m\"><picture><source media=\"(max-width: 767px)\" srcset=\"https:\/\/a57.foxnews.com\/static.foxnews.com\/foxnews.com\/content\/uploads\/2025\/02\/343\/192\/palestinian-shirts-burned.jpg?ve=1&amp;tl=1, https:\/\/a57.foxnews.com\/static.foxnews.com\/foxnews.com\/content\/uploads\/2025\/02\/686\/384\/palestinian-shirts-burned.jpg?ve=1&amp;tl=1 2x\" height=\"192\" width=\"343\"><source media=\"(min-width: 768px) and (max-width: 1023px)\" srcset=\"https:\/\/a57.foxnews.com\/static.foxnews.com\/foxnews.com\/content\/uploads\/2025\/02\/672\/378\/palestinian-shirts-burned.jpg?ve=1&amp;tl=1, https:\/\/a57.foxnews.com\/static.foxnews.com\/foxnews.com\/content\/uploads\/2025\/02\/1344\/756\/palestinian-shirts-burned.jpg?ve=1&amp;tl=1 2x\" height=\"378\" width=\"672\"><source media=\"(min-width: 1024px) and (max-width: 1279px)\" srcset=\"https:\/\/a57.foxnews.com\/static.foxnews.com\/foxnews.com\/content\/uploads\/2025\/02\/931\/523\/palestinian-shirts-burned.jpg?ve=1&amp;tl=1, https:\/\/a57.foxnews.com\/static.foxnews.com\/foxnews.com\/content\/uploads\/2025\/02\/1862\/1046\/palestinian-shirts-burned.jpg?ve=1&amp;tl=1 2x\" height=\"523\" width=\"931\"><source media=\"(min-width: 1280px)\" srcset=\"https:\/\/a57.foxnews.com\/static.foxnews.com\/foxnews.com\/content\/uploads\/2025\/02\/720\/405\/palestinian-shirts-burned.jpg?ve=1&amp;tl=1, https:\/\/a57.foxnews.com\/static.foxnews.com\/foxnews.com\/content\/uploads\/2025\/02\/1440\/810\/palestinian-shirts-burned.jpg?ve=1&amp;tl=1 2x\" height=\"405\" width=\"720\"><img loading=\"lazy\" decoding=\"async\" src=\"https:\/\/a57.foxnews.com\/static.foxnews.com\/foxnews.com\/content\/uploads\/2025\/02\/1200\/675\/palestinian-shirts-burned.jpg?ve=1&amp;tl=1\" alt=\"Los palestinos queman camisas en Khan Younis\" width=\"1200\" height=\"675\"\/><\/source><\/source><\/source><\/source><\/picture><\/div>\n<div class=\"info\">\n<div class=\"caption\">\n<p><span>Una multitud quema las camisas usadas por los prisioneros palestinos liberados en Khan Younis en la Franja de Gaza el s\u00e1bado 15 de febrero.<\/span> <span>(AP\/Abdel Kareem Hana)<\/span><\/p>\n<\/div>\n<\/div>\n<\/div>\n<p><strong>Hamas libera 3 rehenes m\u00e1s a cambio de m\u00e1s de 300 prisioneros<\/strong><strong> <\/strong><\/p>\n<p>El hermano de Hassan Aweis, Abdel Karim Aweis, a quien el Ministerio de Justicia de Israel dijo que fue sentenciado al equivalente a seis cadenas perpetuas por cargos que incluyen arrojar un dispositivo explosivo, intento de asesinato y asalto, fue transferido a Egipto. <\/p>\n<p>Ahmed Barghouti tambi\u00e9n fue enviado a Egipto el s\u00e1bado. Barghouti, que una vez fue comandante en las brigadas de los m\u00e1rtires de Al-Aqsa, recibi\u00f3 una cadena perpetua por enviar agresores y terroristas suicidas para llevar a cabo ataques que mataron a civiles israel\u00edes durante la segunda intifada. <\/p>\n<div class=\"image-ct inline\">\n<div class=\"m\"><picture><source media=\"(max-width: 767px)\" srcset=\"https:\/\/a57.foxnews.com\/static.foxnews.com\/foxnews.com\/content\/uploads\/2025\/02\/343\/192\/palestinians-freed-gaza.jpg?ve=1&amp;tl=1, https:\/\/a57.foxnews.com\/static.foxnews.com\/foxnews.com\/content\/uploads\/2025\/02\/686\/384\/palestinians-freed-gaza.jpg?ve=1&amp;tl=1 2x\" height=\"192\" width=\"343\"><source media=\"(min-width: 768px) and (max-width: 1023px)\" srcset=\"https:\/\/a57.foxnews.com\/static.foxnews.com\/foxnews.com\/content\/uploads\/2025\/02\/672\/378\/palestinians-freed-gaza.jpg?ve=1&amp;tl=1, https:\/\/a57.foxnews.com\/static.foxnews.com\/foxnews.com\/content\/uploads\/2025\/02\/1344\/756\/palestinians-freed-gaza.jpg?ve=1&amp;tl=1 2x\" height=\"378\" width=\"672\"><source media=\"(min-width: 1024px) and (max-width: 1279px)\" srcset=\"https:\/\/a57.foxnews.com\/static.foxnews.com\/foxnews.com\/content\/uploads\/2025\/02\/931\/523\/palestinians-freed-gaza.jpg?ve=1&amp;tl=1, https:\/\/a57.foxnews.com\/static.foxnews.com\/foxnews.com\/content\/uploads\/2025\/02\/1862\/1046\/palestinians-freed-gaza.jpg?ve=1&amp;tl=1 2x\" height=\"523\" width=\"931\"><source media=\"(min-width: 1280px)\" srcset=\"https:\/\/a57.foxnews.com\/static.foxnews.com\/foxnews.com\/content\/uploads\/2025\/02\/720\/405\/palestinians-freed-gaza.jpg?ve=1&amp;tl=1, https:\/\/a57.foxnews.com\/static.foxnews.com\/foxnews.com\/content\/uploads\/2025\/02\/1440\/810\/palestinians-freed-gaza.jpg?ve=1&amp;tl=1 2x\" height=\"405\" width=\"720\"><img loading=\"lazy\" decoding=\"async\" src=\"https:\/\/a57.foxnews.com\/static.foxnews.com\/foxnews.com\/content\/uploads\/2025\/02\/1200\/675\/palestinians-freed-gaza.jpg?ve=1&amp;tl=1\" alt=\"Prisioneros palestinos liberados por Israel\" width=\"1200\" height=\"675\"\/><\/source><\/source><\/source><\/source><\/picture><\/div>\n<div class=\"info\">\n<div class=\"caption\">\n<p><span>Los prisioneros palestinos liberados son recibidos por una multitud en Khan Younis cuando llegan a la Franja de Gaza despu\u00e9s de ser liberados de una prisi\u00f3n israel\u00ed el s\u00e1bado 15 de febrero.<\/span> <span>(AP\/Jehad Alshrafi)<\/span><\/p>\n<\/div>\n<\/div>\n<\/div>\n<p>Barghouti es un asistente cercano de Marwan Barghouti, un popular l\u00edder de Fatah que permanece bajo custodia israel\u00ed.  <\/p>\n<p>El Ministerio de Asuntos Exteriores de Israel ha descrito a Marwan Barghouti como \u00abuno de los l\u00edderes de la Segunda Intifada\u00bb que fue \u00abcondenado en una demanda penal en el Tribunal de Distrito Israel\u00ed por cinco cargos separados de asesinato de civiles inocentes\u00bb.<\/p>\n<p><strong>Haga clic aqu\u00ed para obtener la aplicaci\u00f3n Fox News<\/strong><strong> <\/strong><\/p>\n<p>\u00abFue absuelto de 21 cargos de asesinato en otros 33 ataques, debido a la falta de evidencia suficiente\u00bb, agreg\u00f3, se\u00f1alando que \u00abdurante sus juicios, Barghouti no mostr\u00f3 remordimiento por los asesinatos que cometi\u00f3\u00bb.<\/p>\n<p><i>Associated Press contribuy\u00f3 a este informe. <\/i><\/p>\n<\/div>\n\n","protected":false},"excerpt":{"rendered":"<p>\u00danase a Fox News para acceder a este contenido Has alcanzado su n\u00famero m\u00e1ximo de art\u00edculos. Inicie sesi\u00f3n o cree una cuenta de forma gratuita para continuar leyendo. Al ingresar su correo electr\u00f3nico y presionar continuar, usted acepta los t\u00e9rminos de uso y la pol\u00edtica de privacidad de Fox News, que incluye nuestro aviso de &hellip;<\/p>\n","protected":false},"author":1,"featured_media":14813,"comment_status":"open","ping_status":"open","sticky":false,"template":"","format":"standard","meta":{"fifu_image_url":"https:\/\/static.foxnews.com\/foxnews.com\/content\/uploads\/2025\/02\/ahmed-barghouti.jpg","fifu_image_alt":"","footnotes":""},"categories":[13],"tags":[],"class_list":["post-14811","post","type-post","status-publish","format-standard","has-post-thumbnail","","category-mundo"],"_links":{"self":[{"href":"https:\/\/noticiasveraces.com\/index.php?rest_route=\/wp\/v2\/posts\/14811","targetHints":{"allow":["GET"]}}],"collection":[{"href":"https:\/\/noticiasveraces.com\/index.php?rest_route=\/wp\/v2\/posts"}],"about":[{"href":"https:\/\/noticiasveraces.com\/index.php?rest_route=\/wp\/v2\/types\/post"}],"author":[{"embeddable":true,"href":"https:\/\/noticiasveraces.com\/index.php?rest_route=\/wp\/v2\/users\/1"}],"replies":[{"embeddable":true,"href":"https:\/\/noticiasveraces.com\/index.php?rest_route=%2Fwp%2Fv2%2Fcomments&post=14811"}],"version-history":[{"count":0,"href":"https:\/\/noticiasveraces.com\/index.php?rest_route=\/wp\/v2\/posts\/14811\/revisions"}],"wp:featuredmedia":[{"embeddable":true,"href":"https:\/\/noticiasveraces.com\/index.php?rest_route=\/wp\/v2\/media\/14813"}],"wp:attachment":[{"href":"https:\/\/noticiasveraces.com\/index.php?rest_route=%2Fwp%2Fv2%2Fmedia&parent=14811"}],"wp:term":[{"taxonomy":"category","embeddable":true,"href":"https:\/\/noticiasveraces.com\/index.php?rest_route=%2Fwp%2Fv2%2Fcategories&post=14811"},{"taxonomy":"post_tag","embeddable":true,"href":"https:\/\/noticiasveraces.com\/index.php?rest_route=%2Fwp%2Fv2%2Ftags&post=14811"}],"curies":[{"name":"wp","href":"https:\/\/api.w.org\/{rel}","templated":true}]}}