{"id":14808,"date":"2025-02-15T12:52:23","date_gmt":"2025-02-15T16:52:23","guid":{"rendered":"https:\/\/noticiasveraces.com\/?p=14808"},"modified":"2025-02-15T12:52:23","modified_gmt":"2025-02-15T16:52:23","slug":"segun-los-informes-netanyahu-celebrara-una-reunion-de-seguridad-en-la-fecha-limite-de-trump","status":"publish","type":"post","link":"https:\/\/noticiasveraces.com\/?p=14808","title":{"rendered":"Seg\u00fan los informes, Netanyahu celebrar\u00e1 una reuni\u00f3n de seguridad en la fecha l\u00edmite de Trump"},"content":{"rendered":"<p> \n<\/p>\n<div>\n<p class=\"speakable\">Seg\u00fan los informes, el primer ministro israel\u00ed, Benjamin Netanyahu, celebrar\u00e1 una reuni\u00f3n a las 12:00 p.m. del este el s\u00e1bado, la fecha l\u00edmite del presidente Donald Trump para Hamas, para discutir el resto del acuerdo de alto el fuego, confirm\u00f3 su portavoz a Fox News.<\/p>\n<p class=\"speakable\">En una declaraci\u00f3n, el primer ministro Netanyahu advirti\u00f3 que Israel se est\u00e1 \u00abpreparando con plena intensidad para lo que viene despu\u00e9s, en todos los sentidos\u00bb, inform\u00f3 TPS-IL.<\/p>\n<p>M\u00e1s temprano el s\u00e1bado, Hamas lanz\u00f3 tres rehenes m\u00e1s, incluido el ciudadano estadounidense Sagui Dekel-Chen. Su liberaci\u00f3n fue casi retrasado \u00abindefinidamente\u00bb por el grupo terrorista debido a las supuestas violaciones de alto el fuego de Israel.<\/p>\n<div class=\"image-ct inline\">\n<div class=\"m\"><picture><source media=\"(max-width: 767px)\" srcset=\"https:\/\/a57.foxnews.com\/static.foxnews.com\/foxnews.com\/content\/uploads\/2025\/02\/343\/192\/trump10.png?ve=1&amp;tl=1, https:\/\/a57.foxnews.com\/static.foxnews.com\/foxnews.com\/content\/uploads\/2025\/02\/686\/384\/trump10.png?ve=1&amp;tl=1 2x\" height=\"192\" width=\"343\"><source media=\"(min-width: 768px) and (max-width: 1023px)\" srcset=\"https:\/\/a57.foxnews.com\/static.foxnews.com\/foxnews.com\/content\/uploads\/2025\/02\/672\/378\/trump10.png?ve=1&amp;tl=1, https:\/\/a57.foxnews.com\/static.foxnews.com\/foxnews.com\/content\/uploads\/2025\/02\/1344\/756\/trump10.png?ve=1&amp;tl=1 2x\" height=\"378\" width=\"672\"><source media=\"(min-width: 1024px) and (max-width: 1279px)\" srcset=\"https:\/\/a57.foxnews.com\/static.foxnews.com\/foxnews.com\/content\/uploads\/2025\/02\/931\/523\/trump10.png?ve=1&amp;tl=1, https:\/\/a57.foxnews.com\/static.foxnews.com\/foxnews.com\/content\/uploads\/2025\/02\/1862\/1046\/trump10.png?ve=1&amp;tl=1 2x\" height=\"523\" width=\"931\"><source media=\"(min-width: 1280px)\" srcset=\"https:\/\/a57.foxnews.com\/static.foxnews.com\/foxnews.com\/content\/uploads\/2025\/02\/720\/405\/trump10.png?ve=1&amp;tl=1, https:\/\/a57.foxnews.com\/static.foxnews.com\/foxnews.com\/content\/uploads\/2025\/02\/1440\/810\/trump10.png?ve=1&amp;tl=1 2x\" height=\"405\" width=\"720\"><img loading=\"lazy\" decoding=\"async\" src=\"https:\/\/a57.foxnews.com\/static.foxnews.com\/foxnews.com\/content\/uploads\/2025\/02\/1200\/675\/trump10.png?ve=1&amp;tl=1\" alt=\"El primer ministro israel\u00ed Benjamin Netanyahu y el presidente Donald Trump participan en una conferencia de prensa\" width=\"1200\" height=\"675\"\/><\/source><\/source><\/source><\/source><\/picture><\/div>\n<div class=\"info\">\n<div class=\"caption\">\n<p><span>El primer ministro israel\u00ed Benjamin Netanyahu y el presidente de los Estados Unidos, Donald Trump, durante una conferencia de prensa en la sala este de la Casa Blanca en Washington, DC, el martes 4 de febrero de 2025.<\/span> <span>(Ting Shen\/Bloomberg a trav\u00e9s de Getty Images)<\/span><\/p>\n<\/div>\n<\/div>\n<\/div>\n<p><strong>Trump exige a Hamas liberar el resto de los rehenes israel\u00edes<\/strong><\/p>\n<p>Trump luego dijo el lunes que si Hamas no devolvi\u00f3 a todos los rehenes restantes al mediod\u00eda, Israel deber\u00eda cancelar el alto el fuego y \u00abdejar todo el infierno\u00bb.<\/p>\n<p>\u00abSi todos los rehenes de Gaza no son devueltos el s\u00e1bado a las 12 p.m., dir\u00eda que cancela el alto el fuego\u00bb, dijo Trump en la Oficina Oval. \u00abDeja que todo el infierno estalle; Israel puede anularlo\u00bb.<\/p>\n<p>Cuando Trump hizo la declaraci\u00f3n, no estaba claro si se refer\u00eda a las 12 pm de la \u00e9poca oriental o israel\u00ed. La hora de la reuni\u00f3n del primer ministro Netanyahu indica que Israel entendi\u00f3 la fecha l\u00edmite de Trump como las 12 de la tarde del este, por lo que es la hora local de las 7 pm.<\/p>\n<div class=\"image-ct inline\">\n<div class=\"m\"><picture><source media=\"(max-width: 767px)\" srcset=\"https:\/\/a57.foxnews.com\/static.foxnews.com\/foxnews.com\/content\/uploads\/2025\/02\/343\/192\/sagui-dekel-chen-3.jpg?ve=1&amp;tl=1, https:\/\/a57.foxnews.com\/static.foxnews.com\/foxnews.com\/content\/uploads\/2025\/02\/686\/384\/sagui-dekel-chen-3.jpg?ve=1&amp;tl=1 2x\" height=\"192\" width=\"343\"><source media=\"(min-width: 768px) and (max-width: 1023px)\" srcset=\"https:\/\/a57.foxnews.com\/static.foxnews.com\/foxnews.com\/content\/uploads\/2025\/02\/672\/378\/sagui-dekel-chen-3.jpg?ve=1&amp;tl=1, https:\/\/a57.foxnews.com\/static.foxnews.com\/foxnews.com\/content\/uploads\/2025\/02\/1344\/756\/sagui-dekel-chen-3.jpg?ve=1&amp;tl=1 2x\" height=\"378\" width=\"672\"><source media=\"(min-width: 1024px) and (max-width: 1279px)\" srcset=\"https:\/\/a57.foxnews.com\/static.foxnews.com\/foxnews.com\/content\/uploads\/2025\/02\/931\/523\/sagui-dekel-chen-3.jpg?ve=1&amp;tl=1, https:\/\/a57.foxnews.com\/static.foxnews.com\/foxnews.com\/content\/uploads\/2025\/02\/1862\/1046\/sagui-dekel-chen-3.jpg?ve=1&amp;tl=1 2x\" height=\"523\" width=\"931\"><source media=\"(min-width: 1280px)\" srcset=\"https:\/\/a57.foxnews.com\/static.foxnews.com\/foxnews.com\/content\/uploads\/2025\/02\/720\/405\/sagui-dekel-chen-3.jpg?ve=1&amp;tl=1, https:\/\/a57.foxnews.com\/static.foxnews.com\/foxnews.com\/content\/uploads\/2025\/02\/1440\/810\/sagui-dekel-chen-3.jpg?ve=1&amp;tl=1 2x\" height=\"405\" width=\"720\"><img loading=\"lazy\" decoding=\"async\" src=\"https:\/\/a57.foxnews.com\/static.foxnews.com\/foxnews.com\/content\/uploads\/2025\/02\/1200\/675\/sagui-dekel-chen-3.jpg?ve=1&amp;tl=1\" alt=\"Rehenes israel\u00edes lanzados por Hamas\" width=\"1200\" height=\"675\"\/><\/source><\/source><\/source><\/source><\/picture><\/div>\n<div class=\"info\">\n<div class=\"caption\">\n<p><span>Los rehenes israel\u00edes Iair Horn, de 46 a\u00f1os, a la izquierda, Sagui Dekel Chen, de 36 a\u00f1os, en el centro a la izquierda, y Alexander Programanov, de 29 a\u00f1os, a la derecha, son escoltados por Hamas y los combatientes de la Jihada Isl\u00e1mica mientras se les entrega a la Cruz Red en Khan Younis en la Franja de Gaza el s\u00e1bado 15 de febrero.<\/span> <span>(AP\/Abdel Kareem Hana)<\/span><\/p>\n<\/div>\n<\/div>\n<\/div>\n<p><strong>Hamas libera 3 rehenes m\u00e1s a cambio de m\u00e1s de 300 prisioneros como parte del acuerdo de alto el fuego con Israel<\/strong><\/p>\n<p>El jueves, Hamas anunci\u00f3 que lanzar\u00eda rehenes el s\u00e1bado seg\u00fan lo planeado. El grupo finalmente nombr\u00f3 a los rehenes que se lanzar\u00e1n. Iair Horn y Sasha Troofanov fueron liberados junto a Dekel-Chen. Los tres hombres fueron tomados de Kibbutz Nir Oz durante los ataques de Hamas el 7 de octubre.<\/p>\n<p>Si bien Trump fue quien sugiri\u00f3 originalmente la fecha l\u00edmite, dijo el s\u00e1bado en una publicaci\u00f3n sobre Truth Social que Estados Unidos \u00abrespaldar\u00eda\u00bb cualquier decisi\u00f3n que Israel tom\u00f3 con respecto a otras acciones.<\/p>\n<p>\u00abHamas acaba de publicar tres rehenes de Gaza, incluido un ciudadano estadounidense. \u00abIsrael ahora tendr\u00e1 que decidir qu\u00e9 har\u00e1n con las 12:00 en punto, hoy, la fecha l\u00edmite impuesta en el lanzamiento de todos los rehenes. \u00a1Estados Unidos respaldar\u00e1 la decisi\u00f3n que toman!\u00bb<\/p>\n<div class=\"image-ct inline\">\n<div class=\"m\"><picture><source media=\"(max-width: 767px)\" srcset=\"https:\/\/a57.foxnews.com\/static.foxnews.com\/foxnews.com\/content\/uploads\/2025\/02\/343\/192\/trump-netanyahu-gaza.png?ve=1&amp;tl=1, https:\/\/a57.foxnews.com\/static.foxnews.com\/foxnews.com\/content\/uploads\/2025\/02\/686\/384\/trump-netanyahu-gaza.png?ve=1&amp;tl=1 2x\" height=\"192\" width=\"343\"><source media=\"(min-width: 768px) and (max-width: 1023px)\" srcset=\"https:\/\/a57.foxnews.com\/static.foxnews.com\/foxnews.com\/content\/uploads\/2025\/02\/672\/378\/trump-netanyahu-gaza.png?ve=1&amp;tl=1, https:\/\/a57.foxnews.com\/static.foxnews.com\/foxnews.com\/content\/uploads\/2025\/02\/1344\/756\/trump-netanyahu-gaza.png?ve=1&amp;tl=1 2x\" height=\"378\" width=\"672\"><source media=\"(min-width: 1024px) and (max-width: 1279px)\" srcset=\"https:\/\/a57.foxnews.com\/static.foxnews.com\/foxnews.com\/content\/uploads\/2025\/02\/931\/523\/trump-netanyahu-gaza.png?ve=1&amp;tl=1, https:\/\/a57.foxnews.com\/static.foxnews.com\/foxnews.com\/content\/uploads\/2025\/02\/1862\/1046\/trump-netanyahu-gaza.png?ve=1&amp;tl=1 2x\" height=\"523\" width=\"931\"><source media=\"(min-width: 1280px)\" srcset=\"https:\/\/a57.foxnews.com\/static.foxnews.com\/foxnews.com\/content\/uploads\/2025\/02\/720\/405\/trump-netanyahu-gaza.png?ve=1&amp;tl=1, https:\/\/a57.foxnews.com\/static.foxnews.com\/foxnews.com\/content\/uploads\/2025\/02\/1440\/810\/trump-netanyahu-gaza.png?ve=1&amp;tl=1 2x\" height=\"405\" width=\"720\"><img loading=\"lazy\" decoding=\"async\" src=\"https:\/\/a57.foxnews.com\/static.foxnews.com\/foxnews.com\/content\/uploads\/2025\/02\/1200\/675\/trump-netanyahu-gaza.png?ve=1&amp;tl=1\" alt=\"El presidente Trump, el primer ministro israel\u00ed Netanyahu y una foto de Gaza\" width=\"1200\" height=\"675\"\/><\/source><\/source><\/source><\/source><\/picture><\/div>\n<div class=\"info\">\n<div class=\"caption\">\n<p><span>El presidente Donald Trump (izquierda) y el primer ministro israel\u00ed Benjamin Netanyahu (derecha).<\/span> <span>(Getty Images\/Fox News Digital)<\/span><\/p>\n<\/div>\n<\/div>\n<\/div>\n<p><strong><u>Haga clic aqu\u00ed para obtener la aplicaci\u00f3n Fox News<\/u><\/strong><\/p>\n<p>La semana pasada, Trump expres\u00f3 su indignaci\u00f3n por la condici\u00f3n de los rehenes publicados por Hamas, todos los cuales parec\u00edan fr\u00e1giles y demacrados. Trump dijo que los tres hombres \u00abparec\u00edan sobrevivientes del Holocausto\u00bb y \u00abcomo si no hubieran tenido una comida en un mes\u00bb.<\/p>\n<p>Israel y Hamas est\u00e1n involucrados en un acuerdo de alto el fuego que entr\u00f3 en vigencia el 19 de enero. A lo largo del acuerdo de seis semanas, se espera que Hamas libere a 33 rehenes a cambio de casi 2,000 prisioneros palestinos.<\/p>\n<p> <!----> <\/p>\n<div class=\"article-meta\">\n<div class=\"author-bio\">\n<p>Rachel Wolf es una escritora de noticias de Fox News Digital y Fox Business.<\/p>\n<\/div>\n<\/div>\n<\/div>\n\n","protected":false},"excerpt":{"rendered":"<p>Seg\u00fan los informes, el primer ministro israel\u00ed, Benjamin Netanyahu, celebrar\u00e1 una reuni\u00f3n a las 12:00 p.m. del este el s\u00e1bado, la fecha l\u00edmite del presidente Donald Trump para Hamas, para discutir el resto del acuerdo de alto el fuego, confirm\u00f3 su portavoz a Fox News. En una declaraci\u00f3n, el primer ministro Netanyahu advirti\u00f3 que Israel &hellip;<\/p>\n","protected":false},"author":1,"featured_media":14810,"comment_status":"open","ping_status":"open","sticky":false,"template":"","format":"standard","meta":{"fifu_image_url":"https:\/\/static.foxnews.com\/foxnews.com\/content\/uploads\/2024\/08\/netanyahu-assessment.jpg","fifu_image_alt":"","footnotes":""},"categories":[13],"tags":[],"class_list":["post-14808","post","type-post","status-publish","format-standard","has-post-thumbnail","","category-mundo"],"_links":{"self":[{"href":"https:\/\/noticiasveraces.com\/index.php?rest_route=\/wp\/v2\/posts\/14808","targetHints":{"allow":["GET"]}}],"collection":[{"href":"https:\/\/noticiasveraces.com\/index.php?rest_route=\/wp\/v2\/posts"}],"about":[{"href":"https:\/\/noticiasveraces.com\/index.php?rest_route=\/wp\/v2\/types\/post"}],"author":[{"embeddable":true,"href":"https:\/\/noticiasveraces.com\/index.php?rest_route=\/wp\/v2\/users\/1"}],"replies":[{"embeddable":true,"href":"https:\/\/noticiasveraces.com\/index.php?rest_route=%2Fwp%2Fv2%2Fcomments&post=14808"}],"version-history":[{"count":0,"href":"https:\/\/noticiasveraces.com\/index.php?rest_route=\/wp\/v2\/posts\/14808\/revisions"}],"wp:featuredmedia":[{"embeddable":true,"href":"https:\/\/noticiasveraces.com\/index.php?rest_route=\/wp\/v2\/media\/14810"}],"wp:attachment":[{"href":"https:\/\/noticiasveraces.com\/index.php?rest_route=%2Fwp%2Fv2%2Fmedia&parent=14808"}],"wp:term":[{"taxonomy":"category","embeddable":true,"href":"https:\/\/noticiasveraces.com\/index.php?rest_route=%2Fwp%2Fv2%2Fcategories&post=14808"},{"taxonomy":"post_tag","embeddable":true,"href":"https:\/\/noticiasveraces.com\/index.php?rest_route=%2Fwp%2Fv2%2Ftags&post=14808"}],"curies":[{"name":"wp","href":"https:\/\/api.w.org\/{rel}","templated":true}]}}