{"id":14794,"date":"2025-02-15T10:49:37","date_gmt":"2025-02-15T14:49:37","guid":{"rendered":"https:\/\/noticiasveraces.com\/?p=14794"},"modified":"2025-02-15T10:49:37","modified_gmt":"2025-02-15T14:49:37","slug":"el-rehen-estadounidense-israeli-sagui-dekel-chen-abraza-a-la-esposa-despues-de-casi-500-dias","status":"publish","type":"post","link":"https:\/\/noticiasveraces.com\/?p=14794","title":{"rendered":"El reh\u00e9n estadounidense-israel\u00ed Sagui Dekel-Chen abraza a la esposa despu\u00e9s de casi 500 d\u00edas"},"content":{"rendered":"<p> \n<\/p>\n<div>\n<p class=\"speakable\">El reh\u00e9n estadounidense-israel\u00ed Sagui Dekel-Chen abraz\u00f3 a su esposa despu\u00e9s de estar separada de ella durante casi 500 d\u00edas en fotos y videos conmovedores tomados el s\u00e1bado despu\u00e9s de su lanzamiento de Hamas. <\/p>\n<p class=\"speakable\">Las escenas capturadas en un punto de recepci\u00f3n en Israel muestran al hombre de 36 a\u00f1os abrazando y besando a Avital Dekel-Chen, quien dio a luz a su tercera hija dos meses despu\u00e9s de que fue incautado por el grupo terrorista palestino durante su 7 de octubre de 2023, 2023, Ataque al pa\u00eds. Los padres de Dekel-Chen tambi\u00e9n son vistos para darle la bienvenida a casa. <\/p>\n<p>\u00abNuestro coraz\u00f3n duele por todo lo que se perdi\u00f3, pero ahora est\u00e1 aqu\u00ed, a diferencia de muchos otros\u00bb, dijo su familia en un comunicado a Associated Press. <\/p>\n<p>Al igual que con los intercambios anteriores, el lanzamiento de rehenes del s\u00e1bado fue fuertemente coreografiado, con los cautivos hechos para caminar hacia un escenario y hablar en micr\u00f3fonos ante una multitud en Khan Younis en la tira de Gaza. Docenas de combatientes de Hamas enmascarados y armados se alinearon cerca del escenario, que estaba decorado con banderas y pancartas palestinas de facciones militantes. <\/p>\n<p><strong>Hamas libera 3 rehenes m\u00e1s a cambio de m\u00e1s de 300 prisioneros como parte del acuerdo de alto el fuego con Israel<\/strong><strong> <\/strong><\/p>\n<div class=\"image-ct inline\">\n<div class=\"m\"><picture><source media=\"(max-width: 767px)\" srcset=\"https:\/\/a57.foxnews.com\/static.foxnews.com\/foxnews.com\/content\/uploads\/2025\/02\/343\/192\/sagui-dekel-chen-1.jpg?ve=1&amp;tl=1, https:\/\/a57.foxnews.com\/static.foxnews.com\/foxnews.com\/content\/uploads\/2025\/02\/686\/384\/sagui-dekel-chen-1.jpg?ve=1&amp;tl=1 2x\" height=\"192\" width=\"343\"><source media=\"(min-width: 768px) and (max-width: 1023px)\" srcset=\"https:\/\/a57.foxnews.com\/static.foxnews.com\/foxnews.com\/content\/uploads\/2025\/02\/672\/378\/sagui-dekel-chen-1.jpg?ve=1&amp;tl=1, https:\/\/a57.foxnews.com\/static.foxnews.com\/foxnews.com\/content\/uploads\/2025\/02\/1344\/756\/sagui-dekel-chen-1.jpg?ve=1&amp;tl=1 2x\" height=\"378\" width=\"672\"><source media=\"(min-width: 1024px) and (max-width: 1279px)\" srcset=\"https:\/\/a57.foxnews.com\/static.foxnews.com\/foxnews.com\/content\/uploads\/2025\/02\/931\/523\/sagui-dekel-chen-1.jpg?ve=1&amp;tl=1, https:\/\/a57.foxnews.com\/static.foxnews.com\/foxnews.com\/content\/uploads\/2025\/02\/1862\/1046\/sagui-dekel-chen-1.jpg?ve=1&amp;tl=1 2x\" height=\"523\" width=\"931\"><source media=\"(min-width: 1280px)\" srcset=\"https:\/\/a57.foxnews.com\/static.foxnews.com\/foxnews.com\/content\/uploads\/2025\/02\/720\/405\/sagui-dekel-chen-1.jpg?ve=1&amp;tl=1, https:\/\/a57.foxnews.com\/static.foxnews.com\/foxnews.com\/content\/uploads\/2025\/02\/1440\/810\/sagui-dekel-chen-1.jpg?ve=1&amp;tl=1 2x\" height=\"405\" width=\"720\"><img loading=\"lazy\" decoding=\"async\" src=\"https:\/\/a57.foxnews.com\/static.foxnews.com\/foxnews.com\/content\/uploads\/2025\/02\/1200\/675\/sagui-dekel-chen-1.jpg?ve=1&amp;tl=1\" alt=\"Sagui Dekel-Chen abraza a la esposa\" width=\"1200\" height=\"675\"\/><\/source><\/source><\/source><\/source><\/picture><\/div>\n<div class=\"info\">\n<div class=\"caption\">\n<p><span>Se ve a Sagui Dekel-Chen abrazando a su esposa Avital Dekel-Chen en un punto de recepci\u00f3n en Israel el s\u00e1bado 15 de febrero, luego de su liberaci\u00f3n de Hamas.<\/span> <span>(IDF)<\/span><\/p>\n<\/div>\n<\/div>\n<\/div>\n<p>Chen parec\u00eda estar cojeando mientras descend\u00eda el escenario durante el lanzamiento de los rehenes, inform\u00f3 el AP. <\/p>\n<p>Los otros rehenes publicados fueron Alexander (Sasha) Problemanov, de 29 a\u00f1os, e Iair Horn, 46. El problema tiene la ciudadan\u00eda israel\u00ed y rusa, mientras que Horn es un doble ciudadano de Israel y Argentina. <\/p>\n<p>Los tres fueron secuestrados por Hamas de Kibbutz Nir Oz en el ataque del grupo terrorista el 7 de octubre de 2023 contra Israel que provoc\u00f3 la guerra en Gaza. <\/p>\n<p><strong>El embajador de la ONU de Israel golpea el plan palestino para Gaza, exige la autoridad palestina primero &#8216;condenar a Hamas&#8217;<\/strong><strong> <\/strong><\/p>\n<div class=\"image-ct inline\">\n<div class=\"m\"><picture><source media=\"(max-width: 767px)\" srcset=\"https:\/\/a57.foxnews.com\/static.foxnews.com\/foxnews.com\/content\/uploads\/2025\/02\/343\/192\/sagui-dekel-chen-2.jpg?ve=1&amp;tl=1, https:\/\/a57.foxnews.com\/static.foxnews.com\/foxnews.com\/content\/uploads\/2025\/02\/686\/384\/sagui-dekel-chen-2.jpg?ve=1&amp;tl=1 2x\" height=\"192\" width=\"343\"><source media=\"(min-width: 768px) and (max-width: 1023px)\" srcset=\"https:\/\/a57.foxnews.com\/static.foxnews.com\/foxnews.com\/content\/uploads\/2025\/02\/672\/378\/sagui-dekel-chen-2.jpg?ve=1&amp;tl=1, https:\/\/a57.foxnews.com\/static.foxnews.com\/foxnews.com\/content\/uploads\/2025\/02\/1344\/756\/sagui-dekel-chen-2.jpg?ve=1&amp;tl=1 2x\" height=\"378\" width=\"672\"><source media=\"(min-width: 1024px) and (max-width: 1279px)\" srcset=\"https:\/\/a57.foxnews.com\/static.foxnews.com\/foxnews.com\/content\/uploads\/2025\/02\/931\/523\/sagui-dekel-chen-2.jpg?ve=1&amp;tl=1, https:\/\/a57.foxnews.com\/static.foxnews.com\/foxnews.com\/content\/uploads\/2025\/02\/1862\/1046\/sagui-dekel-chen-2.jpg?ve=1&amp;tl=1 2x\" height=\"523\" width=\"931\"><source media=\"(min-width: 1280px)\" srcset=\"https:\/\/a57.foxnews.com\/static.foxnews.com\/foxnews.com\/content\/uploads\/2025\/02\/720\/405\/sagui-dekel-chen-2.jpg?ve=1&amp;tl=1, https:\/\/a57.foxnews.com\/static.foxnews.com\/foxnews.com\/content\/uploads\/2025\/02\/1440\/810\/sagui-dekel-chen-2.jpg?ve=1&amp;tl=1 2x\" height=\"405\" width=\"720\"><img loading=\"lazy\" decoding=\"async\" src=\"https:\/\/a57.foxnews.com\/static.foxnews.com\/foxnews.com\/content\/uploads\/2025\/02\/1200\/675\/sagui-dekel-chen-2.jpg?ve=1&amp;tl=1\" alt=\"Sagui dekel chen abraza madre\" width=\"1200\" height=\"675\"\/><\/source><\/source><\/source><\/source><\/picture><\/div>\n<div class=\"info\">\n<div class=\"caption\">\n<p><span>La madre y el padre de Sagui Dekel-Chen tambi\u00e9n le dieron la bienvenida a Israel el s\u00e1bado 15 de febrero.<\/span> <span>(IDF)<\/span><\/p>\n<\/div>\n<\/div>\n<\/div>\n<p>A cambio de la liberaci\u00f3n de los rehenes, Israel comenz\u00f3 a lanzar 369 prisioneros y detenidos palestinos, incluidas 36 porciones de cadena perpetua por ataques mortales. Un autob\u00fas que transportaba los primeros prisioneros liberados lleg\u00f3 a la ciudad de Beitunia en la ciudad oeste de Beitunia y fue recibido por una gran multitud de familiares y partidarios.  <\/p>\n<p>Algunos aparecieron demacrado, y el Servicio de Emergencia de Crescent Rojo Palestino dijo que cuatro fueron tomados de inmediato para recibir tratamiento m\u00e9dico. <\/p>\n<div class=\"image-ct inline\">\n<div class=\"m\"><picture><source media=\"(max-width: 767px)\" srcset=\"https:\/\/a57.foxnews.com\/static.foxnews.com\/foxnews.com\/content\/uploads\/2025\/02\/343\/192\/sagui-dekel-chen-3.jpg?ve=1&amp;tl=1, https:\/\/a57.foxnews.com\/static.foxnews.com\/foxnews.com\/content\/uploads\/2025\/02\/686\/384\/sagui-dekel-chen-3.jpg?ve=1&amp;tl=1 2x\" height=\"192\" width=\"343\"><source media=\"(min-width: 768px) and (max-width: 1023px)\" srcset=\"https:\/\/a57.foxnews.com\/static.foxnews.com\/foxnews.com\/content\/uploads\/2025\/02\/672\/378\/sagui-dekel-chen-3.jpg?ve=1&amp;tl=1, https:\/\/a57.foxnews.com\/static.foxnews.com\/foxnews.com\/content\/uploads\/2025\/02\/1344\/756\/sagui-dekel-chen-3.jpg?ve=1&amp;tl=1 2x\" height=\"378\" width=\"672\"><source media=\"(min-width: 1024px) and (max-width: 1279px)\" srcset=\"https:\/\/a57.foxnews.com\/static.foxnews.com\/foxnews.com\/content\/uploads\/2025\/02\/931\/523\/sagui-dekel-chen-3.jpg?ve=1&amp;tl=1, https:\/\/a57.foxnews.com\/static.foxnews.com\/foxnews.com\/content\/uploads\/2025\/02\/1862\/1046\/sagui-dekel-chen-3.jpg?ve=1&amp;tl=1 2x\" height=\"523\" width=\"931\"><source media=\"(min-width: 1280px)\" srcset=\"https:\/\/a57.foxnews.com\/static.foxnews.com\/foxnews.com\/content\/uploads\/2025\/02\/720\/405\/sagui-dekel-chen-3.jpg?ve=1&amp;tl=1, https:\/\/a57.foxnews.com\/static.foxnews.com\/foxnews.com\/content\/uploads\/2025\/02\/1440\/810\/sagui-dekel-chen-3.jpg?ve=1&amp;tl=1 2x\" height=\"405\" width=\"720\"><img loading=\"lazy\" decoding=\"async\" src=\"https:\/\/a57.foxnews.com\/static.foxnews.com\/foxnews.com\/content\/uploads\/2025\/02\/1200\/675\/sagui-dekel-chen-3.jpg?ve=1&amp;tl=1\" alt=\"Rehenes israel\u00edes lanzados por Hamas\" width=\"1200\" height=\"675\"\/><\/source><\/source><\/source><\/source><\/picture><\/div>\n<div class=\"info\">\n<div class=\"caption\">\n<p><span>Los rehenes israel\u00edes Iair Horn, de 46 a\u00f1os, a la izquierda, Sagui Dekel Chen, de 36 a\u00f1os, en el centro a la izquierda, y Alexander Programanov, de 29 a\u00f1os, a la derecha, son escoltados por Hamas y los combatientes de la Jihada Isl\u00e1mica mientras se les entrega a la Cruz Red en Khan Younis en la Franja de Gaza el s\u00e1bado 15 de febrero.<\/span> <span>(AP\/Abdel Kareem Hana)<\/span><\/p>\n<\/div>\n<\/div>\n<\/div>\n<p><strong>Haga clic aqu\u00ed para obtener la aplicaci\u00f3n Fox News<\/strong><strong> <\/strong><\/p>\n<p>Es el sexto intercambio desde que entr\u00f3 en vigencia el alto el fuego el 19 de enero. Antes del s\u00e1bado, 21 rehenes y m\u00e1s de 730 prisioneros palestinos fueron liberados durante la primera fase de la tregua. <\/p>\n<p><i>Landon Mion de Fox News y The Associated Press contribuyeron a este informe. <\/i><\/p>\n<p> <!----> <\/p>\n<div class=\"article-meta\">\n<div class=\"author-bio\">\n<p>Greg Norman es reportero de Fox News Digital.<\/p>\n<\/div>\n<\/div>\n<\/div>\n\n","protected":false},"excerpt":{"rendered":"<p>El reh\u00e9n estadounidense-israel\u00ed Sagui Dekel-Chen abraz\u00f3 a su esposa despu\u00e9s de estar separada de ella durante casi 500 d\u00edas en fotos y videos conmovedores tomados el s\u00e1bado despu\u00e9s de su lanzamiento de Hamas. Las escenas capturadas en un punto de recepci\u00f3n en Israel muestran al hombre de 36 a\u00f1os abrazando y besando a Avital Dekel-Chen, &hellip;<\/p>\n","protected":false},"author":1,"featured_media":14796,"comment_status":"open","ping_status":"open","sticky":false,"template":"","format":"standard","meta":{"fifu_image_url":"https:\/\/static.foxnews.com\/foxnews.com\/content\/uploads\/2025\/02\/sagui-dekel-chen-1.jpg","fifu_image_alt":"","footnotes":""},"categories":[13],"tags":[],"class_list":["post-14794","post","type-post","status-publish","format-standard","has-post-thumbnail","","category-mundo"],"_links":{"self":[{"href":"https:\/\/noticiasveraces.com\/index.php?rest_route=\/wp\/v2\/posts\/14794","targetHints":{"allow":["GET"]}}],"collection":[{"href":"https:\/\/noticiasveraces.com\/index.php?rest_route=\/wp\/v2\/posts"}],"about":[{"href":"https:\/\/noticiasveraces.com\/index.php?rest_route=\/wp\/v2\/types\/post"}],"author":[{"embeddable":true,"href":"https:\/\/noticiasveraces.com\/index.php?rest_route=\/wp\/v2\/users\/1"}],"replies":[{"embeddable":true,"href":"https:\/\/noticiasveraces.com\/index.php?rest_route=%2Fwp%2Fv2%2Fcomments&post=14794"}],"version-history":[{"count":0,"href":"https:\/\/noticiasveraces.com\/index.php?rest_route=\/wp\/v2\/posts\/14794\/revisions"}],"wp:featuredmedia":[{"embeddable":true,"href":"https:\/\/noticiasveraces.com\/index.php?rest_route=\/wp\/v2\/media\/14796"}],"wp:attachment":[{"href":"https:\/\/noticiasveraces.com\/index.php?rest_route=%2Fwp%2Fv2%2Fmedia&parent=14794"}],"wp:term":[{"taxonomy":"category","embeddable":true,"href":"https:\/\/noticiasveraces.com\/index.php?rest_route=%2Fwp%2Fv2%2Fcategories&post=14794"},{"taxonomy":"post_tag","embeddable":true,"href":"https:\/\/noticiasveraces.com\/index.php?rest_route=%2Fwp%2Fv2%2Ftags&post=14794"}],"curies":[{"name":"wp","href":"https:\/\/api.w.org\/{rel}","templated":true}]}}