{"id":14767,"date":"2025-02-15T07:43:07","date_gmt":"2025-02-15T11:43:07","guid":{"rendered":"https:\/\/noticiasveraces.com\/?p=14767"},"modified":"2025-02-15T07:43:07","modified_gmt":"2025-02-15T11:43:07","slug":"scholz-rechaza-declaracion-de-vance-sobre-democracia-alemana-dw-15-02-2025","status":"publish","type":"post","link":"https:\/\/noticiasveraces.com\/?p=14767","title":{"rendered":"Scholz Rechaza Declaraci\u00f3n de Vance Sobre Democracia Alemana &#8211; DW &#8211; 15\/02\/2025"},"content":{"rendered":"<p> \n<\/p>\n<div>\n<p>El canciller Olaf Scholz rechaz\u00f3 este s\u00e1bado (15.02.2025) en\u00e9rgicamente cualquier interferencia exterior en las elecciones legislativas alemanas del 23 de febrero, despu\u00e9s de que el vicepresidente estadounidense JD Vance criticara el llamado \u00abcord\u00f3n sanitario\u00bb en torno a los partidos de extrema derecha.<\/p>\n<h2><strong>Scholz: \u00abNosotros y Nieie M\u00e1s\u00bb decidimos el RUMBO de la Democracia<\/strong><\/h2>\n<p>\u00abNo Ataremos que intervengan actores exteriores en nuestra democracia, en nuestras elecciones\u00bb, Dijo el Mandatario Alem\u00e1n en la Conferencia de Seguridad de M\u00fanich Al Defender la Doctrina Alemana de no Colaborar Con la Extraer derecha.<\/p>\n<p>\u00abLa direcciosa que tomar\u00e1 nuestra democracia la decidimos nosotros. Nosotros y nieie m\u00e1s\u00bb, insisti\u00f3.<\/p>\n<p>Las declaraciones de Vance de Este Viernes se Vivieron en Alemania como una Nueva Injerencia de la Administraci\u00f3n Estadounidense en la Campa\u00f1a Electoral.<\/p>\n<h2><strong>Vance Critica la Democracia y la Libertad de expresi\u00f3n en Alemania<\/strong><\/h2>\n<p>\u00abA Lo que la Democracia Alemana\u00bb, Como Todas Las Dem\u00e1s, \u00abNo Puede Sobrevivir\u00bb, Es El Hecho de \u00ab, desaf\u00ede un Millones de Votantes Que Sus Pensamientos y Preocupcomaciones (&#8230;) Ni si -SiCen Que Se Tomen en Cuenta\u00bb,,,,,,, ,,,,,,,,, ,,,,,, ,,,,,,,, ,,,,,,,, ,,,,,,, ,,,,,,,, ,,,,,, ,,,,,,,, ,,,,,,,, ,,,,,,,, ,,,,,,,, ,,,,,,,, ,,,,,,, ,,,,,,, ,,,,,,,, ,,,,,,,, ,,,,,,,, ,,,,,,,, ,,,,,, ,,,,,,,, ,,,,,,,, ,,,,,,,, ,,,,,,,, ,,, y \u00ab,,, y\u00bb. Declar\u00f3 en M\u00fanich.    <\/p>\n<\/p>\n<figure class=\"placeholder-image master_landscape big\"><img data-format=\"MASTER_LANDSCAPE\" data-id=\"71612373\" data-url=\"https:\/\/static.dw.com\/image\/71612373_${formatId}.jpg\" data-aspect-ratio=\"16\/9\" alt=\"Vance Critic\u00f3 en M\u00fanich la Libertad de expresi\u00f3n en Alemania (14.02.2025)\" style=\"padding-bottom: 56.25%; height: 0; max-height: 0;\"\/><figcaption class=\"img-caption\">Vance Critic\u00f3 en M\u00fanich la Libertad de expresi\u00f3n en Alemania (14.02.2025)<small class=\"copyright\">Imagen: Thomas Kienzl\/AFP<\/small><\/figcaption><\/figure>\n<p>En Las \u00daltimas Semanas, El Multimillonario Elon Musk, Hombre de Confianza del Presidente Estadounidense Donald Trump, Ha Expresado Reiteradamento Su Apoyo Al Partido Alem\u00e1n de Exema Derecha Alternativa Alemania (Afd).<\/p>\n<p>Afd, hostil a Los Migrantes, figura en segunda Posici\u00f3nis en Las Encuestas para las elecciones Legislativas del 23 de febrero con 20% de las intenciones de voto, desesperados de los conservadores de la cdu\/csu, que cuentan con cerca de 30%.<\/p>\n<h2><strong>Alemania Seguir\u00e1 Comprando Armas y Equipos Militares A Alemania<\/strong><\/h2>\n<p>Sin embargo, Scholz comoever\u00f3 que Alemania \u00abse indique el material\u00bb Material Militar A Estados Unidos y Subray\u00f3 la Necesidad de \u00abUNA Industria Europea de Armamento Fuerte\u00bb. \u00abNo Renunciamos a la Integertaci\u00f3n Transatl\u00e1nntica de Nuestras Industrias de Defensa\u00bb, Sostuvo.<\/p>\n<p>Sus Comentarios se producen desprendidos de que el Presidente Estadounidense Donald Trump anunciara sus planos de Mantener Negociaciones de Paz Con el Presidente Ruso Vladimir Putin Sobre Ucrania.<\/p>\n<p>Scholz advirti\u00f3 que una Victoria de Rusia o El Colapso de Ucrania no Crear\u00eda la Paz. Tambi\u00e9n dijo que una paz dictada nunca recibir\u00eda el apoyo de alemania.<\/p>\n<p>RR (AFP\/DPA\/Reuters)<\/p>\n<\/div>\n\n","protected":false},"excerpt":{"rendered":"<p>El canciller Olaf Scholz rechaz\u00f3 este s\u00e1bado (15.02.2025) en\u00e9rgicamente cualquier interferencia exterior en las elecciones legislativas alemanas del 23 de febrero, despu\u00e9s de que el vicepresidente estadounidense JD Vance criticara el llamado \u00abcord\u00f3n sanitario\u00bb en torno a los partidos de extrema derecha. Scholz: \u00abNosotros y Nieie M\u00e1s\u00bb decidimos el RUMBO de la Democracia \u00abNo Ataremos &hellip;<\/p>\n","protected":false},"author":1,"featured_media":14768,"comment_status":"open","ping_status":"open","sticky":false,"template":"","format":"standard","meta":{"fifu_image_url":"https:\/\/static.dw.com\/image\/71619621_6.jpg","fifu_image_alt":"","footnotes":""},"categories":[13],"tags":[],"class_list":["post-14767","post","type-post","status-publish","format-standard","has-post-thumbnail","","category-mundo"],"_links":{"self":[{"href":"https:\/\/noticiasveraces.com\/index.php?rest_route=\/wp\/v2\/posts\/14767","targetHints":{"allow":["GET"]}}],"collection":[{"href":"https:\/\/noticiasveraces.com\/index.php?rest_route=\/wp\/v2\/posts"}],"about":[{"href":"https:\/\/noticiasveraces.com\/index.php?rest_route=\/wp\/v2\/types\/post"}],"author":[{"embeddable":true,"href":"https:\/\/noticiasveraces.com\/index.php?rest_route=\/wp\/v2\/users\/1"}],"replies":[{"embeddable":true,"href":"https:\/\/noticiasveraces.com\/index.php?rest_route=%2Fwp%2Fv2%2Fcomments&post=14767"}],"version-history":[{"count":0,"href":"https:\/\/noticiasveraces.com\/index.php?rest_route=\/wp\/v2\/posts\/14767\/revisions"}],"wp:featuredmedia":[{"embeddable":true,"href":"https:\/\/noticiasveraces.com\/index.php?rest_route=\/wp\/v2\/media\/14768"}],"wp:attachment":[{"href":"https:\/\/noticiasveraces.com\/index.php?rest_route=%2Fwp%2Fv2%2Fmedia&parent=14767"}],"wp:term":[{"taxonomy":"category","embeddable":true,"href":"https:\/\/noticiasveraces.com\/index.php?rest_route=%2Fwp%2Fv2%2Fcategories&post=14767"},{"taxonomy":"post_tag","embeddable":true,"href":"https:\/\/noticiasveraces.com\/index.php?rest_route=%2Fwp%2Fv2%2Ftags&post=14767"}],"curies":[{"name":"wp","href":"https:\/\/api.w.org\/{rel}","templated":true}]}}