{"id":14723,"date":"2025-02-14T23:33:47","date_gmt":"2025-02-15T03:33:47","guid":{"rendered":"https:\/\/noticiasveraces.com\/?p=14723"},"modified":"2025-02-14T23:33:47","modified_gmt":"2025-02-15T03:33:47","slug":"un-informe-de-siete-universidades-cifra-en-un-millon-y-medio-el-numero-de-adolescentes-con-problemas-de-emocionales-en-espana-sociedad","status":"publish","type":"post","link":"https:\/\/noticiasveraces.com\/?p=14723","title":{"rendered":"Un informe de Siete Universidades Cifra en Un Mill\u00f3n y Medio el N\u00famero de Adolescentes Con Problemas de emocionales en Espa\u00f1a | Sociedad"},"content":{"rendered":"<p> \n<br \/><img decoding=\"async\" src=\"https:\/\/imagenes.elpais.com\/resizer\/v2\/2ABZ7VOGLFEYBNKDOKD7YI3DLE.jpg?auth=76afb3dcc58070156335ca06f83da5a9cf53767a9c45345424dc0e326a8ed2c2\" \/><\/p>\n<div data-dtm-region=\"articulo_cuerpo\">\n<p class=\"\">Luc\u00eda, una Joven de 24 A\u00f1os Diagnosticada Con Tas (Trastorno de Ansiedad Social), vivi\u00f3 con angustia su adolescencia Sin ser conciencia de lo le estaba pasando. Todas Estas Dificultades se agravaron a\u00fan m\u00e1s en la etapa universitaria, al verso m\u00e1s expuestera a un c\u00edrculo Social complete nuevo, o asignaturas que la forzaban a la participar y le provocaban una gran frustraci\u00f3n. \u201cA m\u00ed me hab\u00eda dicho siempre que era una ni\u00f1a t\u00edmida, y yo me lo Cre\u00ed. PERO yo Notaba cosas y me pregutaba Hasta Qu\u00e9 Punto es Ser Timida, Pero me lo segu\u00edan diciendo y yo me creia \u201d, ha explicado luciar en digitas, una Herramienta de transferencia de contenidos de la universidad de ja\u00e9 (uja) Social Y OTROS Problemas Emocionales en adolescentes. Luc\u00eda Vivi\u00f3 un Periodo Cargado de Ansiedad, Pero no Fue Hasta que sufri\u00f3 Un episodio de Temblores de Manos Cuando entendi\u00f3 que no era una simple timidez y la llev\u00f3 a pedir ayuda.<\/p>\n<p class=\"\">M\u00e1s de un Mill\u00f3n y medio de J\u00f3venes de 12 a 18 A\u00f1os en Toda Espa\u00f1a Est\u00e1n en Riesgo o Con Problemas EMOCONALES, Datos que Ha presente la Red para la promoci\u00f3n de la Salud y El Bienestar EMOCional de las Personas (Proema), de la QE Forman Parte Siete Universidades del Pa\u00eds. La Cifra, Explican LOS Responsables del Estudio, Es la Suma del Mill\u00f3n de J\u00f3venes que presente Cuadros de AnsiDad y depresi\u00f3n, y el Medio que Tienen Diagnosticados Trastornos y Est\u00e1n en Tratamiento. El an\u00e1lisis pretende informar un establecimiento un camino basado en la evidencia cient\u00edfica y en los datos disponibles para mejorar la salud mental de adolescentes y j\u00f3venes. \u00abESTOS Datos Demoledores nos Indican la Importia de la Detecci\u00f3n Tempana para PREVENIR PROBLEMAS EMOCONALES\u00bb, Indica El Catedrilar de Psicolog\u00eda de la Universidad de Je\u00e9n (Uja), Luis Joaqu\u00edn Garc\u00eda, Coordinador de Esta Red Quera ASESORANDO AL GOBERORNO AN GOBERORNO ELOMACIOMACIO AL Estrategia nacional de entornos digitales seguros.<\/p>\n<p class=\"\">La Soledad no desada (se estima que la una uno de Cada cuatro adolescentes de 16 a\u00f1os la sufre) es uno de los principales factores de riesgo que desemboca, primero en los problemas mentales y, m\u00e1s tarde, llleva a las tentitas de suicidio los j\u00edbanos. Y OTRA DE LAS AMENAZAS ES LA DE LOS MALOS H\u00c1BITOS DIGALES O EL USO EXCESIVO DE LAS REDES SOCIALES. \u201dEl potencial adictivo de las tecnolog\u00edas de la informaci\u00f3n es enorme, y eso da lugar en ocasiones a la cibervictimizaci\u00f3n ya las situaciones de acoso entre los j\u00f3venes\u201d, expone Garc\u00eda, que sit\u00faa entre cuatro y ocho horas el tiempo diario de exposici\u00f3n al m\u00f3vil ya LAS REDES SOCIALES.<\/p>\n<p class=\"\">Pero, \u00bfpor qu\u00e9 se llega a ese estado de alto riesgo para la salud mental de los j\u00f3venes? \u00abEs un c\u00famulo de Condicatos Sociales, Desde las Preocupaciones por El Empleso a la Vivienda o las Sobrecargas que impone la propia Sociedad, lo de Les les Lleva Muchas Veces A Refugiar en la HiPerconectidad\u201d, Explica el Psic\u00f3logo de la Uja. Y en los \u00daltimos Tiempos ha irrumpido Con Fuerza la Llamada Ecoansiedad, La Creciente Preocupacia Excesiva por El Cambio Climfico Que Muestran Los J\u00f3venes.<\/p>\n<p class=\"\">Los Expertos Advierten de la Importia de la Deteci\u00f3n Tempana de los S\u00edntomas Que Ya Avisan de Esos Problemas de Salud Mental. Como la luz roja que se le encendi\u00f3 a jorge, un adolescente diagn\u00f3stico con trastorno de ansiedad social (tas) al que constantemente le asaltaban las dudas: \u201c\u00bfsoja una persona t\u00edmida o me pas algo distinto?, \u00bfLo que me que me pasa pasa pasa ?, \u00bfC\u00d3MO PUEDO PEDir AYUDA? Jorge Tambi\u00e9n Est\u00e1 Diagn\u00f3stico de Trastorno Obsesivo Compulsivo (TOC), Que se Caracteriza por Pensamientos no deseadas, recurrentes e incontrolables (Las Denominadas Obsesiones (obsesiones), que lleva a las personajes de las que sean los reales de las compras de los reales. \u00abCuando Empiizas Conse, te Empiezas A Preguuntar: A Ver Qu Me Pasa, Q\u00e9 Me Est\u00e1 Pasando y Th\u00e9 Hay en Mi Cabeza que no hay funciones bien\u00bb, Ha Relatado Jorge en un testimonio Recogido por la Asoci\u00f3n\u00f3n Espa\u00f1ola de Ayuda MutuA Fobia Fobia Fobia Y TRASTORNOS DE ANSIEDAD. Esta entidad estima que Casi el 80% de las de Personas con AnsiDad Social Presenta oTros Trastornos Asociados: EL 61% Presenta Trastornos de Personalidad y en un 49% SE DAN OTRAS PATOLOG\u00cdA, COMO FOBIAS, P\u00c1NICOS O ANSIEDAD GENERALIZADA.<\/p>\n<p class=\"\">Jorge Ha Destacado la Importia del Papel de los Profesionales de Salud Mental para Afrontar Un Adecuado Diagn\u00f3stico e Intervenci\u00f3n. \u201cMe propuse hacer una lista de exposici\u00f3nis en la que empec\u00e9 un poner mis miros de menor un alcalde. Ariba del TODO Ten\u00eda en Rojo Estudiar y Trabajar, que Ve\u00eda Como imponible. Y As\u00ed, Con la Ayuda de Un Psic\u00f3logo, Pude Terminar Mis Estudios del Grado Superior de Integraci\u00f3n Social \u201d, Resalt\u00f3 Este Adolescente.<\/p>\n<h3 class=\"\">Visibilizaci\u00f3n<\/h3>\n<p class=\"\">Los Expertos en Salud Mental Valoran la Importia de Visibilizar lo que cuentan Los adolescentes de los adolescentes SOBRE Su Realidad para Poder Prevenir que la Ansiedad Social se Cronifique y Se Detecte a Tiempo. Historias como la de pablo, que leg\u00f3 un pedir ayudo debido al miiedo intenso que le provocaba exponente su trabajo fin de grado. Diagn\u00f3stico de Tas desde los Inicios de su Juventud, Al Final decidi\u00f3 Ponerse en Manos de Profesionales para empezar un tratamiento o Intervenci\u00f3n. \u201cMuchas etapas me Las pasaba solo en el recreo sido relativamente sociable, porque yo me he dADO cuenta de que no hay soja antisocial para nada. QUER\u00cdA RELACONARME Y SER COMO LOS DEM\u00c1S, PERO TEN\u00cdA MIEDO, Ten\u00eda P\u00e1nico A las Miradas \u201d, Ha Explicado Pablo en la Plataforma Digitas de la Universidad de Ja\u00e9n, Creada para el Reforzamiento de los V\u00ednculos Emocionales Entre Padres con problemas Mentales.<\/p>\n<p class=\"\">\u00abPensar en la Muerte por parte de los adolescentes no tienos por qu\u00e9 vincularse directam\u00e9 con una conducta suicida, hijo Pensamientos de un Joven, que a esas edades, est\u00e1 empezando un tensor Los l\u00edmes de la Vida\u00bb, Reflexiona. Francisco Villar Cabeza, Coordinador del Programa de Atenci\u00f3n a la conducta suicida del Menor en el Hospital Universitario Vall D&#8217;Hebron de Barcelona y Autor del Libro <i>Morir Antes del suicidio: Prevante en la adolescencia,<\/i> admite que \u201cest\u00e1 situaci\u00f3 de desesperza y \u200b\u200bde Pensar que no hay salida es lo que llleva a los j\u00f3venes a Pensar en la Muerte, que la Encuentran como un alivio\u201d.<\/p>\n<p class=\"\">Tres de Cada Cuatro Adolescentes Que Llegan Al Suicidio Son Varones. \u00abLAS Chicas Acuden Con Mayor Frecuencia A Pedir Ayuda, Pero los Chicos Se Resisten M\u00e1s Porque Lo Ven Como COMO un S\u00edntoma de Debilidad\u00bb, Expone desde la Red Proemo, Que Acaba de Presentar Su Hoja de Ruta para Este A\u00f1o. La Red Est\u00e1 Liderada Desde la Universidad de Ja\u00e9n, y de Ella Forman Part Otras Seis Universidades: Universitat Rovira I Virgili, Universidad Miguel Hern\u00e1ndez de Elche, Universidad de M\u00e1laga, Universidad de Almer\u00eda, Universidad Aut\u00d3noma de Madrid Y Universidad de Deusho. Est\u00e1 Financiada por la Agencia Estatal de Investigaci\u00f3n del Ministerio de Ciencia, Innovaci\u00f3n y Universidadas, Y Cuenta Con Un amplio Consejo Asesor Extern (Injuve).<\/p>\n<p class=\"\">La universidad de ja\u00e9n l\u00e1stica tambi\u00e9n el programa proke, una iniciativa pionera un nivel Mundial en el \u00e1mito de la prevenci\u00f3n y la atencia personalizada, al ser el el cebador programa emocionales. Paula, Celia, Carolina y Claudia hijo Cuatro Chicas de Marmolejo (Ja\u00e9n) Que Han Particy, con Alto Grado de Satisfacci\u00f3n, en Los Talleres de Este Programa. \u00abEs muy importante Pedir Ayuda Tan PRONTO SE Detecten Problemas Mentales, no es buena encerRarse en una Misma\u00bb, Ha Comentado Paula.<\/p>\n<\/div>\n\n","protected":false},"excerpt":{"rendered":"<p>Luc\u00eda, una Joven de 24 A\u00f1os Diagnosticada Con Tas (Trastorno de Ansiedad Social), vivi\u00f3 con angustia su adolescencia Sin ser conciencia de lo le estaba pasando. Todas Estas Dificultades se agravaron a\u00fan m\u00e1s en la etapa universitaria, al verso m\u00e1s expuestera a un c\u00edrculo Social complete nuevo, o asignaturas que la forzaban a la participar &hellip;<\/p>\n","protected":false},"author":1,"featured_media":14725,"comment_status":"open","ping_status":"open","sticky":false,"template":"","format":"standard","meta":{"fifu_image_url":"https:\/\/imagenes.elpais.com\/resizer\/v2\/2ABZ7VOGLFEYBNKDOKD7YI3DLE.jpg?auth=76afb3dcc58070156335ca06f83da5a9cf53767a9c45345424dc0e326a8ed2c2&width=1200","fifu_image_alt":"","footnotes":""},"categories":[11],"tags":[],"class_list":["post-14723","post","type-post","status-publish","format-standard","has-post-thumbnail","","category-viaje"],"_links":{"self":[{"href":"https:\/\/noticiasveraces.com\/index.php?rest_route=\/wp\/v2\/posts\/14723","targetHints":{"allow":["GET"]}}],"collection":[{"href":"https:\/\/noticiasveraces.com\/index.php?rest_route=\/wp\/v2\/posts"}],"about":[{"href":"https:\/\/noticiasveraces.com\/index.php?rest_route=\/wp\/v2\/types\/post"}],"author":[{"embeddable":true,"href":"https:\/\/noticiasveraces.com\/index.php?rest_route=\/wp\/v2\/users\/1"}],"replies":[{"embeddable":true,"href":"https:\/\/noticiasveraces.com\/index.php?rest_route=%2Fwp%2Fv2%2Fcomments&post=14723"}],"version-history":[{"count":0,"href":"https:\/\/noticiasveraces.com\/index.php?rest_route=\/wp\/v2\/posts\/14723\/revisions"}],"wp:featuredmedia":[{"embeddable":true,"href":"https:\/\/noticiasveraces.com\/index.php?rest_route=\/wp\/v2\/media\/14725"}],"wp:attachment":[{"href":"https:\/\/noticiasveraces.com\/index.php?rest_route=%2Fwp%2Fv2%2Fmedia&parent=14723"}],"wp:term":[{"taxonomy":"category","embeddable":true,"href":"https:\/\/noticiasveraces.com\/index.php?rest_route=%2Fwp%2Fv2%2Fcategories&post=14723"},{"taxonomy":"post_tag","embeddable":true,"href":"https:\/\/noticiasveraces.com\/index.php?rest_route=%2Fwp%2Fv2%2Ftags&post=14723"}],"curies":[{"name":"wp","href":"https:\/\/api.w.org\/{rel}","templated":true}]}}