{"id":14667,"date":"2025-02-14T14:09:35","date_gmt":"2025-02-14T18:09:35","guid":{"rendered":"https:\/\/noticiasveraces.com\/?p=14667"},"modified":"2025-02-14T14:09:35","modified_gmt":"2025-02-14T18:09:35","slug":"sospechoso-en-el-ataque-automovilistico-de-munich-tenia-motivacion-islamista-dice-el-fiscal","status":"publish","type":"post","link":"https:\/\/noticiasveraces.com\/?p=14667","title":{"rendered":"Sospechoso en el ataque automovil\u00edstico de Munich ten\u00eda &#8216;motivaci\u00f3n islamista&#8217;, dice el fiscal"},"content":{"rendered":"<p> \n<br \/><img decoding=\"async\" src=\"https:\/\/a57.foxnews.com\/static.foxnews.com\/foxnews.com\/content\/uploads\/2025\/02\/931\/523\/munich-car-attack-2.jpg?ve=1&amp;tl=1\" \/><\/p>\n<p>El sospechoso acusado de herir a m\u00e1s de 30 personas en un ataque de embestida de autom\u00f3viles en Munich, Alemania, parece haber sido motivado por el extremismo isl\u00e1mico, revelaron los fiscales el viernes. <\/p>\n<p>El afgano de 24 a\u00f1os, un culturista autodescrito y modelo de acondicionamiento f\u00edsico, fue arrestado el jueves despu\u00e9s de que condujo a su mini Cooper a la parte trasera de una manifestaci\u00f3n de sindicatos. Se esperaba que el incidente se desarroll\u00f3 cerca de donde los l\u00edderes mundiales, incluido el vicepresidente JD Vance y el presidente ucraniano, Volodymyr Zelenskyy, se re\u00fanen para la Conferencia de Seguridad de Munich. <\/p>\n<p>El fiscal Gabriele Tilmann dijo que el sospechoso dijo \u00abAllahu Akbar\u00bb, o \u00abDios es genial\u00bb a la polic\u00eda y luego rez\u00f3 despu\u00e9s de su arresto, lo que llev\u00f3 a un departamento que investiga el extremismo y el terror a asumir el caso de inmediato. <\/p>\n<p>En cuestionamiento, admiti\u00f3 haber conducido deliberadamente a la manifestaci\u00f3n y \u00abdio una explicaci\u00f3n de que resumir\u00eda como motivaci\u00f3n religiosa\u00bb, dijo Tilmann, seg\u00fan Associated Press. \u00abSeg\u00fan todo lo que sabemos en este momento, me aventurar\u00eda a hablar de una motivaci\u00f3n islamista\u00bb. <\/p>\n<p><strong>El conductor del autom\u00f3vil en Munich se enfrenta a la multitud<\/strong><strong> <\/strong><\/p>\n<p>Sin embargo, no hab\u00eda indicios de que el sospechoso estuviera en ninguna organizaci\u00f3n extremista isl\u00e1mica, seg\u00fan los informes, agreg\u00f3. <\/p>\n<p>Tilmann tambi\u00e9n anunci\u00f3 el viernes que el sospechoso, que lleg\u00f3 a Alemania como un solicitante de asilo en 2016 y vivi\u00f3 en Munich, public\u00f3 contenido con referencias religiosas, como \u00abAllah, protegernos siempre\u00bb, en las redes sociales. <\/p>\n<p>El ataque dej\u00f3 a 36 personas heridas, y el sospechoso ahora enfrenta 36 cargos de intento de asesinato, as\u00ed como da\u00f1os corporales e interferencia peligrosa con el tr\u00e1fico por carretera. <\/p>\n<p><strong>El Secretario de Estado del avi\u00f3n, Rubio, reanuda el vuelo a Munich despu\u00e9s de un problema mec\u00e1nico<\/strong><strong> <\/strong><\/p>\n<p>El vicepresidente de la oficina de polic\u00eda penal estatal de Bavaria, Guido Limmer, dijo que los investigadores encontraron una conversaci\u00f3n, aparentemente con familiares, en el que el sospechoso escribi\u00f3 \u00abTal vez ya no estar\u00e9 all\u00ed ma\u00f1ana\u00bb, pero hasta ahora no han encontrado nada a lo que apunte a se\u00f1alar Preparaciones concretas para el ataque o cualquier otra persona involucrada. <\/p>\n<p>El hombre no ten\u00eda condenas previas y ten\u00eda un permiso de residencia v\u00e1lido. Tilmann tambi\u00e9n dijo que no hab\u00eda indicios de enfermedad mental. <\/p>\n<p>Seg\u00fan los informes, el presidente alem\u00e1n Frank-Walter Steinmeier puso una flor en la escena del ataque el viernes por la ma\u00f1ana, donde conden\u00f3 \u00abla brutalidad de este acto\u00bb y dijo que \u00abnos deja aturdidos\u00bb. <\/p>\n<p>Un portavoz del vicepresidente le dijo a Fox News Digital el martes que Vance y el presidente Zelenskyy se reunir\u00e1n al margen de la conferencia, donde es probable que la guerra de Rusia-Ukraine en curso sea un foco.  <\/p>\n<p><i>Rachel Wolf y Morgan Phillips de Fox News contribuyeron a este informe.<\/i><\/p>\n\n","protected":false},"excerpt":{"rendered":"<p>El sospechoso acusado de herir a m\u00e1s de 30 personas en un ataque de embestida de autom\u00f3viles en Munich, Alemania, parece haber sido motivado por el extremismo isl\u00e1mico, revelaron los fiscales el viernes. El afgano de 24 a\u00f1os, un culturista autodescrito y modelo de acondicionamiento f\u00edsico, fue arrestado el jueves despu\u00e9s de que condujo a &hellip;<\/p>\n","protected":false},"author":1,"featured_media":14669,"comment_status":"open","ping_status":"open","sticky":false,"template":"","format":"standard","meta":{"fifu_image_url":"https:\/\/a57.foxnews.com\/static.foxnews.com\/foxnews.com\/content\/uploads\/2025\/02\/931\/523\/munich-car-attack-2.jpg?ve=1&tl=1","fifu_image_alt":"","footnotes":""},"categories":[13],"tags":[],"class_list":["post-14667","post","type-post","status-publish","format-standard","has-post-thumbnail","","category-mundo"],"_links":{"self":[{"href":"https:\/\/noticiasveraces.com\/index.php?rest_route=\/wp\/v2\/posts\/14667","targetHints":{"allow":["GET"]}}],"collection":[{"href":"https:\/\/noticiasveraces.com\/index.php?rest_route=\/wp\/v2\/posts"}],"about":[{"href":"https:\/\/noticiasveraces.com\/index.php?rest_route=\/wp\/v2\/types\/post"}],"author":[{"embeddable":true,"href":"https:\/\/noticiasveraces.com\/index.php?rest_route=\/wp\/v2\/users\/1"}],"replies":[{"embeddable":true,"href":"https:\/\/noticiasveraces.com\/index.php?rest_route=%2Fwp%2Fv2%2Fcomments&post=14667"}],"version-history":[{"count":0,"href":"https:\/\/noticiasveraces.com\/index.php?rest_route=\/wp\/v2\/posts\/14667\/revisions"}],"wp:featuredmedia":[{"embeddable":true,"href":"https:\/\/noticiasveraces.com\/index.php?rest_route=\/wp\/v2\/media\/14669"}],"wp:attachment":[{"href":"https:\/\/noticiasveraces.com\/index.php?rest_route=%2Fwp%2Fv2%2Fmedia&parent=14667"}],"wp:term":[{"taxonomy":"category","embeddable":true,"href":"https:\/\/noticiasveraces.com\/index.php?rest_route=%2Fwp%2Fv2%2Fcategories&post=14667"},{"taxonomy":"post_tag","embeddable":true,"href":"https:\/\/noticiasveraces.com\/index.php?rest_route=%2Fwp%2Fv2%2Ftags&post=14667"}],"curies":[{"name":"wp","href":"https:\/\/api.w.org\/{rel}","templated":true}]}}