{"id":14662,"date":"2025-02-14T12:04:15","date_gmt":"2025-02-14T16:04:15","guid":{"rendered":"https:\/\/noticiasveraces.com\/?p=14662"},"modified":"2025-02-14T12:04:15","modified_gmt":"2025-02-14T16:04:15","slug":"hegseth-vance-parece-dar-diferentes-respuestas-al-enviar-tropas-a-ucrania","status":"publish","type":"post","link":"https:\/\/noticiasveraces.com\/?p=14662","title":{"rendered":"Hegseth, Vance parece dar diferentes respuestas al enviar tropas a Ucrania"},"content":{"rendered":"<p> \n<\/p>\n<div>\n<p class=\"speakable\">El secretario de Defensa, Pete Hegseth, dijo a los periodistas el viernes que \u00abla realidad de las tropas estadounidenses en Ucrania es poco probable\u00bb, pero insisti\u00f3 en que \u00abno hab\u00eda luz del d\u00eda\u00bb entre \u00e9l y el vicepresidente JD Vance.<\/p>\n<p class=\"speakable\">En una conferencia de prensa bilateral con el viceprimer ministro polaco y ministro de Defensa W\u0142adys\u0142aw Kosiniak-Kamysz, Hegseth toc\u00f3 la posibilidad de que las tropas estadounidenses entraran a Ucrania. Al principio, parec\u00eda cerrar la idea, pero luego parec\u00eda no sacarla por completo de la mesa. <\/p>\n<p>Hegseth agreg\u00f3 que \u00abnunca pondr\u00eda limitaciones en torno a lo que el presidente de los Estados Unidos estar\u00eda dispuesto a negociar con los l\u00edderes soberanos de Rusia y Ucrania\u00bb.<\/p>\n<p><strong>Vance advierte que usar\u00e1 sanciones, acci\u00f3n militar si Putin no est\u00e1 de acuerdo con el acuerdo de paz de Ucrania: Informe<\/strong><\/p>\n<div class=\"image-ct inline\">\n<div class=\"m\"><picture><source media=\"(max-width: 767px)\" srcset=\"https:\/\/a57.foxnews.com\/static.foxnews.com\/foxnews.com\/content\/uploads\/2025\/02\/343\/192\/pete-hegseth-21425.jpg?ve=1&amp;tl=1, https:\/\/a57.foxnews.com\/static.foxnews.com\/foxnews.com\/content\/uploads\/2025\/02\/686\/384\/pete-hegseth-21425.jpg?ve=1&amp;tl=1 2x\" height=\"192\" width=\"343\"><source media=\"(min-width: 768px) and (max-width: 1023px)\" srcset=\"https:\/\/a57.foxnews.com\/static.foxnews.com\/foxnews.com\/content\/uploads\/2025\/02\/672\/378\/pete-hegseth-21425.jpg?ve=1&amp;tl=1, https:\/\/a57.foxnews.com\/static.foxnews.com\/foxnews.com\/content\/uploads\/2025\/02\/1344\/756\/pete-hegseth-21425.jpg?ve=1&amp;tl=1 2x\" height=\"378\" width=\"672\"><source media=\"(min-width: 1024px) and (max-width: 1279px)\" srcset=\"https:\/\/a57.foxnews.com\/static.foxnews.com\/foxnews.com\/content\/uploads\/2025\/02\/931\/523\/pete-hegseth-21425.jpg?ve=1&amp;tl=1, https:\/\/a57.foxnews.com\/static.foxnews.com\/foxnews.com\/content\/uploads\/2025\/02\/1862\/1046\/pete-hegseth-21425.jpg?ve=1&amp;tl=1 2x\" height=\"523\" width=\"931\"><source media=\"(min-width: 1280px)\" srcset=\"https:\/\/a57.foxnews.com\/static.foxnews.com\/foxnews.com\/content\/uploads\/2025\/02\/720\/405\/pete-hegseth-21425.jpg?ve=1&amp;tl=1, https:\/\/a57.foxnews.com\/static.foxnews.com\/foxnews.com\/content\/uploads\/2025\/02\/1440\/810\/pete-hegseth-21425.jpg?ve=1&amp;tl=1 2x\" height=\"405\" width=\"720\"><img loading=\"lazy\" decoding=\"async\" src=\"https:\/\/a57.foxnews.com\/static.foxnews.com\/foxnews.com\/content\/uploads\/2025\/02\/1200\/675\/pete-hegseth-21425.jpg?ve=1&amp;tl=1\" alt=\"El Secretario de Defensa, Pete Hegseth, habla en una conferencia de prensa en Polonia\" width=\"1200\" height=\"675\"\/><\/source><\/source><\/source><\/source><\/picture><\/div>\n<div class=\"info\">\n<div class=\"caption\">\n<p><span>El Secretario de Defensa, Pete Hegseth, emiti\u00f3 un comunicado de prensa despu\u00e9s de una reuni\u00f3n bilateral en el Ministerio de Defensa el 14 de febrero de 2025 en Varsovia, Polonia. <\/span> <span>(Omar Marques\/Getty Images)<\/span><\/p>\n<\/div>\n<\/div>\n<\/div>\n<p>El jueves, en una entrevista exclusiva con el Wall Street Journal, Vance dijo que la opci\u00f3n de enviar tropas estadounidenses a Ucrania permaneci\u00f3 \u00absobre la mesa\u00bb.  <\/p>\n<p>Vance tambi\u00e9n le dijo a la salida que Estados Unidos podr\u00eda usar \u00abherramientas econ\u00f3micas\u00bb o \u00abherramientas militares\u00bb contra Rusia para poner fin a la guerra de casi tres a\u00f1os. El vicepresidente dijo que el presidente Donald Trump quiere \u00abuna negociaci\u00f3n productiva\u00bb con el presidente de Ucrania, Volodymyr Zelenskyy, y el presidente ruso Vladimir Putin. Tambi\u00e9n se burl\u00f3 de un acuerdo que \u00absorprender\u00eda a mucha gente\u00bb.<\/p>\n<p>Vance est\u00e1 en Alemania para la Conferencia de Seguridad de Munich, donde se espera que se re\u00fana con Zelenskyy.<\/p>\n<p>Los comentarios del vicepresidente parecen contraste con lo que Hegseth le dijo al grupo de contacto de defensa de Ucrania en Bruselas a principios de esta semana. En sus comentarios de apertura al grupo, Hegseth dijo que, en lugar de admitir Ucrania a la OTAN, las garant\u00edas de seguridad al pa\u00eds ser\u00edan apoyadas \u00abpor tropas europeas y no europeas capaces\u00bb. Sin embargo, tambi\u00e9n parec\u00eda descartar por completo la posibilidad de las tropas estadounidenses<\/p>\n<p>\u00abPara ser claros, como parte de cualquier garant\u00eda de seguridad, no habr\u00e1 tropas estadounidenses desplegadas en Ucrania\u00bb, dijo.<\/p>\n<div class=\"image-ct inline\">\n<div class=\"m\"><picture><source media=\"(max-width: 767px)\" srcset=\"https:\/\/a57.foxnews.com\/static.foxnews.com\/foxnews.com\/content\/uploads\/2025\/02\/343\/192\/pete-hegseth.jpg?ve=1&amp;tl=1, https:\/\/a57.foxnews.com\/static.foxnews.com\/foxnews.com\/content\/uploads\/2025\/02\/686\/384\/pete-hegseth.jpg?ve=1&amp;tl=1 2x\" height=\"192\" width=\"343\"><source media=\"(min-width: 768px) and (max-width: 1023px)\" srcset=\"https:\/\/a57.foxnews.com\/static.foxnews.com\/foxnews.com\/content\/uploads\/2025\/02\/672\/378\/pete-hegseth.jpg?ve=1&amp;tl=1, https:\/\/a57.foxnews.com\/static.foxnews.com\/foxnews.com\/content\/uploads\/2025\/02\/1344\/756\/pete-hegseth.jpg?ve=1&amp;tl=1 2x\" height=\"378\" width=\"672\"><source media=\"(min-width: 1024px) and (max-width: 1279px)\" srcset=\"https:\/\/a57.foxnews.com\/static.foxnews.com\/foxnews.com\/content\/uploads\/2025\/02\/931\/523\/pete-hegseth.jpg?ve=1&amp;tl=1, https:\/\/a57.foxnews.com\/static.foxnews.com\/foxnews.com\/content\/uploads\/2025\/02\/1862\/1046\/pete-hegseth.jpg?ve=1&amp;tl=1 2x\" height=\"523\" width=\"931\"><source media=\"(min-width: 1280px)\" srcset=\"https:\/\/a57.foxnews.com\/static.foxnews.com\/foxnews.com\/content\/uploads\/2025\/02\/720\/405\/pete-hegseth.jpg?ve=1&amp;tl=1, https:\/\/a57.foxnews.com\/static.foxnews.com\/foxnews.com\/content\/uploads\/2025\/02\/1440\/810\/pete-hegseth.jpg?ve=1&amp;tl=1 2x\" height=\"405\" width=\"720\"><img loading=\"lazy\" decoding=\"async\" src=\"https:\/\/a57.foxnews.com\/static.foxnews.com\/foxnews.com\/content\/uploads\/2025\/02\/1200\/675\/pete-hegseth.jpg?ve=1&amp;tl=1\" alt=\"Secretario de Defensa Pete Hegseth\" width=\"1200\" height=\"675\"\/><\/source><\/source><\/source><\/source><\/picture><\/div>\n<div class=\"info\">\n<div class=\"caption\">\n<p><span>El Secretario de Defensa, Pete Hegseth, entrega comentarios durante una reuni\u00f3n con el primer ministro israel\u00ed Benjamin Netanyahu en el Pent\u00e1gono el 5 de febrero en Arlington, VA. <\/span> <span>(Chip Somodevilla\/Getty Images)<\/span><\/p>\n<\/div>\n<\/div>\n<\/div>\n<p><strong>El ex embajador de los Estados Unidos en la OTAN predice el alto el fuego inminente en Ucrania<\/strong><\/p>\n<p>En la Conferencia de Seguridad de M\u00fanich, el presidente de los Servicios Armados del Senado, Roger Wicker, R-MS., Le dijo a Politico que estaba \u00abperplejo\u00bb y \u00abperturbado\u00bb por los comentarios de Hegseth en Bruselas.<\/p>\n<p>\u00abTodo el mundo sabe &#8230; y las personas en la administraci\u00f3n saben que no dice antes de su primera reuni\u00f3n en lo que estar\u00e1 de acuerdo y lo que no estar\u00e1 de acuerdo\u00bb, dijo el senador Wicker a Politico, clasificando los comentarios de Hegseth como un \u00aberror de novato\u00bb.<\/p>\n<div class=\"image-ct inline\">\n<div class=\"m\"><picture><source media=\"(max-width: 767px)\" srcset=\"https:\/\/a57.foxnews.com\/static.foxnews.com\/foxnews.com\/content\/uploads\/2025\/01\/343\/192\/zelenskyy-putin-trump.png?ve=1&amp;tl=1, https:\/\/a57.foxnews.com\/static.foxnews.com\/foxnews.com\/content\/uploads\/2025\/01\/686\/384\/zelenskyy-putin-trump.png?ve=1&amp;tl=1 2x\" height=\"192\" width=\"343\"><source media=\"(min-width: 768px) and (max-width: 1023px)\" srcset=\"https:\/\/a57.foxnews.com\/static.foxnews.com\/foxnews.com\/content\/uploads\/2025\/01\/672\/378\/zelenskyy-putin-trump.png?ve=1&amp;tl=1, https:\/\/a57.foxnews.com\/static.foxnews.com\/foxnews.com\/content\/uploads\/2025\/01\/1344\/756\/zelenskyy-putin-trump.png?ve=1&amp;tl=1 2x\" height=\"378\" width=\"672\"><source media=\"(min-width: 1024px) and (max-width: 1279px)\" srcset=\"https:\/\/a57.foxnews.com\/static.foxnews.com\/foxnews.com\/content\/uploads\/2025\/01\/931\/523\/zelenskyy-putin-trump.png?ve=1&amp;tl=1, https:\/\/a57.foxnews.com\/static.foxnews.com\/foxnews.com\/content\/uploads\/2025\/01\/1862\/1046\/zelenskyy-putin-trump.png?ve=1&amp;tl=1 2x\" height=\"523\" width=\"931\"><source media=\"(min-width: 1280px)\" srcset=\"https:\/\/a57.foxnews.com\/static.foxnews.com\/foxnews.com\/content\/uploads\/2025\/01\/720\/405\/zelenskyy-putin-trump.png?ve=1&amp;tl=1, https:\/\/a57.foxnews.com\/static.foxnews.com\/foxnews.com\/content\/uploads\/2025\/01\/1440\/810\/zelenskyy-putin-trump.png?ve=1&amp;tl=1 2x\" height=\"405\" width=\"720\"><img loading=\"lazy\" decoding=\"async\" src=\"https:\/\/a57.foxnews.com\/static.foxnews.com\/foxnews.com\/content\/uploads\/2025\/01\/1200\/675\/zelenskyy-putin-trump.png?ve=1&amp;tl=1\" alt=\"Trump, Putin y Zelenskyy\" width=\"1200\" height=\"675\"\/><\/source><\/source><\/source><\/source><\/picture><\/div>\n<div class=\"info\">\n<div class=\"caption\">\n<p><span>El presidente Donald Trump (centro), el presidente ucraniano Volodomyr Zelenskyy (izquierda) y el presidente ruso Vladimir Putin (derecha).<\/span> <span>(Alessandro Bremec\/Nurphoto a trav\u00e9s de Getty Images | Colaborador\/Getty Images | Scott Olson\/Getty Images)<\/span><\/p>\n<\/div>\n<\/div>\n<\/div>\n<p><strong><u>Haga clic aqu\u00ed para obtener la aplicaci\u00f3n Fox News<\/u><\/strong><\/p>\n<p>Trump ha hablado durante mucho tiempo sobre terminar la guerra entre Ucrania y Rusia, a menudo afirmando que no habr\u00eda comenzado si hubiera estado en la Oficina Oval.<\/p>\n<p>El mi\u00e9rcoles, Trump anunci\u00f3 que en una llamada telef\u00f3nica \u00ablarga y altamente productiva\u00bb, Putin acord\u00f3 \u00abinmediatamente\u00bb comenzar las negociaciones para poner fin a la guerra en Ucrania.<\/p>\n<p>Trump dijo que le pidi\u00f3 al Secretario de Estado Marco Rubio, director de la CIA John Ratcliffe, el asesor de seguridad nacional Michael Waltz y el embajador y enviado especial Steve Witkoff que liderara las negociaciones, diciendo que cree que \u00abtendr\u00e1n \u00e9xito\u00bb.<\/p>\n<p> <!----> <\/p>\n<div class=\"article-meta\">\n<div class=\"author-bio\">\n<p>Rachel Wolf es una escritora de noticias de Fox News Digital y Fox Business.<\/p>\n<\/div>\n<\/div>\n<\/div>\n\n","protected":false},"excerpt":{"rendered":"<p>El secretario de Defensa, Pete Hegseth, dijo a los periodistas el viernes que \u00abla realidad de las tropas estadounidenses en Ucrania es poco probable\u00bb, pero insisti\u00f3 en que \u00abno hab\u00eda luz del d\u00eda\u00bb entre \u00e9l y el vicepresidente JD Vance. En una conferencia de prensa bilateral con el viceprimer ministro polaco y ministro de Defensa &hellip;<\/p>\n","protected":false},"author":1,"featured_media":14664,"comment_status":"open","ping_status":"open","sticky":false,"template":"","format":"standard","meta":{"fifu_image_url":"https:\/\/static.foxnews.com\/foxnews.com\/content\/uploads\/2025\/02\/pete-hegseth-21425.jpg","fifu_image_alt":"","footnotes":""},"categories":[13],"tags":[],"class_list":["post-14662","post","type-post","status-publish","format-standard","has-post-thumbnail","","category-mundo"],"_links":{"self":[{"href":"https:\/\/noticiasveraces.com\/index.php?rest_route=\/wp\/v2\/posts\/14662","targetHints":{"allow":["GET"]}}],"collection":[{"href":"https:\/\/noticiasveraces.com\/index.php?rest_route=\/wp\/v2\/posts"}],"about":[{"href":"https:\/\/noticiasveraces.com\/index.php?rest_route=\/wp\/v2\/types\/post"}],"author":[{"embeddable":true,"href":"https:\/\/noticiasveraces.com\/index.php?rest_route=\/wp\/v2\/users\/1"}],"replies":[{"embeddable":true,"href":"https:\/\/noticiasveraces.com\/index.php?rest_route=%2Fwp%2Fv2%2Fcomments&post=14662"}],"version-history":[{"count":0,"href":"https:\/\/noticiasveraces.com\/index.php?rest_route=\/wp\/v2\/posts\/14662\/revisions"}],"wp:featuredmedia":[{"embeddable":true,"href":"https:\/\/noticiasveraces.com\/index.php?rest_route=\/wp\/v2\/media\/14664"}],"wp:attachment":[{"href":"https:\/\/noticiasveraces.com\/index.php?rest_route=%2Fwp%2Fv2%2Fmedia&parent=14662"}],"wp:term":[{"taxonomy":"category","embeddable":true,"href":"https:\/\/noticiasveraces.com\/index.php?rest_route=%2Fwp%2Fv2%2Fcategories&post=14662"},{"taxonomy":"post_tag","embeddable":true,"href":"https:\/\/noticiasveraces.com\/index.php?rest_route=%2Fwp%2Fv2%2Ftags&post=14662"}],"curies":[{"name":"wp","href":"https:\/\/api.w.org\/{rel}","templated":true}]}}