{"id":14659,"date":"2025-02-14T11:30:18","date_gmt":"2025-02-14T15:30:18","guid":{"rendered":"https:\/\/noticiasveraces.com\/?p=14659"},"modified":"2025-02-14T11:30:18","modified_gmt":"2025-02-14T15:30:18","slug":"el-primer-juicio-en-el-que-el-mar-menor-se-persona-como-acusacion-en-particular-esta-previsto-para-mayo-de-2026-clima-y-medio-ambiente","status":"publish","type":"post","link":"https:\/\/noticiasveraces.com\/?p=14659","title":{"rendered":"El Primer Juicio en El Que el Mar Menor SE Persona como acusaci\u00f3n en particular Est\u00e1 Previsto para Mayo de 2026 | Clima y medio ambiente"},"content":{"rendered":"<p> \n<br \/><img decoding=\"async\" src=\"https:\/\/imagenes.elpais.com\/resizer\/v2\/BDGNBNJYB5AUXALBPBNFLQE4GU.jpg?auth=3e3d9954c7e17a84bea21c286d0bff189af8b2ac69da4c88e9b20d8477d6fe1d\" \/><\/p>\n<div data-dtm-region=\"articulo_cuerpo\">\n<p class=\"\">Ya Hay Fijado un Juicio en Espa\u00f1a en el Que se persona como acusaci\u00f3n en particular un ecosistema, el mar menor. No Est\u00e1 Nada Claro en Sequiar\u00e1 TODO, Pero la Fecha Prevista es Mayo de 2026 Y Este Litigio Constituye una de las Cuestiones Clave de la Aplicacia de la Ley de 2022 Que Dot\u00f3 de Derechos propios A Esta Laguna Amenazada de Murcia. Pasados \u200b\u200bm\u00e1s de dos A\u00f1os Desde que el Mar menor se convirtiera en el Primer Ecosistema de Europa Con Personalidad Jur\u00eddica, Gracias A Una Iniciativa Legislativa Popular (ILP) Que Consigui\u00f3 M\u00e1s de 600.000 Firmas, Esta Norma Pionera Avalada por Avalada por Tribunal. distintas. Por unvo, El Gobierno Aprob\u00f3 El Martes El Reglamento para Activar Los Nueva Nuevos \u00d3rganos de Representaci\u00f3n de Este Espacio Natural. Por ootro, ecologas y abogados batallan ya desde hace tiempo en los tribunales para lograr representante al mar menor como acusaci\u00f3n en particular.<\/p>\n<p class=\"\">La Ley de 2022 Prev\u00e9 en su art\u00edculo 3 la constituci\u00f3n de los tres \u00d3rganos Diferentes para actuar tutores del espacio natural y vigilar su evoluci\u00f3n Deben Designarse A Los Integrantes. Sin embargo, la Norma Tambi\u00e9n establecia en su art\u00edculo 6 que Cualquier Persona Est\u00e1 Legitimada para el defensor Este Ecosistema Ante la Administraci\u00f3n O la Justicia. Es en este segundo frente donde m\u00e1s se Ha trabajado de momento y tambi\u00e9n ), As\u00ed Algunos Ayuntamientos como los Alc\u00e1zares y Cartagena, en Colaboraci\u00f3n Con Juristas de la Universidad de Murcia, Donde Est\u00e1 Teresa Vicente, La Profesora Que Impuls\u00f3 esta Norma Pionera.<\/p>\n<p class=\"\">Como Detalla Sergio Marco, Uno de los Abogados que Est\u00e1 Interviniendo en Las Primeras Causas, el principal Cambio que reivindican es que los defensores del mar menor no solo puedan actuarar como acusaci\u00f3, el seno tambi\u00e9n acusaci\u00f3n de la particular, la representaci\u00f3n de la propi\u00f3 de la prop\u00eda de la prop\u00eda. La Diferencia Resultada IMPORTANTE, PUES MENTRAS QUE LA ACUSACINO ES POPULAR UNA PERPETA, ENTIDAD O EMPRESA QUE NO TIENE RELACI\u00d3N CON LOS HECHOS DENUNCIANDOS, LA ACUSACI\u00d3N ESE ESE EJERCIDA POR LA PROPIA V\u00cdCTIMA Y PORO TIENE M\u00c1N M\u00c1CHOS. \u201cLa Novedad Que se produce en Espa\u00f1a, y en Europa, es que prprend\u00eda vez Vez Ecosistema Ejercita en Su Propio nombre la Acci\u00f3n Penal, por Entenderse Que es Titular de Esos Derechos El Ecosistema, Que Tiene Capacido de Acusacionn\u00bb, comenta est\u00e9 abogado . \u00abES Como si Fuese una Empresa a la Que Han Robado y Contaminado, Que Denuncia y Ejercita la Acci\u00f3n\u00bb.<\/p>\n<p class=\"\">En la pr\u00e1ctica, este tiene un ceber efecto muy concreto, pues no se pued llegar a un acuerdo para cerrar una causa si no est\u00e1 conforme la v\u00edctima. Igualmento, como incide Marco, \u00abSi en un proceso el fiscal no decida Acusa, El Juez Est\u00e1 Obl\u00e1 A Dar Trasslado de Ello a la V\u00edcima del Delito, por sie Quiere Mantener la Acusaci\u00f3n\u00bb. Tras la Aprrobaci\u00f3 de la Ley de 2022, Se Han Producido Distintos Ejemplos de este Con Muy Distinto resultado. Uno es el Pacto Alcanzado EN 2024 Entre la Fiscal\u00eda y Un Empresario Agr\u00edcola en el Primer Juicio del <i>Cano Topillo<\/i>UNA MacRocausa inicio en 2017 Contra Una Treintena de Empresas del Campo de Cartagena por Vertidos Provocados por el Uso de Desalobradoras No Autorizadas para Obtener Agua de Riego. Tras este Acuerdo, Se Cerr\u00f3 el Proceso Contra El Acusado Con UNA Condena de Un A\u00f1o y Medio de Pris\u00f3n y el Pago de 18.000 euros, una Pena considerada Muy Baja por Los Grupos Ecologas. Seg\u00fan Marco, Si El Mar Menor Hubiera Estado Personado Como acusaci\u00f3n particular, Los representantes de la Laguna Habr\u00eda Podido impedir este.<\/p>\n<h3 class=\"\">La Defensa del Mar<\/h3>\n<p class=\"\">En otras Diligencias del <i>Cano Topillo<\/i>El Juez Ra\u00fal S\u00e1nchez Conesa, Del Juzgado de Instrucci\u00f3n N\u00daMero 4 de Cartagena, S\u00ed invit\u00f3 un pronunciar una ecologicalas, ayuntamientos y promotores de la ilp en defensa del mar menor, en aplicaci\u00f3n de ley de 2022. EN UNA DE ELLAS, ELLAS, EL ABOGERA de la Empresa Agr\u00edcola Expracar Hab\u00eda Pedido el Archivo del Caso Tras el Fallecimiento del Principal Empresario que la Llevaba. LOS Representantes de la Laguna como acusaci\u00f3n en particular se opusieron a ello. Sin embargo, la audiencia de la audiencia tumb\u00f3 la resoluci\u00f3n del juez y dict\u00f3 que ecologolia y municipios solo pod\u00eda intervenir como acusaci\u00f3n popular.<\/p>\n<p class=\"\">\u201cNosotros Pensamos que se equivivoca porque es lo Novedoso de la Ley, si no el art\u00edculo 6 no sirve para nada, porque la accio popular, criminal o penal, ya existe en espa\u00f1a desde 1800, pero ahora Hay una figura que mar Menor, que puede defenderse a s\u00ed mismo, a trav\u00e9s de cualquier persona\u2033, comenta Eduardo Salazar, otro de los juristas involucrados, que explica que tras no prosperar sus recursos en el Tribunal Supremo y el Constitucional, decidieron acudir al Tribunal Europeo de Derechos Humanos .<\/p>\n<p class=\"\">A la Espera de Que este se pronuncie, Otra de las piezas del <i>Cano Topillo<\/i> SOBRE LAS QUE PREGUNT\u00d3 EL JUZGADO DE INSTRUCCI\u00d3N 4 DE CARTAGENA S\u00cd SI PA Vertido de 162.345 m\u00b3 Provedado por el Uso de Desalobradoras. \u00abSer\u00e1 la Primera Vez que el Mar Menor va a un juicio como v\u00edctima y como acusador\u00bb, Asegura Salazar. \u00abY Digo V\u00edctima, Simplemente, Porque se Ha Pedido que Indemnizaci\u00f3 [estimada por los representantes de la laguna en 506.137 euros] No Sea ni para el estado ni para las ong, sino para el mar menor \u201d, Se\u00f1ala.<\/p>\n<p class=\"\">Est\u00e1 por ver en la queda todo este para conocer el verdidor de alcance de una de las partidos Centrales de la ley de 2022, Mientras se contin\u00faa con el proceso para para los \u00f3rganos de representante \u00abDebemos Esperar un que se resuelva la Discusi\u00f3n Jur\u00eddica Sobre El Art\u00edculo 6, Pues no Tenemos Capacidad para Seguir Todas Estos Procesos\u00bb, Comenta Pedro Luengo, Coordinador de Ecologia en Acci\u00f3n, Incides en el Riesgo de Se Judicialice en Extremo La DeFense De Acci\u00f3n, Incide en el Riesgo de SE Judicialice en Extremo La DeFense de Acci\u00f3n, Incide en el Riesgo de SE Judicialice en Extremo la Defense de Acci\u00f3n, Incide en el Riesgo de SE Judicialice en Extremo la DeFENSA DE ECOLADAS DE ACCI\u00d3N, INCIDIDO DE ELE EL ELE ELE. La Laguna.<\/p>\n<\/div>\n\n","protected":false},"excerpt":{"rendered":"<p>Ya Hay Fijado un Juicio en Espa\u00f1a en el Que se persona como acusaci\u00f3n en particular un ecosistema, el mar menor. No Est\u00e1 Nada Claro en Sequiar\u00e1 TODO, Pero la Fecha Prevista es Mayo de 2026 Y Este Litigio Constituye una de las Cuestiones Clave de la Aplicacia de la Ley de 2022 Que Dot\u00f3 &hellip;<\/p>\n","protected":false},"author":1,"featured_media":14661,"comment_status":"open","ping_status":"open","sticky":false,"template":"","format":"standard","meta":{"fifu_image_url":"https:\/\/imagenes.elpais.com\/resizer\/v2\/BDGNBNJYB5AUXALBPBNFLQE4GU.jpg?auth=3e3d9954c7e17a84bea21c286d0bff189af8b2ac69da4c88e9b20d8477d6fe1d&width=1200","fifu_image_alt":"","footnotes":""},"categories":[11],"tags":[],"class_list":["post-14659","post","type-post","status-publish","format-standard","has-post-thumbnail","","category-viaje"],"_links":{"self":[{"href":"https:\/\/noticiasveraces.com\/index.php?rest_route=\/wp\/v2\/posts\/14659","targetHints":{"allow":["GET"]}}],"collection":[{"href":"https:\/\/noticiasveraces.com\/index.php?rest_route=\/wp\/v2\/posts"}],"about":[{"href":"https:\/\/noticiasveraces.com\/index.php?rest_route=\/wp\/v2\/types\/post"}],"author":[{"embeddable":true,"href":"https:\/\/noticiasveraces.com\/index.php?rest_route=\/wp\/v2\/users\/1"}],"replies":[{"embeddable":true,"href":"https:\/\/noticiasveraces.com\/index.php?rest_route=%2Fwp%2Fv2%2Fcomments&post=14659"}],"version-history":[{"count":0,"href":"https:\/\/noticiasveraces.com\/index.php?rest_route=\/wp\/v2\/posts\/14659\/revisions"}],"wp:featuredmedia":[{"embeddable":true,"href":"https:\/\/noticiasveraces.com\/index.php?rest_route=\/wp\/v2\/media\/14661"}],"wp:attachment":[{"href":"https:\/\/noticiasveraces.com\/index.php?rest_route=%2Fwp%2Fv2%2Fmedia&parent=14659"}],"wp:term":[{"taxonomy":"category","embeddable":true,"href":"https:\/\/noticiasveraces.com\/index.php?rest_route=%2Fwp%2Fv2%2Fcategories&post=14659"},{"taxonomy":"post_tag","embeddable":true,"href":"https:\/\/noticiasveraces.com\/index.php?rest_route=%2Fwp%2Fv2%2Ftags&post=14659"}],"curies":[{"name":"wp","href":"https:\/\/api.w.org\/{rel}","templated":true}]}}