{"id":14653,"date":"2025-02-14T10:55:09","date_gmt":"2025-02-14T14:55:09","guid":{"rendered":"https:\/\/noticiasveraces.com\/?p=14653"},"modified":"2025-02-14T10:55:09","modified_gmt":"2025-02-14T14:55:09","slug":"una-radio-para-hablar-sobre-cambio-climfico-desde-la-perspectiva-de-la-justicia","status":"publish","type":"post","link":"https:\/\/noticiasveraces.com\/?p=14653","title":{"rendered":"UNA Radio Para Hablar Sobre Cambio Climfico Desde la Perspectiva de la Justicia"},"content":{"rendered":"<p> \n<\/p>\n<div>\n<p>En un a\u00f1o crucial para la acci\u00f3n clim\u00e1tica que, de conformidad con el acuerdo de par\u00eds, busca limitar el calentamiento global a 1,5 \u00b0 C, El d\u00eda Mundial de la radio est\u00e1 est\u00e1 dedicada en 2025 un desestino el p\u00f3dico de la radiodifusiumiumiumi -dar prominencia Un las cuestiones relacionarias con el Cambio Clim\u00f3r.<\/p>\n<p>Seg\u00fan la organizaci\u00f3n de las Naciones unidas para la educaci\u00f3n, la ciencia y la cultura (UNESCO), en la era de la Inteligencia Artificial, Junto a las omnipresentes Sociales, la radio de calidad sigue universal y popular, adem\u00e1S de se considera El Medio M\u00e1s FABILIENTE.<\/p>\n<p>Por Estas Razones, en la Jornada Mundial, Celebra Cadada 13 de febrero, la UNESCO APOYA A LAS EMISORAS DE RADIO EN Su COBERTURA PERIOD\u00cdOSTICA DE TEMA.<\/p>\n<p>Como la Unesco, La Ruta del Clima Radio Sabe del Poder y la Fiabilidad de Este Medio, Que no Pierde Importia Pese a la Gran Diversidad de Tecnolog\u00edas y Veh\u00edculos de Comunicacia que existen en la actualidad.<\/p>\n<div class=\"context-un_news_large_uncropped_credit_caption type-entermedia_image media media--type-entermedia-image media--view-mode-un-news-large-uncropped-credit-caption\">\n<div class=\"field field--name-thumbnail field--type-image field--label-hidden field__item\"><img decoding=\"async\" src=\"https:\/\/global.unitednations.entermediadb.net\/assets\/mediadb\/services\/module\/asset\/downloads\/preset\/Libraries\/Production%20Library\/07-02-2025-Ruta-del-Clima-Costa-Rica-03.jpg\/image1024x768.jpg\" alt=\"Adri\u00e1n Mart\u00ednez, Director de La Ruta del Clima (Izquierda), Participa Como Panelista en Un Evento de la Cop 29, en Baku, Azerbaiy\u00e1n.\" title=\"Adri\u00e1n Mart\u00ednez, Director de La Ruta del Clima (Izquierda), Participa Como Panelista en Un Evento de la Cop 29, en Baku, Azerbaiy\u00e1n.\" loading=\"lazy\" width=\"1024\" height=\"768\"\/>\n<\/div>\n<p>Adri\u00e1n Mart\u00ednez, Director de La Ruta del Clima (Izquierda), Participa Como Panelista en Un Evento de la Cop 29, en Baku, Azerbaiy\u00e1n.<\/p>\n<\/div>\n<h2>LA Radio Democratiza<\/h2>\n<p>\u201cLA Radio en Todas SUS Versiones, Sea Digital O Transmitida por Antenas es s\u00faper IMPORTANTE Porque Democratiza. La radio tradicional <strong>Llega A Lugares Ya Comunidadas Donde No NecesariMeme Hay Internet.<\/strong> Es tambi\u00e9n miy generacional, las personas interact\u00faan con la radio d\u00eda a d\u00eda porque es ef\u00edmera, es una naturaleza muy interesante para un un Medio de comunicaci\u00f3n \u201d, Se\u00f1ala Adri\u00e1n Mart\u00ednz, Director de la Ruta del Clima de Comunicaci\u00f3n. P\u00fablica en la Toma de decisiones clim\u00e1ticos y ambientales.<\/p>\n<p>En Entrevista con Noticias onu, Mart\u00ednez Explica que la Ruta del Clima Estudia y Expone los <strong>Impactos clim\u00e1Tos \u00aben los derechos humanos de las personas de las comunidades vulnerables de am\u00e9rica latina<\/strong>en Especial de Centroam\u00e9rica, Que Tienen Que Lidiar Con Los Efectos adversos del Cambio Clim\u00e1To, De Los Cuales Tiene Muy Poca Responsable Responsable Pero Est\u00e1 Transformando Sus Territorios y Modos de Vida \u201d.<\/p>\n<p>Con el Objetivo de DiFundir y sensibilizar a la Sociedad Sobre Estos Temas, La Organizaci\u00f3n de la Organizaci\u00f3n Cre\u00f3 en 2015 La Ruta del Clima Radio, Un Programa Difundido los Primeros A\u00f1os A\u00f1os A\u00f1os Una Emisora \u200b\u200bde la Universidad de Costa Rica, Y Luego Por Medios Digitales A Trav\u00e9s de Podcasts .<\/p>\n<p>Para El Director Del Proyecto, \u00abLa radio digital Tambi\u00e9n prueba un material de gran gran que se va acumulando y al Que Pueden Acceder Las Personas, Democratizando As\u00ed Las Perspectivas y Las Opinites\u00bb.<\/p>\n<h2>Las Comunidadadas Pueden Hacer Escuchar Su Voz<\/h2>\n<p>\u201cY eSo es muy importante porque la comunicacia que Pueda tener un alcance masivo se ha vuelto muy ara y elitista. Sin embargo, la radio digital o tradicional <strong>Abre Esa Oportunidad<\/strong> para que comunidadas, organizaciones Sociales y MoviMientos Puedan Cear Su Ventana y Hacer Escuchar Su Voz \u201d, Reflexiona.<\/p>\n<p>La UNESCO SOSTIENE QUE M\u00c1S ALL\u00c1 DE POPULARIZAR CONCEPTOS MEDIOAMENTALES, Al Difundir Informaci\u00f3n Contrastada E Independiente de Poderes Econ\u00f3licos, IDidesis Pol\u00cdticos, LA Radio Puede Condicionar la Percepci\u00f3n de Los oyentes Sobre el Cambio, Y la CONDICIARIA DE LA PERCEDECEDECEDECEDECEDI Que Tambi\u00e9n Puede <strong>Contribuir A Configurar La Agenda P\u00fablica E Influir en Las Pol\u00cdticas<\/strong> Al Respeto.<\/p>\n<div class=\"context-un_news_large_uncropped_credit_caption type-entermedia_image media media--type-entermedia-image media--view-mode-un-news-large-uncropped-credit-caption\">\n<div class=\"field field--name-thumbnail field--type-image field--label-hidden field__item\"><img decoding=\"async\" src=\"https:\/\/global.unitednations.entermediadb.net\/assets\/mediadb\/services\/module\/asset\/downloads\/preset\/Libraries\/Production%20Library\/07-02-2025-Ruta-del-Clima-Costa-Rica-02.jpg\/image1024x768.jpg\" alt=\"M\u00e1s alto de Capacitacia Sobre Da\u00f1os y P\u00e9rdidas en la Comunidad de Cahuita en Costa Rica.\" title=\"M\u00e1s alto de Capacitacia Sobre Da\u00f1os y P\u00e9rdidas en la Comunidad de Cahuita en Costa Rica.\" loading=\"lazy\" width=\"1024\" height=\"768\"\/>\n<\/div>\n<p>M\u00e1s alto de Capacitacia Sobre Da\u00f1os y P\u00e9rdidas en la Comunidad de Cahuita en Costa Rica.<\/p>\n<\/div>\n<h2>Conectar El Cambio Clim\u00e1tico Con Las Personas<\/h2>\n<p>En este Sentido, Adri\u00e1n Martinez Se\u00f1ala que la Ruta del Clima Radio \u00abSe Ha Enfocado Mucho en conectar el Tema del Cambio Clim\u00e1tico Con Las Personas, No Solo A Nivel Nacional en Costa Rica, Sino <strong>en Toda la Regi\u00f3n Latinoamericana<\/strong>Discutiendo los Temas que el hijo M\u00c1S RELIENTES EN LA GOBERNANZA CLIM\u00c1TICA Y DANDO UN CONOCER EL TRABAJO Y LAS EXPERIENCIAS Y OPINIONES DE COLEGAS, ACTIVISTAS Y EXPLAYOS DE LA REGION Y DE OTRAS REGIONES SOBRE TEM\u00c1TOS CLIM\u00c1TOS, PARA QUE LA LA CIUDADANIA PUEDA TIENER All\u00e1 de Lo que hay en Los Medios de Comunicaci\u00f3n Oficiales y Que As\u00ed Pueda Tener Una Vis\u00f3n M\u00e1s Integral E Impulsar La participaci\u00f3n de la participaci\u00f3n de Nuestras Comunidadas en las decisiones de las decisiones \u00ab.<\/p>\n<p>Las producciones de las ruta del clima son aut\u00f3nomas e incluyen las cumbres clim\u00e1ticas, entrevistas en las comunidadadas y entradas en l\u00ednas con persona alrededor del mundo en ingl\u00e9s o espa\u00f1ol.<\/p>\n<div class=\"context-un_news_large_uncropped_credit_caption type-entermedia_image media media--type-entermedia-image media--view-mode-un-news-large-uncropped-credit-caption\">\n<div class=\"field field--name-thumbnail field--type-image field--label-hidden field__item\"><img decoding=\"async\" src=\"https:\/\/global.unitednations.entermediadb.net\/assets\/mediadb\/services\/module\/asset\/downloads\/preset\/assets\/2015\/09\/22532\/image1024x768.jpg\" alt=\"Gr\u00e1fico de los 17 Objetivos de Desarrollo Sostenible, Aprobados en 2015 Por Todos Los Estados Miembros de la Onu.\" title=\"Gr\u00e1fico de los 17 Objetivos de Desarrollo Sostenible, Aprobados en 2015 Por Todos Los Estados Miembros de la Onu.\" loading=\"lazy\" width=\"1024\" height=\"768\"\/>\n<\/div>\n<p>Gr\u00e1fico de los 17 Objetivos de Desarrollo Sostenible, Aprobados en 2015 Por Todos Los Estados Miembros de la Onu.<\/p>\n<\/div>\n<h2>Un tono con los objetivos de desarrollo sostenible<\/h2>\n<p>La Ruta del Clima Subraya la Importia de Los Objetivos de Desarrollo Sostenible (ODS), particularmente Los que se refieren a un accio por el Clima; Paz, Justica E Instituciones S\u00f3lidas; Y Alianca Para Lograr Los Objetivos.<\/p>\n<p>Adri\u00e1n Mart\u00ednez Se\u00f1ala que la Ong Ha Trabajado Con Algunas Agencias de la Onu, como unicef \u200b\u200by el Pnud.<\/p>\n<p>\u00abColaboramos, Por Ejemplo, Con el Alto Comisionado de Derechos Humanos, En Tema de Cambio Clim\u00e1To y Siempre Estamos Discutiendo ConleSos y Cons Relatores del Sistema de Naciones Unidas o de la oea en Tempientales\u00bb, detalla.<\/p>\n<h2>RECLAS DE JUSTICIA CLIM\u00c1TICA<\/h2>\n<p>Costa rica es un pa\u00eds que desde hace y se ha ha destacado por la conciencia ecol\u00f3gica y clim\u00e1tica de su poblaci\u00f3n y gobierno, y la ruta del clima radio podr\u00eda tener algo que ver con esa conciencia.<\/p>\n<p>\u00abSabemos que Tenemos una <strong>Comunidad Muy Especializada de Escuchas<\/strong>De Oyentes y Eso Ha Ayudado A Poder Interactuar con este Grupo T\u00e9cnico de Diversos Pa\u00edses: Pol\u00cdticos, Activistas o Miembros de Gobiernos o Delegaciones Nacionales, [ha ayudado] Una conversaci\u00f3n con esta comunidad Especamente Sobre Temas de Temas de Derechos Humanos, de G\u00e9nero, de Perspectiva de Las Comunidades, Y Hacer Cr\u00edtica constructiva \u201d, Precisa Adri\u00e1n Mart\u00ednez.<\/p>\n<p>ESA Interacci\u00f3, Abunda, Ha Permitido <strong>Potenciar los reclamos de Justicia Clim\u00e1tica<\/strong>.<\/p>\n<div class=\"context-un_news_large_credit type-entermedia_image media media--type-entermedia-image media--view-mode-un-news-large-credit\">\n<div class=\"field field--name-thumbnail field--type-image field--label-hidden field__item\"><img decoding=\"async\" src=\"https:\/\/global.unitednations.entermediadb.net\/assets\/mediadb\/services\/module\/asset\/downloads\/preset\/Libraries\/Production%20Library\/07-02-2025-Ruta-del-Clima-Costa-Rica-04.jpg\/image770x420cropped.jpg\" alt=\"Adri\u00e1n Mart\u00ednez, Director de La Ruta del Clima, imparte de las reparaciones SOBRE SOBRE CLIM\u00c1TAS EN LA COP 29 EN BAKU, AZERBAIY\u00c1N.\" title=\"Adri\u00e1n Mart\u00ednez, Director de La Ruta del Clima, imparte de las reparaciones SOBRE SOBRE CLIM\u00c1TAS EN LA COP 29 EN BAKU, AZERBAIY\u00c1N.\" loading=\"lazy\" width=\"770\" height=\"420\"\/>\n<\/div>\n<\/div>\n<h2>Una Radio Muy Especial<\/h2>\n<p>\u00abNo Somos una Radio Muy Grande, Pero s\u00ed tal vez muy especial en su mensaje y Creo Que <strong>Eso nos ha abierto puertas para dar dar un conocer nuestra perspectiva<\/strong> y Cear un enlace con esta comunidad que a Veces cuesta Enganchar \u201d.<\/p>\n<p>En este Sentido, Adri\u00e1n Mart\u00ednez Insiste en la Relevancia de la Radio: \u201cNOS Permite Acceder a la Comunicaci\u00f3n de una Manera Oral, que a veces es miy necesaria para poder tener comprensi\u00f3n, <strong>La forma en que nos Comunicamos Oralmento es Muy DiFerente<\/strong> a la que utilizamos de manera escrita ya veces no podemos comunicarnos de la Misma forma \u00ab.<\/p>\n<p>El Caso de Las Redes Sociales, en Cambio, Tiene Un Nivel de Complejidad para la Interacci\u00f3n y suele ser Escenario de Violencia, Acota. \u00abLa Radio Tal Vez <strong>Facilita un Poco la Compensi\u00f3n de las ideas<\/strong> Y Carece de ESE Elemento Tan Distractor Que A Veces Tienen Los Medios Visuales Como la televisi\u00f3n o YouTube, [nos permite] Enfocarnos m\u00e1s en el MensAJE y La Atenci\u00f3n \u201d, Considera Mart\u00ednez.<\/p>\n<p>Con Motivo del D\u00eda Mundial de la Radio, Adri\u00e1n Mart\u00ednez Subraya Que la Radio, \u201cY no solo la radio, Sino la Comunicaci\u00f3n, esencia parapoder generar \u00e9se di\u00e1logo de ideas, emociones, de sentimientos que Pueden Potenciar la Toma de Decisiones para La Paz, para la construcci\u00f3n de una mejor relaci\u00f3n con nuestro ambiente, con el clima. Creo que debemos se indique explorando no solo en la utilizaci\u00f3n de la radio, sino de otros medios que nos lleguen un conectar ya tentador la necesidad del trabajo en conjunto, eSo es lo importante de los medios de comunicaci\u00f3n: <strong>PODER ENTERTA A OTROS Y PODER ENTAPLAR LUEGO Acciones en Com\u00fan \u201d.<\/strong><\/p>\n<\/div>\n\n","protected":false},"excerpt":{"rendered":"<p>En un a\u00f1o crucial para la acci\u00f3n clim\u00e1tica que, de conformidad con el acuerdo de par\u00eds, busca limitar el calentamiento global a 1,5 \u00b0 C, El d\u00eda Mundial de la radio est\u00e1 est\u00e1 dedicada en 2025 un desestino el p\u00f3dico de la radiodifusiumiumiumi -dar prominencia Un las cuestiones relacionarias con el Cambio Clim\u00f3r. Seg\u00fan la &hellip;<\/p>\n","protected":false},"author":1,"featured_media":14655,"comment_status":"open","ping_status":"open","sticky":false,"template":"","format":"standard","meta":{"fifu_image_url":"https:\/\/global.unitednations.entermediadb.net\/assets\/mediadb\/services\/module\/asset\/downloads\/preset\/Libraries\/Production%20Library\/07-02-2025-Ruta-del-Clima-Costa-Rica-01.jpg\/image770x420cropped.jpg","fifu_image_alt":"","footnotes":""},"categories":[3],"tags":[],"class_list":["post-14653","post","type-post","status-publish","format-standard","has-post-thumbnail","","category-negocio"],"_links":{"self":[{"href":"https:\/\/noticiasveraces.com\/index.php?rest_route=\/wp\/v2\/posts\/14653","targetHints":{"allow":["GET"]}}],"collection":[{"href":"https:\/\/noticiasveraces.com\/index.php?rest_route=\/wp\/v2\/posts"}],"about":[{"href":"https:\/\/noticiasveraces.com\/index.php?rest_route=\/wp\/v2\/types\/post"}],"author":[{"embeddable":true,"href":"https:\/\/noticiasveraces.com\/index.php?rest_route=\/wp\/v2\/users\/1"}],"replies":[{"embeddable":true,"href":"https:\/\/noticiasveraces.com\/index.php?rest_route=%2Fwp%2Fv2%2Fcomments&post=14653"}],"version-history":[{"count":0,"href":"https:\/\/noticiasveraces.com\/index.php?rest_route=\/wp\/v2\/posts\/14653\/revisions"}],"wp:featuredmedia":[{"embeddable":true,"href":"https:\/\/noticiasveraces.com\/index.php?rest_route=\/wp\/v2\/media\/14655"}],"wp:attachment":[{"href":"https:\/\/noticiasveraces.com\/index.php?rest_route=%2Fwp%2Fv2%2Fmedia&parent=14653"}],"wp:term":[{"taxonomy":"category","embeddable":true,"href":"https:\/\/noticiasveraces.com\/index.php?rest_route=%2Fwp%2Fv2%2Fcategories&post=14653"},{"taxonomy":"post_tag","embeddable":true,"href":"https:\/\/noticiasveraces.com\/index.php?rest_route=%2Fwp%2Fv2%2Ftags&post=14653"}],"curies":[{"name":"wp","href":"https:\/\/api.w.org\/{rel}","templated":true}]}}