{"id":14636,"date":"2025-02-14T09:50:18","date_gmt":"2025-02-14T13:50:18","guid":{"rendered":"https:\/\/noticiasveraces.com\/?p=14636"},"modified":"2025-02-14T09:50:18","modified_gmt":"2025-02-14T13:50:18","slug":"autor-de-atropello-en-munich-tenia-orientacion-islamista-dw-14-02-2025","status":"publish","type":"post","link":"https:\/\/noticiasveraces.com\/?p=14636","title":{"rendered":"Autor de Atropello en M\u00fanich Ten\u00eda \u00abOrientaci\u00f3n islamista\u00bb &#8211; DW &#8211; 14\/02\/2025"},"content":{"rendered":"<p> \n<\/p>\n<div>\n<p>El Autor de Un Atropello Masivo en M\u00fanich Que Dej\u00f3 Al Menos 36 Heridos Ten\u00eda UNA \u00abOrientaci\u00f3n Islamista\u00bb Y una \u00abMotivaci\u00f3n Religiosa\u00bb, Indicaron Las Autoridadadas Alemanas Este Viernes (14.02.2025).<\/p>\n<p>El Sospechoso es un Afano de 24 A\u00f1os detenido en El Lugar del Atentado Tras Arollar Con Su Autom\u00f3vil Un Grupo de Personas que Manifestaba y Fue Interrogado.<\/p>\n<h2><strong>Autoridadas Identifican Uno Posible \u00abOrientaci\u00f3n Islamista\u00bb<\/strong><\/h2>\n<p>\u00abReconoci\u00f3 haber Atropellado Voluntario un manifestante Los manifiesto e invoc\u00f3 una raaz\u00f3n que yo yo resumir\u00eda como una motivaci\u00f3 religiosa\u00bb, Se\u00f1al\u00f3 Gabrielle Tillmann, una representante de la fiscal\u00eda.<\/p>\n<p>\u00abPudimos Identificar una Cierta Orientaci\u00f3n Islamista\u00bb en el Sospechoso, declar\u00f3 en rueda de Prensa Guido Limmer, Un responsable de la Polic\u00eda Local.<\/p>\n<figure class=\"placeholder-image master_landscape big\"><img data-format=\"MASTER_LANDSCAPE\" data-id=\"71605613\" data-url=\"https:\/\/static.dw.com\/image\/71605613_${formatId}.jpg\" data-aspect-ratio=\"16\/9\" alt=\"Deutschland M\u00fcnchen Anschlag Auto Gedenkveranstaltung Verdi\" style=\"padding-bottom: 56.25%; height: 0; max-height: 0;\"\/><figcaption class=\"img-caption\"><small class=\"copyright\">Imagen: Wolfgang Rattay\/Reuters<\/small><\/figcaption><\/figure>\n<p>El Afgano Llegado A Alemania en 2016, Cuando Ten\u00eda 15 A\u00f1os, Grit\u00f3 \u00ab\u00a1Allahu Akbar!\u00bb (Dios es el M\u00e1s Grande) Desespu\u00e9s de ser arrestado, Indicaron Las Autoridadas.<\/p>\n<p>Una B\u00fasqueda preliminar en su tel\u00e9fono celular y en sus cuentas de redes sociales Mostr\u00f3 que era abiertamete religioso, dijo tilmann. ERA particularmente Activa en Instagram, Donde Publicaba Sobre Culturismo y Atletismo. Sin embargo, \u00abnada apunta a que estuviera ligado una organizaci\u00f3n una organizaci\u00f3n, como estado isl\u00e1mico, por eJemplo\u00bb, apunt\u00f3.<\/p>\n<figure class=\"placeholder-image master_landscape big\"><img data-format=\"MASTER_LANDSCAPE\" data-id=\"71604972\" data-url=\"https:\/\/static.dw.com\/image\/71604972_${formatId}.jpg\" data-aspect-ratio=\"16\/9\" alt=\"   \" style=\"padding-bottom: 56.25%; height: 0; max-height: 0;\"\/><figcaption class=\"img-caption\"><small class=\"copyright\">Imagen: Kai Pfaffenbach\/Reuters<\/small><\/figcaption><\/figure>\n<h2><strong>Atacante Era \u00abTolerado\u00bb Legalmento Como Residente, Aunque Su Asilo Fue Rechazado<\/strong><\/h2>\n<p>SU Solicitud de Asilo Hab\u00eda Sido Rembrazada por Las Autoridadas, Pero Segu\u00eda Sido \u00abTolerado\u00bb Legalmento Como Residente en Alemania, en particular porque afirmaba tener un trabajo, principalmente como gu\u00eda de seguridad.<\/p>\n<p>El Ataque SE Produjo A POCOS D\u00edas de Las Eleciones Legislativas del 23 de Febero, Dominadas por el Tema Migratorio.<\/p>\n<p>El Partido Ultraderechista alternativa por Alemania (Afd), Muy Pugnaz en El Asunto, Podr\u00eda Obtener M\u00e1s de 20% de los Votos en Los Comicios, El Doble Que en 2021, Seg\u00fans los \u00dantimos Sondeos.<\/p>\n<p>RR (AFP\/DPA)<\/p>\n<\/div>\n\n","protected":false},"excerpt":{"rendered":"<p>El Autor de Un Atropello Masivo en M\u00fanich Que Dej\u00f3 Al Menos 36 Heridos Ten\u00eda UNA \u00abOrientaci\u00f3n Islamista\u00bb Y una \u00abMotivaci\u00f3n Religiosa\u00bb, Indicaron Las Autoridadadas Alemanas Este Viernes (14.02.2025). El Sospechoso es un Afano de 24 A\u00f1os detenido en El Lugar del Atentado Tras Arollar Con Su Autom\u00f3vil Un Grupo de Personas que Manifestaba y &hellip;<\/p>\n","protected":false},"author":1,"featured_media":14637,"comment_status":"open","ping_status":"open","sticky":false,"template":"","format":"standard","meta":{"fifu_image_url":"https:\/\/static.dw.com\/image\/71596826_6.jpg","fifu_image_alt":"","footnotes":""},"categories":[13],"tags":[],"class_list":["post-14636","post","type-post","status-publish","format-standard","has-post-thumbnail","","category-mundo"],"_links":{"self":[{"href":"https:\/\/noticiasveraces.com\/index.php?rest_route=\/wp\/v2\/posts\/14636","targetHints":{"allow":["GET"]}}],"collection":[{"href":"https:\/\/noticiasveraces.com\/index.php?rest_route=\/wp\/v2\/posts"}],"about":[{"href":"https:\/\/noticiasveraces.com\/index.php?rest_route=\/wp\/v2\/types\/post"}],"author":[{"embeddable":true,"href":"https:\/\/noticiasveraces.com\/index.php?rest_route=\/wp\/v2\/users\/1"}],"replies":[{"embeddable":true,"href":"https:\/\/noticiasveraces.com\/index.php?rest_route=%2Fwp%2Fv2%2Fcomments&post=14636"}],"version-history":[{"count":0,"href":"https:\/\/noticiasveraces.com\/index.php?rest_route=\/wp\/v2\/posts\/14636\/revisions"}],"wp:featuredmedia":[{"embeddable":true,"href":"https:\/\/noticiasveraces.com\/index.php?rest_route=\/wp\/v2\/media\/14637"}],"wp:attachment":[{"href":"https:\/\/noticiasveraces.com\/index.php?rest_route=%2Fwp%2Fv2%2Fmedia&parent=14636"}],"wp:term":[{"taxonomy":"category","embeddable":true,"href":"https:\/\/noticiasveraces.com\/index.php?rest_route=%2Fwp%2Fv2%2Fcategories&post=14636"},{"taxonomy":"post_tag","embeddable":true,"href":"https:\/\/noticiasveraces.com\/index.php?rest_route=%2Fwp%2Fv2%2Ftags&post=14636"}],"curies":[{"name":"wp","href":"https:\/\/api.w.org\/{rel}","templated":true}]}}