{"id":14628,"date":"2025-02-14T08:46:51","date_gmt":"2025-02-14T12:46:51","guid":{"rendered":"https:\/\/noticiasveraces.com\/?p=14628"},"modified":"2025-02-14T08:46:51","modified_gmt":"2025-02-14T12:46:51","slug":"el-papa-francisco-hospitalizado-para-el-tratamiento-de-bronquitis-dice-el-vaticano","status":"publish","type":"post","link":"https:\/\/noticiasveraces.com\/?p=14628","title":{"rendered":"El Papa Francisco hospitalizado para el tratamiento de bronquitis, dice el Vaticano"},"content":{"rendered":"<p> \n<br \/><img decoding=\"async\" src=\"https:\/\/a57.foxnews.com\/static.foxnews.com\/foxnews.com\/content\/uploads\/2024\/02\/1200\/675\/pope-francis.jpg?ve=1&amp;tl=1\" \/><\/p>\n<div>\n<p class=\"speakable\">El Papa Francisco fue hospitalizado el viernes para recibir tratamiento por un episodio de bronquitis con el que, seg\u00fan los informes, ha estado tratando durante una semana, confirm\u00f3 el Vaticano a Fox News. <\/p>\n<p class=\"speakable\">Tambi\u00e9n se espera que el Papa de 88 a\u00f1os se someta a pruebas adem\u00e1s del tratamiento, inform\u00f3 Associated Press.<\/p>\n<p><i>Esta es una historia en desarrollo, por favor consulte las actualizaciones.<\/i><\/p>\n<p> <!----> <\/p>\n<div class=\"article-meta\">\n<div class=\"author-bio\">\n<p>Rachel Wolf es una escritora de noticias de Fox News Digital y Fox Business.<\/p>\n<\/div>\n<\/div>\n<\/div>\n\n","protected":false},"excerpt":{"rendered":"<p>El Papa Francisco fue hospitalizado el viernes para recibir tratamiento por un episodio de bronquitis con el que, seg\u00fan los informes, ha estado tratando durante una semana, confirm\u00f3 el Vaticano a Fox News. Tambi\u00e9n se espera que el Papa de 88 a\u00f1os se someta a pruebas adem\u00e1s del tratamiento, inform\u00f3 Associated Press. Esta es una &hellip;<\/p>\n","protected":false},"author":1,"featured_media":14630,"comment_status":"open","ping_status":"open","sticky":false,"template":"","format":"standard","meta":{"fifu_image_url":"https:\/\/static.foxnews.com\/foxnews.com\/content\/uploads\/2024\/02\/pope-francis.jpg","fifu_image_alt":"","footnotes":""},"categories":[13],"tags":[],"class_list":["post-14628","post","type-post","status-publish","format-standard","has-post-thumbnail","","category-mundo"],"_links":{"self":[{"href":"https:\/\/noticiasveraces.com\/index.php?rest_route=\/wp\/v2\/posts\/14628","targetHints":{"allow":["GET"]}}],"collection":[{"href":"https:\/\/noticiasveraces.com\/index.php?rest_route=\/wp\/v2\/posts"}],"about":[{"href":"https:\/\/noticiasveraces.com\/index.php?rest_route=\/wp\/v2\/types\/post"}],"author":[{"embeddable":true,"href":"https:\/\/noticiasveraces.com\/index.php?rest_route=\/wp\/v2\/users\/1"}],"replies":[{"embeddable":true,"href":"https:\/\/noticiasveraces.com\/index.php?rest_route=%2Fwp%2Fv2%2Fcomments&post=14628"}],"version-history":[{"count":0,"href":"https:\/\/noticiasveraces.com\/index.php?rest_route=\/wp\/v2\/posts\/14628\/revisions"}],"wp:featuredmedia":[{"embeddable":true,"href":"https:\/\/noticiasveraces.com\/index.php?rest_route=\/wp\/v2\/media\/14630"}],"wp:attachment":[{"href":"https:\/\/noticiasveraces.com\/index.php?rest_route=%2Fwp%2Fv2%2Fmedia&parent=14628"}],"wp:term":[{"taxonomy":"category","embeddable":true,"href":"https:\/\/noticiasveraces.com\/index.php?rest_route=%2Fwp%2Fv2%2Fcategories&post=14628"},{"taxonomy":"post_tag","embeddable":true,"href":"https:\/\/noticiasveraces.com\/index.php?rest_route=%2Fwp%2Fv2%2Ftags&post=14628"}],"curies":[{"name":"wp","href":"https:\/\/api.w.org\/{rel}","templated":true}]}}