{"id":14623,"date":"2025-02-14T07:45:12","date_gmt":"2025-02-14T11:45:12","guid":{"rendered":"https:\/\/noticiasveraces.com\/?p=14623"},"modified":"2025-02-14T07:45:12","modified_gmt":"2025-02-14T11:45:12","slug":"papa-francisco-es-hospitalizado-en-roma-por-bronquitis-dw-14-02-2025","status":"publish","type":"post","link":"https:\/\/noticiasveraces.com\/?p=14623","title":{"rendered":"Papa Francisco ES Hospitalizado en Roma por Bronquitis &#8211; DW &#8211; 14\/02\/2025"},"content":{"rendered":"<p> \n<\/p>\n<div>\n<p>El Papa Francisco Fue Ingresado en un Hospital de Roma Este Viernes (14.02.2025) para a veces un diagn\u00f3stico de tratamiento relanzado con la bronquitis que padece y que en los en los \u00daltimos dias le causa -DiFulades respiratorias, Anunci\u00f3 la santa sede.<\/p>\n<p>El Pont\u00edfice Argentino de 88 A\u00f1os Padece Bronquitis desde la Semana Pasada y El Mi\u00e9rcoles Tuvo Que Renunciar A Terminar de Leer Su Discurso en Su Audiencia General Semanal, una causa de DiFicultades para respirar.<\/p>\n<p>En un breve comunicado, El Vaticano Explic\u00f3 que Francisco Acudi\u00f3 al Hospital Policl\u00ednico Agostino Gemelli Tras sus Audios Matinales, en las que recibio Entre otros al Primer Ministro Eslovaco Robert Fico.<\/p>\n<p>Seg\u00fan la Santa Sede, El Papa Acudio Al Centro M\u00e9dico \u00abPara Realizar Algunos Ex\u00e1menes Diagnosticos Necesarios y continuar en el TRATAMIENTO DE LA BRONQUITIS TODAV\u00cdA EN CURSO EN UN AMBIENTE Hospitalario\u00bb.<\/p>\n<p>Para Recibir Al Jefe de la Iglesia Cat\u00f3lica, Hospital de Este Romano Dispone de Una Planta Organizada de Manera Especia y Dotada de Una Capilla.<\/p>\n<p>RR (AFP\/Reuters)<\/p>\n<\/div>\n\n","protected":false},"excerpt":{"rendered":"<p>El Papa Francisco Fue Ingresado en un Hospital de Roma Este Viernes (14.02.2025) para a veces un diagn\u00f3stico de tratamiento relanzado con la bronquitis que padece y que en los en los \u00daltimos dias le causa -DiFulades respiratorias, Anunci\u00f3 la santa sede. El Pont\u00edfice Argentino de 88 A\u00f1os Padece Bronquitis desde la Semana Pasada y &hellip;<\/p>\n","protected":false},"author":1,"featured_media":14624,"comment_status":"open","ping_status":"open","sticky":false,"template":"","format":"standard","meta":{"fifu_image_url":"https:\/\/static.dw.com\/image\/70343191_6.jpg","fifu_image_alt":"","footnotes":""},"categories":[13],"tags":[],"class_list":["post-14623","post","type-post","status-publish","format-standard","has-post-thumbnail","","category-mundo"],"_links":{"self":[{"href":"https:\/\/noticiasveraces.com\/index.php?rest_route=\/wp\/v2\/posts\/14623","targetHints":{"allow":["GET"]}}],"collection":[{"href":"https:\/\/noticiasveraces.com\/index.php?rest_route=\/wp\/v2\/posts"}],"about":[{"href":"https:\/\/noticiasveraces.com\/index.php?rest_route=\/wp\/v2\/types\/post"}],"author":[{"embeddable":true,"href":"https:\/\/noticiasveraces.com\/index.php?rest_route=\/wp\/v2\/users\/1"}],"replies":[{"embeddable":true,"href":"https:\/\/noticiasveraces.com\/index.php?rest_route=%2Fwp%2Fv2%2Fcomments&post=14623"}],"version-history":[{"count":0,"href":"https:\/\/noticiasveraces.com\/index.php?rest_route=\/wp\/v2\/posts\/14623\/revisions"}],"wp:featuredmedia":[{"embeddable":true,"href":"https:\/\/noticiasveraces.com\/index.php?rest_route=\/wp\/v2\/media\/14624"}],"wp:attachment":[{"href":"https:\/\/noticiasveraces.com\/index.php?rest_route=%2Fwp%2Fv2%2Fmedia&parent=14623"}],"wp:term":[{"taxonomy":"category","embeddable":true,"href":"https:\/\/noticiasveraces.com\/index.php?rest_route=%2Fwp%2Fv2%2Fcategories&post=14623"},{"taxonomy":"post_tag","embeddable":true,"href":"https:\/\/noticiasveraces.com\/index.php?rest_route=%2Fwp%2Fv2%2Ftags&post=14623"}],"curies":[{"name":"wp","href":"https:\/\/api.w.org\/{rel}","templated":true}]}}