{"id":14608,"date":"2025-02-14T03:35:12","date_gmt":"2025-02-14T07:35:12","guid":{"rendered":"https:\/\/noticiasveraces.com\/?p=14608"},"modified":"2025-02-14T03:35:12","modified_gmt":"2025-02-14T07:35:12","slug":"viaje-de-rubio-a-munich-se-retasa-por-un-fallo-de-su-avion-dw-14-02-2025","status":"publish","type":"post","link":"https:\/\/noticiasveraces.com\/?p=14608","title":{"rendered":"Viaje de Rubio A M\u00fanich SE Retasa por Un Fallo de Su Avi\u00f3n &#8211; DW &#8211; 14\/02\/2025"},"content":{"rendered":"<p> \n<\/p>\n<div>\n<p>El Avi\u00f3n en el de ViAJABA el Secretario de Estado de Estados Unidos, Marco Rubio, Con Destino A Alemania Para Parte Particy en la Conferencia de Seguridad de M\u00fanich Tuvo Que Regrabe A Washington La Noche del Jueves (13.02.2025) Tras Sufrir Un Problema Mec\u00e1nico DURANTE El Vuelo.<\/p>\n<p>El Avi\u00f3nico Aterriz\u00f3 Poco Despu\u00e9s de Las 22.00 Hora Local Del Jueves (3.00 GMT del Viernes) en la base Conjunta Andrews, A Las Afueras de Washington, Despu\u00e9s de Que Alredor de 90 Minutos desesperados del despegue se Avirtera el problema y los pilotos Pusieran Pusieran Pusieran de 90 Minutos desesperados REGRESO, INDICA LA CORREPONSAL DE CBS QUE VIAJABA JUNTO A RUBIO.<\/p>\n<p>Seg\u00fan la Portavoz del Departamento de Estado, Tammy Bruce, Citada por Este y Otros Medios, El Avi\u00f3n Experiment\u00f3 un \u00abProblema Mec\u00e1nico\u00bb, y \u00abEl Secretario Tinee Intenci\u00f3n de Continuar Su Viaje A Alemania y Oriente Medio en Otro Avi\u00f3n\u00bb.<\/p>\n<p>Se desconoce cu\u00e1ndo se producor, la Nueva salida ni si el retraso impedir\u00e1 que rubio llegue a tiempo a m\u00fanich para el inicio de de la conferencia de seguridad este viernes, en la se se cuenta con suistencia y la del dele de viceuperio, viceounidense.<\/p>\n<p>SE Espera que Rubio Est\u00e9 presente en la Reuni\u00f3n Entre el Presidente de Ucrania, Volodimir Zelenski, y Jd Vance Este Viernes en la Capital B\u00e1vara, Donde participar\u00e1 Tambi\u00e9n en Su Primera Reuni\u00f3n de Ministros de Asuntos Extrateros del G7 (Estados Unidos, Almania, Canad\u00e1, Canad\u00e1. Francia, Italia, Jap\u00f3n y la Uni\u00f3n Europea).<\/p>\n<p>Tras Su Parada en M\u00fanich, La Agenda Prevista Prevista es que rubio Viaje A Oriente Medio del 15 al 18 de febrero Para Su Primera Visita a la Regi\u00f3n como secretaria de Estado, con paradas en Israel, Arabia saud\u00ed emiratos \u00e1rabes unidos, donde polla Sus L\u00edderes, incluido el Primer Ministro israel\u00ed, Benjam\u00edn Netanyahu.<\/p>\n<p>JC (EFE, DPA)<\/p>\n<\/p>\n<\/div>\n\n","protected":false},"excerpt":{"rendered":"<p>El Avi\u00f3n en el de ViAJABA el Secretario de Estado de Estados Unidos, Marco Rubio, Con Destino A Alemania Para Parte Particy en la Conferencia de Seguridad de M\u00fanich Tuvo Que Regrabe A Washington La Noche del Jueves (13.02.2025) Tras Sufrir Un Problema Mec\u00e1nico DURANTE El Vuelo. El Avi\u00f3nico Aterriz\u00f3 Poco Despu\u00e9s de Las 22.00 &hellip;<\/p>\n","protected":false},"author":1,"featured_media":14609,"comment_status":"open","ping_status":"open","sticky":false,"template":"","format":"standard","meta":{"fifu_image_url":"https:\/\/static.dw.com\/image\/71484335_6.jpg","fifu_image_alt":"","footnotes":""},"categories":[13],"tags":[],"class_list":["post-14608","post","type-post","status-publish","format-standard","has-post-thumbnail","","category-mundo"],"_links":{"self":[{"href":"https:\/\/noticiasveraces.com\/index.php?rest_route=\/wp\/v2\/posts\/14608","targetHints":{"allow":["GET"]}}],"collection":[{"href":"https:\/\/noticiasveraces.com\/index.php?rest_route=\/wp\/v2\/posts"}],"about":[{"href":"https:\/\/noticiasveraces.com\/index.php?rest_route=\/wp\/v2\/types\/post"}],"author":[{"embeddable":true,"href":"https:\/\/noticiasveraces.com\/index.php?rest_route=\/wp\/v2\/users\/1"}],"replies":[{"embeddable":true,"href":"https:\/\/noticiasveraces.com\/index.php?rest_route=%2Fwp%2Fv2%2Fcomments&post=14608"}],"version-history":[{"count":0,"href":"https:\/\/noticiasveraces.com\/index.php?rest_route=\/wp\/v2\/posts\/14608\/revisions"}],"wp:featuredmedia":[{"embeddable":true,"href":"https:\/\/noticiasveraces.com\/index.php?rest_route=\/wp\/v2\/media\/14609"}],"wp:attachment":[{"href":"https:\/\/noticiasveraces.com\/index.php?rest_route=%2Fwp%2Fv2%2Fmedia&parent=14608"}],"wp:term":[{"taxonomy":"category","embeddable":true,"href":"https:\/\/noticiasveraces.com\/index.php?rest_route=%2Fwp%2Fv2%2Fcategories&post=14608"},{"taxonomy":"post_tag","embeddable":true,"href":"https:\/\/noticiasveraces.com\/index.php?rest_route=%2Fwp%2Fv2%2Ftags&post=14608"}],"curies":[{"name":"wp","href":"https:\/\/api.w.org\/{rel}","templated":true}]}}