{"id":14589,"date":"2025-02-14T01:30:13","date_gmt":"2025-02-14T05:30:13","guid":{"rendered":"https:\/\/noticiasveraces.com\/?p=14589"},"modified":"2025-02-14T01:30:13","modified_gmt":"2025-02-14T05:30:13","slug":"ee-uu-reconocimiento-esfuerzos-de-mexico-contra-la-migracia-dw-14-02-2025","status":"publish","type":"post","link":"https:\/\/noticiasveraces.com\/?p=14589","title":{"rendered":"Ee.uu. Reconocimiento Esfuerzos de M\u00e9xico Contra La Migracia &#8211; DW &#8211; 14\/02\/2025"},"content":{"rendered":"<p> \n<\/p>\n<div>\n<p>El Jefe de la Diplomacia Estadounidense, Marco Rubio, Reconci\u00f3son Los Esfuerzos de M\u00e9xico para Contener la Migraci\u00f3n Irregular en una Llamada Con El Canciller Mexicano Juan Ram\u00f3n de la Fuente, Informaron Este Jueves (13.02.2025) ambosas.<\/p>\n<p>Esta conversaci\u00f3n, Realizada el Mi\u00e9rcoles, Fue en seguiMiento A Los \u00abAcordos\u00bb Convenidos \u00abEntre El Presidente Estadounidense, Donald Trump, Y su par\u00e9xico, Claudia Sheinbaum, Inform\u00f3 la Canciller\u00eda del Pa\u00eds latinoamericano en la Social Red X.<\/p>\n<p>Rubio \u00abexpres\u00f3 su agradecimento por los recientes esfuerzos de M\u00e9xico para frenar la migracia indocumentada\u00bb y su colaboraci\u00f3nica para el proceso de repatriarlos, detall\u00f3 de suvo el departamento de estado estadounidense en un comunicado.<\/p>\n<p>Ambos Funcionario Conversaron adem\u00e1s Sobre El Combate Contra El Tr\u00e1fico de Fentanilo, Un Peligroso Opioide Sint\u00e9tico Que Causa Al Menos 75.000 Muertos al A\u00f1o en Estados Unidos, y El Trasiego de Armas Hacia M\u00e9xico. <\/p>\n<p>\u00abM\u00e9xico y Estados Unidos Seguir\u00e1n Trabajando de Manera Coordinada, Con Pleno respeto a Nuestra Soberan\u00eda y para Benefio de Ambos Pueblos\u00bb, A\u00f1adio la Canciller\u00eda mexicana.<\/p>\n<p>Trump anunci\u00f3 El Pasado 1 de febrero aranceles del 25% a Todas las exportaciones desde M\u00e9xico y Canad\u00e1, Sus Socios en El Acuerdo de Libre Comercio T-Mec, Al Acusar A Ambos Pa\u00edses de Permitir El Tr\u00e1fico de Drogas y Migrantes Incumentos a su territorio.<\/p>\n<p>Sin embargo, El Republicano aplaz\u00f3 la Imposici\u00f3nica de Esas Tarifas Hasta Inicios de Marzo Tras una una Negociaci\u00f3n Telef\u00f3nica Con Sheinbaum, Quien Acord\u00f3 Desplegar 10.000 Militares en La Frontera Con Estados Unidos.<\/p>\n<p>M\u00e9xico Reclama A Estados Unidos detener el fljo de armas hacia los c\u00e1rteles de la droga mexicanos, que el mandatario estadounidense ha ordenado sean designados como terroristas.<\/p>\n<p>MG (AFP, Departamento de Estado de Ee.uu.)<\/p>\n<div class=\"vjs-wrapper embed big\">\n<h2 aria-label=\"Video integrado \u2014 Afganos en Estados Unidos\" class=\"headline\"><svg xmlns=\"http:\/\/www.w3.org\/2000\/svg\" viewbox=\"0 0 20 20\"><g fill-rule=\"evenodd\"><path d=\"M14.114 7.599H13.5l.002 4.706h.601l4.582 3.25-.005-11.11zM11.084 4.444l-9.007.002-1.336.797.002 9.514 1.334.793 9.007.006 1.509-.799-.004-9.516z\"\/><\/g><\/svg>Afganos en Estados Unidos<\/h2>\n<p><video id=\"video-68508294\" controls=\"\" playsinline=\"\" preload=\"none\" poster=\"data:image\/png;base64,iVBORw0KGgoAAAANSUhEUgAAAAEAAAABCAQAAAC1HAwCAAAAC0lEQVR42mNkYAAAAAYAAjCB0C8AAAAASUVORK5CYII=\" data-id=\"68508294\" data-posterurl=\"https:\/\/tvdownloaddw-a.akamaihd.net\/stills\/images\/js\/js20240313_yafghans12b_image_512x288_3.jpg\" data-duration=\"03:05\"><source src=\"https:\/\/hlsvod.dw.com\/i\/dwtv_video\/flv\/js\/js20240313_yafghans12b_,AVC_480x270,AVC_512x288,AVC_640x360,AVC_960x540,AVC_1280x720,AVC_1920x1080,.mp4.csmil\/master.m3u8\" type=\"application\/x-mpegURL\"><source src=\"https:\/\/tvdownloaddw-a.akamaihd.net\/dwtv_video\/flv\/js\/js20240313_yafghans12b_AVC_1920x1080.mp4\" type=\"video\/mp4\"><track src=\"https:\/\/www.dw.com\/media\/subtitles\/68606649\" srclang=\"es\" label=\"SPANISH\" default=\"\"><p class=\"vjs-no-js\">Para ver este video, habilite JavaScript y considere actualizar a un navegador web que admite el video HTML5<\/p>\n<\/track><\/source><\/source><\/video><\/div>\n<\/div>\n\n","protected":false},"excerpt":{"rendered":"<p>El Jefe de la Diplomacia Estadounidense, Marco Rubio, Reconci\u00f3son Los Esfuerzos de M\u00e9xico para Contener la Migraci\u00f3n Irregular en una Llamada Con El Canciller Mexicano Juan Ram\u00f3n de la Fuente, Informaron Este Jueves (13.02.2025) ambosas. Esta conversaci\u00f3n, Realizada el Mi\u00e9rcoles, Fue en seguiMiento A Los \u00abAcordos\u00bb Convenidos \u00abEntre El Presidente Estadounidense, Donald Trump, Y su &hellip;<\/p>\n","protected":false},"author":1,"featured_media":14590,"comment_status":"open","ping_status":"open","sticky":false,"template":"","format":"standard","meta":{"fifu_image_url":"https:\/\/static.dw.com\/image\/67841190_6.jpg","fifu_image_alt":"","footnotes":""},"categories":[13],"tags":[],"class_list":["post-14589","post","type-post","status-publish","format-standard","has-post-thumbnail","","category-mundo"],"_links":{"self":[{"href":"https:\/\/noticiasveraces.com\/index.php?rest_route=\/wp\/v2\/posts\/14589","targetHints":{"allow":["GET"]}}],"collection":[{"href":"https:\/\/noticiasveraces.com\/index.php?rest_route=\/wp\/v2\/posts"}],"about":[{"href":"https:\/\/noticiasveraces.com\/index.php?rest_route=\/wp\/v2\/types\/post"}],"author":[{"embeddable":true,"href":"https:\/\/noticiasveraces.com\/index.php?rest_route=\/wp\/v2\/users\/1"}],"replies":[{"embeddable":true,"href":"https:\/\/noticiasveraces.com\/index.php?rest_route=%2Fwp%2Fv2%2Fcomments&post=14589"}],"version-history":[{"count":0,"href":"https:\/\/noticiasveraces.com\/index.php?rest_route=\/wp\/v2\/posts\/14589\/revisions"}],"wp:featuredmedia":[{"embeddable":true,"href":"https:\/\/noticiasveraces.com\/index.php?rest_route=\/wp\/v2\/media\/14590"}],"wp:attachment":[{"href":"https:\/\/noticiasveraces.com\/index.php?rest_route=%2Fwp%2Fv2%2Fmedia&parent=14589"}],"wp:term":[{"taxonomy":"category","embeddable":true,"href":"https:\/\/noticiasveraces.com\/index.php?rest_route=%2Fwp%2Fv2%2Fcategories&post=14589"},{"taxonomy":"post_tag","embeddable":true,"href":"https:\/\/noticiasveraces.com\/index.php?rest_route=%2Fwp%2Fv2%2Ftags&post=14589"}],"curies":[{"name":"wp","href":"https:\/\/api.w.org\/{rel}","templated":true}]}}