{"id":14582,"date":"2025-02-14T00:25:12","date_gmt":"2025-02-14T04:25:12","guid":{"rendered":"https:\/\/noticiasveraces.com\/?p=14582"},"modified":"2025-02-14T00:25:12","modified_gmt":"2025-02-14T04:25:12","slug":"el-odio-los-sustenta-enfermeras-suspendidas-despues-de-un-video-viral-que-amenazaba-con-matar-al-hombre-israeli","status":"publish","type":"post","link":"https:\/\/noticiasveraces.com\/?p=14582","title":{"rendered":"&#8216;El odio los sustenta&#8217;: enfermeras suspendidas despu\u00e9s de un video viral que amenazaba con matar al hombre israel\u00ed"},"content":{"rendered":"<p> \n<\/p>\n<div>\n<p class=\"speakable\">Dos <u>Enfermeras de Sydney<\/u> quienes amenazaron ante la c\u00e1mara para matar a un hombre israel\u00ed y a otros jud\u00edos a su cuidado fueron identificados e inmediatamente suspendidos de practicar.<\/p>\n<p class=\"speakable\">El Departamento de Salud de Australia y Atenci\u00f3n Anual anunci\u00f3 en un comunicado el jueves que el Consejo de Enfermer\u00eda y Parter\u00eda de Nueva Gales del Sur (NSW) suspendi\u00f3 los registros de enfermeras registradas Ahmad Rashad Nadir y Sarah Abu Lebdeh, con efecto inmediato.<\/p>\n<p>Nadir y Lebdeh, quien inicialmente afirm\u00f3 que eran m\u00e9dicos mientras se vist\u00edan, amenazaron al influyente israel\u00ed Max Veifer en un sitio web internacional de chat de video llamado ChatRouletka.<\/p>\n<div class=\"image-ct inline\">\n<div class=\"m\"><picture><source media=\"(max-width: 767px)\" srcset=\"https:\/\/a57.foxnews.com\/static.foxnews.com\/foxnews.com\/content\/uploads\/2025\/02\/343\/192\/3e607945-untitled-1.png?ve=1&amp;tl=1, https:\/\/a57.foxnews.com\/static.foxnews.com\/foxnews.com\/content\/uploads\/2025\/02\/686\/384\/3e607945-untitled-1.png?ve=1&amp;tl=1 2x\" height=\"192\" width=\"343\"><source media=\"(min-width: 768px) and (max-width: 1023px)\" srcset=\"https:\/\/a57.foxnews.com\/static.foxnews.com\/foxnews.com\/content\/uploads\/2025\/02\/672\/378\/3e607945-untitled-1.png?ve=1&amp;tl=1, https:\/\/a57.foxnews.com\/static.foxnews.com\/foxnews.com\/content\/uploads\/2025\/02\/1344\/756\/3e607945-untitled-1.png?ve=1&amp;tl=1 2x\" height=\"378\" width=\"672\"><source media=\"(min-width: 1024px) and (max-width: 1279px)\" srcset=\"https:\/\/a57.foxnews.com\/static.foxnews.com\/foxnews.com\/content\/uploads\/2025\/02\/931\/523\/3e607945-untitled-1.png?ve=1&amp;tl=1, https:\/\/a57.foxnews.com\/static.foxnews.com\/foxnews.com\/content\/uploads\/2025\/02\/1862\/1046\/3e607945-untitled-1.png?ve=1&amp;tl=1 2x\" height=\"523\" width=\"931\"><source media=\"(min-width: 1280px)\" srcset=\"https:\/\/a57.foxnews.com\/static.foxnews.com\/foxnews.com\/content\/uploads\/2025\/02\/720\/405\/3e607945-untitled-1.png?ve=1&amp;tl=1, https:\/\/a57.foxnews.com\/static.foxnews.com\/foxnews.com\/content\/uploads\/2025\/02\/1440\/810\/3e607945-untitled-1.png?ve=1&amp;tl=1 2x\" height=\"405\" width=\"720\"><img loading=\"lazy\" decoding=\"async\" src=\"https:\/\/a57.foxnews.com\/static.foxnews.com\/foxnews.com\/content\/uploads\/2025\/02\/1200\/675\/3e607945-untitled-1.png?ve=1&amp;tl=1\" alt=\"Las autoridades australianas est\u00e1n investigando despu\u00e9s de que dos trabajadores de la salud afirmaron haber matado a los jud\u00edos bajo su cuidado.\" width=\"1200\" height=\"675\"\/><\/source><\/source><\/source><\/source><\/picture><\/div>\n<div class=\"info\">\n<div class=\"caption\">\n<p><span>Las autoridades australianas est\u00e1n investigando despu\u00e9s de que dos trabajadores de la salud afirmaron haber matado a los jud\u00edos bajo su cuidado.<\/span> <span>(Cr\u00e9dito: @maxveifer a trav\u00e9s de Instagram)<\/span><\/p>\n<\/div>\n<\/div>\n<\/div>\n<p><strong><u>Los trabajadores de la salud australianos amenazan al hombre israel\u00ed, afirman haber matado a los jud\u00edos bajo su cuidado en la c\u00e1mara<\/u><\/strong><\/p>\n<p>Despu\u00e9s de preguntarle a Veifer sobre su nacionalidad, Lebdeh dijo: \u00abEs <u>Pa\u00eds de Palentina<\/u>no tu pa\u00eds, eres un s &#8212; \u00ab, seg\u00fan el video.<\/p>\n<p>Ella procedi\u00f3 a decirle a Veifer \u00abCuando llegue el momento, quiero que recuerdes mi cara, para que puedas entender que morir\u00e1s la muerte m\u00e1s repugnante\u00bb.<\/p>\n<p>Nadir intervino y ambos dijeron que no tratar\u00edan a Veifer y lo matar\u00edan si viniera a <u>su hospital<\/u>.<\/p>\n<p>\u00abNo tienes idea de cu\u00e1ntos israel\u00edes vinieron a este hospital y &#8230;\u00bb, dijo Nadir, mientras deslizaba su brazo sobre su cuello en un movimiento de palas de garganta.<\/p>\n<div class=\"image-ct inline\">\n<div class=\"m\"><picture><source media=\"(max-width: 767px)\" srcset=\"https:\/\/a57.foxnews.com\/static.foxnews.com\/foxnews.com\/content\/uploads\/2025\/02\/343\/192\/australias-department-of-health-and-aged-care.jpg?ve=1&amp;tl=1, https:\/\/a57.foxnews.com\/static.foxnews.com\/foxnews.com\/content\/uploads\/2025\/02\/686\/384\/australias-department-of-health-and-aged-care.jpg?ve=1&amp;tl=1 2x\" height=\"192\" width=\"343\"><source media=\"(min-width: 768px) and (max-width: 1023px)\" srcset=\"https:\/\/a57.foxnews.com\/static.foxnews.com\/foxnews.com\/content\/uploads\/2025\/02\/672\/378\/australias-department-of-health-and-aged-care.jpg?ve=1&amp;tl=1, https:\/\/a57.foxnews.com\/static.foxnews.com\/foxnews.com\/content\/uploads\/2025\/02\/1344\/756\/australias-department-of-health-and-aged-care.jpg?ve=1&amp;tl=1 2x\" height=\"378\" width=\"672\"><source media=\"(min-width: 1024px) and (max-width: 1279px)\" srcset=\"https:\/\/a57.foxnews.com\/static.foxnews.com\/foxnews.com\/content\/uploads\/2025\/02\/931\/523\/australias-department-of-health-and-aged-care.jpg?ve=1&amp;tl=1, https:\/\/a57.foxnews.com\/static.foxnews.com\/foxnews.com\/content\/uploads\/2025\/02\/1862\/1046\/australias-department-of-health-and-aged-care.jpg?ve=1&amp;tl=1 2x\" height=\"523\" width=\"931\"><source media=\"(min-width: 1280px)\" srcset=\"https:\/\/a57.foxnews.com\/static.foxnews.com\/foxnews.com\/content\/uploads\/2025\/02\/720\/405\/australias-department-of-health-and-aged-care.jpg?ve=1&amp;tl=1, https:\/\/a57.foxnews.com\/static.foxnews.com\/foxnews.com\/content\/uploads\/2025\/02\/1440\/810\/australias-department-of-health-and-aged-care.jpg?ve=1&amp;tl=1 2x\" height=\"405\" width=\"720\"><img loading=\"lazy\" decoding=\"async\" src=\"https:\/\/a57.foxnews.com\/static.foxnews.com\/foxnews.com\/content\/uploads\/2025\/02\/1200\/675\/australias-department-of-health-and-aged-care.jpg?ve=1&amp;tl=1\" alt=\"Departamento de Salud y Atenci\u00f3n de Australia de Australia\" width=\"1200\" height=\"675\"\/><\/source><\/source><\/source><\/source><\/picture><\/div>\n<div class=\"info\">\n<div class=\"caption\">\n<p><span>El Departamento de Salud de Australia y la atenci\u00f3n de ancianos emiti\u00f3 un comunicado que anuncia que las enfermeras fueron suspendidas.<\/span> <span>(Google Maps)<\/span><\/p>\n<\/div>\n<\/div>\n<\/div>\n<p>La Agencia de Regulaci\u00f3n de Profesionales de Salud de Australia actualiz\u00f3 autom\u00e1ticamente su historial en el Registro P\u00fablico de Profesionales, lo que hace que las dos enfermeras del Hospital Bankstown no puedan practicar la enfermer\u00eda en cualquier lugar de Australia, en cualquier contexto.<\/p>\n<p>\u00abLa idea de que destacar\u00eda a un grupo en particular en nuestra comunidad e indicar\u00eda que no les importar\u00eda, y mucho menos amenazar activamente sus vidas, se postula en contra de todos los principios en nuestro sistema de atenci\u00f3n m\u00e9dica\u00bb, escribi\u00f3 el departamento de salud en el comunicado . <\/p>\n<p><strong><u>Ni\u00f1os jud\u00edos, adolescentes atacados violentamente en Londres: \u00ablas calles ya no son seguras\u00bb<\/u><\/strong><\/p>\n<p>Las autoridades dijeron \u00absus comentarios repugnantes, y el odio que los sustenta, no tienen lugar en nuestro sistema de salud y no hay lugar en ning\u00fan lugar de Australia\u00bb.<\/p>\n<p>El departamento agreg\u00f3 que los australianos tienen derecho a sentirse seguros donde quiera que vayan y \u00aben ninguna parte deber\u00eda estar m\u00e1s seguro\u00bb que un hospital.<\/p>\n<p>\u00abLos trabajadores de la salud tienen el deber solemne de tratar y sanar a todos los que vienen antes que ellos necesitan ayuda\u00bb, seg\u00fan el comunicado. \u00abLa abrumadora mayor\u00eda se mantiene a ese juramento\u00bb.<\/p>\n<div class=\"image-ct inline\">\n<div class=\"m\"><picture><source media=\"(max-width: 767px)\" srcset=\"https:\/\/a57.foxnews.com\/static.foxnews.com\/foxnews.com\/content\/uploads\/2024\/11\/343\/192\/ap24312093266800.jpg?ve=1&amp;tl=1, https:\/\/a57.foxnews.com\/static.foxnews.com\/foxnews.com\/content\/uploads\/2024\/11\/686\/384\/ap24312093266800.jpg?ve=1&amp;tl=1 2x\" height=\"192\" width=\"343\"><source media=\"(min-width: 768px) and (max-width: 1023px)\" srcset=\"https:\/\/a57.foxnews.com\/static.foxnews.com\/foxnews.com\/content\/uploads\/2024\/11\/672\/378\/ap24312093266800.jpg?ve=1&amp;tl=1, https:\/\/a57.foxnews.com\/static.foxnews.com\/foxnews.com\/content\/uploads\/2024\/11\/1344\/756\/ap24312093266800.jpg?ve=1&amp;tl=1 2x\" height=\"378\" width=\"672\"><source media=\"(min-width: 1024px) and (max-width: 1279px)\" srcset=\"https:\/\/a57.foxnews.com\/static.foxnews.com\/foxnews.com\/content\/uploads\/2024\/11\/931\/523\/ap24312093266800.jpg?ve=1&amp;tl=1, https:\/\/a57.foxnews.com\/static.foxnews.com\/foxnews.com\/content\/uploads\/2024\/11\/1862\/1046\/ap24312093266800.jpg?ve=1&amp;tl=1 2x\" height=\"523\" width=\"931\"><source media=\"(min-width: 1280px)\" srcset=\"https:\/\/a57.foxnews.com\/static.foxnews.com\/foxnews.com\/content\/uploads\/2024\/11\/720\/405\/ap24312093266800.jpg?ve=1&amp;tl=1, https:\/\/a57.foxnews.com\/static.foxnews.com\/foxnews.com\/content\/uploads\/2024\/11\/1440\/810\/ap24312093266800.jpg?ve=1&amp;tl=1 2x\" height=\"405\" width=\"720\"><img loading=\"lazy\" decoding=\"async\" src=\"https:\/\/a57.foxnews.com\/static.foxnews.com\/foxnews.com\/content\/uploads\/2024\/11\/1200\/675\/ap24312093266800.jpg?ve=1&amp;tl=1\" alt=\"Anthony Albanese\" width=\"1200\" height=\"675\"\/><\/source><\/source><\/source><\/source><\/picture><\/div>\n<div class=\"info\">\n<div class=\"caption\">\n<p><span>El primer ministro australiano, Anthony Albanese, public\u00f3 en X despu\u00e9s de que el video se volvi\u00f3 viral en l\u00ednea.<\/span> <span>(Imagen Mick Tsikas\/AAP a trav\u00e9s de AP)<\/span><\/p>\n<\/div>\n<\/div>\n<\/div>\n<p>El primer ministro australiano, Anthony Albanese, confirm\u00f3 el martes que la pareja fue referida \u00abcorrectamente\u00bb a la polic\u00eda de NSW para <u>Investigaci\u00f3n criminal.<\/u><\/p>\n<p>\u00abLos individuos que han cometido actos antisemitas criminales enfrentar\u00e1n toda la fuerza de nuestras leyes\u00bb, escribi\u00f3 Albanese en una publicaci\u00f3n sobre X. \u00abEl metraje es repugnante y vergonzoso\u00bb.<\/p>\n<p>El mi\u00e9rcoles, Australia promulg\u00f3 un proyecto de ley de cr\u00edmenes de odio que impon\u00eda sanciones m\u00ednimas obligatorias por ciertos delitos relacionados con el odio, incluidos seis a\u00f1os por delitos terroristas, tres a\u00f1os para financiar el terrorismo y un a\u00f1o para mostrar s\u00edmbolos de odio.<\/p>\n<div class=\"image-ct inline\">\n<div class=\"m\"><picture><source media=\"(max-width: 767px)\" srcset=\"https:\/\/a57.foxnews.com\/static.foxnews.com\/foxnews.com\/content\/uploads\/2025\/02\/343\/192\/03455e4d-untitled-1.jpg?ve=1&amp;tl=1, https:\/\/a57.foxnews.com\/static.foxnews.com\/foxnews.com\/content\/uploads\/2025\/02\/686\/384\/03455e4d-untitled-1.jpg?ve=1&amp;tl=1 2x\" height=\"192\" width=\"343\"><source media=\"(min-width: 768px) and (max-width: 1023px)\" srcset=\"https:\/\/a57.foxnews.com\/static.foxnews.com\/foxnews.com\/content\/uploads\/2025\/02\/672\/378\/03455e4d-untitled-1.jpg?ve=1&amp;tl=1, https:\/\/a57.foxnews.com\/static.foxnews.com\/foxnews.com\/content\/uploads\/2025\/02\/1344\/756\/03455e4d-untitled-1.jpg?ve=1&amp;tl=1 2x\" height=\"378\" width=\"672\"><source media=\"(min-width: 1024px) and (max-width: 1279px)\" srcset=\"https:\/\/a57.foxnews.com\/static.foxnews.com\/foxnews.com\/content\/uploads\/2025\/02\/931\/523\/03455e4d-untitled-1.jpg?ve=1&amp;tl=1, https:\/\/a57.foxnews.com\/static.foxnews.com\/foxnews.com\/content\/uploads\/2025\/02\/1862\/1046\/03455e4d-untitled-1.jpg?ve=1&amp;tl=1 2x\" height=\"523\" width=\"931\"><source media=\"(min-width: 1280px)\" srcset=\"https:\/\/a57.foxnews.com\/static.foxnews.com\/foxnews.com\/content\/uploads\/2025\/02\/720\/405\/03455e4d-untitled-1.jpg?ve=1&amp;tl=1, https:\/\/a57.foxnews.com\/static.foxnews.com\/foxnews.com\/content\/uploads\/2025\/02\/1440\/810\/03455e4d-untitled-1.jpg?ve=1&amp;tl=1 2x\" height=\"405\" width=\"720\"><img loading=\"lazy\" decoding=\"async\" src=\"https:\/\/a57.foxnews.com\/static.foxnews.com\/foxnews.com\/content\/uploads\/2025\/02\/1200\/675\/03455e4d-untitled-1.jpg?ve=1&amp;tl=1\" alt=\"El ministro de Salud de NSW, Ryan Park, la secretaria del Departamento de Salud, Susan Pearce, y David Ossip de la Junta Jud\u00eda de Diputados visitaron el Hospital Bankstown, donde trabajaban las dos enfermeras, el jueves. \" width=\"1200\" height=\"675\"\/><\/source><\/source><\/source><\/source><\/picture><\/div>\n<div class=\"info\">\n<div class=\"caption\">\n<p><span>El ministro de Salud de NSW, Ryan Park, la secretaria del Departamento de Salud, Susan Pearce, y David Ossip de la Junta Jud\u00eda de Diputados visitaron el Hospital Bankstown, donde trabajaban las dos enfermeras, el jueves. <\/span> <span>(Gobierno de NSW)<\/span><\/p>\n<\/div>\n<\/div>\n<\/div>\n<p><strong><u>El peri\u00f3dico antisem\u00edtico de Columbia Group presenta la indignaci\u00f3n del legislador de Nueva York, mientras investiga la universidad<\/u><\/strong><\/p>\n<p>El ministro de Salud de NSW, Ryan Park, afirm\u00f3 que \u00abno hab\u00eda evidencia\u00bb que las enfermeras da\u00f1aron a los pacientes bajo su cuidado, pero la investigaci\u00f3n est\u00e1 en curso.<\/p>\n<p>Los miembros de la familia de Lebdeh hablaron con varios medios de comunicaci\u00f3n alegando que estaba \u00abcebada\u00bb y que estaba \u00ablo siento\u00bb, inform\u00f3 el New York Post.<\/p>\n<p>El peri\u00f3dico m\u00e1s grande de Israel, <i>Israel Hayom, <\/i>Aparentemente respondi\u00f3 a los comentarios con una historia titulada: \u00abLo siento, no lo siento\u00bb, y acus\u00f3 a las dos enfermeras de minimizar el incidente, seg\u00fan el informe.<\/p>\n<div class=\"image-ct inline\">\n<div class=\"m\"><picture><source media=\"(max-width: 767px)\" srcset=\"https:\/\/a57.foxnews.com\/static.foxnews.com\/foxnews.com\/content\/uploads\/2025\/02\/343\/192\/pic.png?ve=1&amp;tl=1, https:\/\/a57.foxnews.com\/static.foxnews.com\/foxnews.com\/content\/uploads\/2025\/02\/686\/384\/pic.png?ve=1&amp;tl=1 2x\" height=\"192\" width=\"343\"><source media=\"(min-width: 768px) and (max-width: 1023px)\" srcset=\"https:\/\/a57.foxnews.com\/static.foxnews.com\/foxnews.com\/content\/uploads\/2025\/02\/672\/378\/pic.png?ve=1&amp;tl=1, https:\/\/a57.foxnews.com\/static.foxnews.com\/foxnews.com\/content\/uploads\/2025\/02\/1344\/756\/pic.png?ve=1&amp;tl=1 2x\" height=\"378\" width=\"672\"><source media=\"(min-width: 1024px) and (max-width: 1279px)\" srcset=\"https:\/\/a57.foxnews.com\/static.foxnews.com\/foxnews.com\/content\/uploads\/2025\/02\/931\/523\/pic.png?ve=1&amp;tl=1, https:\/\/a57.foxnews.com\/static.foxnews.com\/foxnews.com\/content\/uploads\/2025\/02\/1862\/1046\/pic.png?ve=1&amp;tl=1 2x\" height=\"523\" width=\"931\"><source media=\"(min-width: 1280px)\" srcset=\"https:\/\/a57.foxnews.com\/static.foxnews.com\/foxnews.com\/content\/uploads\/2025\/02\/720\/405\/pic.png?ve=1&amp;tl=1, https:\/\/a57.foxnews.com\/static.foxnews.com\/foxnews.com\/content\/uploads\/2025\/02\/1440\/810\/pic.png?ve=1&amp;tl=1 2x\" height=\"405\" width=\"720\"><img loading=\"lazy\" decoding=\"async\" src=\"https:\/\/a57.foxnews.com\/static.foxnews.com\/foxnews.com\/content\/uploads\/2025\/02\/1200\/675\/pic.png?ve=1&amp;tl=1\" alt=\"Sharren Haskel, Viceministro de Asuntos Exteriores del Estado de Israel, reaccion\u00f3 al video viral, llamando a las enfermeras &quot;racista.&quot;\" width=\"1200\" height=\"675\"\/><\/source><\/source><\/source><\/source><\/picture><\/div>\n<div class=\"info\">\n<div class=\"caption\">\n<p><span>Sharren Haskel, Viceministro de Asuntos Exteriores del Estado de Israel, reaccion\u00f3 al video viral, llamando a las enfermeras \u00abracistas\u00bb.<\/span> <span>(@Sharren Haskel a trav\u00e9s de X)<\/span><\/p>\n<\/div>\n<\/div>\n<\/div>\n<p>Sharren Haskel<strong>, <\/strong>Viceministro de Asuntos Exteriores del Estado de Israel, public\u00f3 en X, elogiando a los funcionarios australianos por su respuesta y llamando a la pareja \u00abracista\u00bb.<\/p>\n<p>\u00abGracias, @chrisminnsmp por su acci\u00f3n r\u00e1pida y decisiva contra las enfermeras racistas que amenazaron con matar a los jud\u00edos. Su dedicaci\u00f3n y esfuerzos para combatir el antisemitismo durante el mes pasado son encomiables, y apreciamos profundamente su compromiso para proteger a la comunidad jud\u00eda de Nueva Sur de Nueva Gales.\u00bb<\/p>\n<p><strong><u>Haga clic aqu\u00ed para obtener la aplicaci\u00f3n Fox News<\/u><\/strong><\/p>\n<p>Haskel agreg\u00f3 que debe haber \u00abtolerancia cero\u00bb para el racismo y el antisemitismo y las amenazas notables deben encontrarse con \u00abtoda la fuerza de la ley\u00bb.<\/p>\n<p>Una sinagoga fue bombardeada en Melbourne el 6 de diciembre, que las autoridades ahora est\u00e1n investigando como un probable <u>ataque terrorista<\/u>. Otros informes indican que los autom\u00f3viles se han puesto en llamas y los edificios han sido destrozados en las comunidades jud\u00edas de Sydney.<\/p>\n<p> <!----> <\/p>\n<div class=\"article-meta\">\n<div class=\"author-bio\">\n<p>Alexandra Koch es escritora de noticias de Fox News Digital. Antes de unirse a Fox News, Alexandra cubri\u00f3 Breaking News, Crime, Religion y los militares en el sureste.<\/p>\n<\/div>\n<\/div>\n<\/div>\n\n","protected":false},"excerpt":{"rendered":"<p>Dos Enfermeras de Sydney quienes amenazaron ante la c\u00e1mara para matar a un hombre israel\u00ed y a otros jud\u00edos a su cuidado fueron identificados e inmediatamente suspendidos de practicar. El Departamento de Salud de Australia y Atenci\u00f3n Anual anunci\u00f3 en un comunicado el jueves que el Consejo de Enfermer\u00eda y Parter\u00eda de Nueva Gales del &hellip;<\/p>\n","protected":false},"author":1,"featured_media":14584,"comment_status":"open","ping_status":"open","sticky":false,"template":"","format":"standard","meta":{"fifu_image_url":"https:\/\/static.foxnews.com\/foxnews.com\/content\/uploads\/2025\/02\/nurses-australia-suspended.jpg","fifu_image_alt":"","footnotes":""},"categories":[13],"tags":[],"class_list":["post-14582","post","type-post","status-publish","format-standard","has-post-thumbnail","","category-mundo"],"_links":{"self":[{"href":"https:\/\/noticiasveraces.com\/index.php?rest_route=\/wp\/v2\/posts\/14582","targetHints":{"allow":["GET"]}}],"collection":[{"href":"https:\/\/noticiasveraces.com\/index.php?rest_route=\/wp\/v2\/posts"}],"about":[{"href":"https:\/\/noticiasveraces.com\/index.php?rest_route=\/wp\/v2\/types\/post"}],"author":[{"embeddable":true,"href":"https:\/\/noticiasveraces.com\/index.php?rest_route=\/wp\/v2\/users\/1"}],"replies":[{"embeddable":true,"href":"https:\/\/noticiasveraces.com\/index.php?rest_route=%2Fwp%2Fv2%2Fcomments&post=14582"}],"version-history":[{"count":0,"href":"https:\/\/noticiasveraces.com\/index.php?rest_route=\/wp\/v2\/posts\/14582\/revisions"}],"wp:featuredmedia":[{"embeddable":true,"href":"https:\/\/noticiasveraces.com\/index.php?rest_route=\/wp\/v2\/media\/14584"}],"wp:attachment":[{"href":"https:\/\/noticiasveraces.com\/index.php?rest_route=%2Fwp%2Fv2%2Fmedia&parent=14582"}],"wp:term":[{"taxonomy":"category","embeddable":true,"href":"https:\/\/noticiasveraces.com\/index.php?rest_route=%2Fwp%2Fv2%2Fcategories&post=14582"},{"taxonomy":"post_tag","embeddable":true,"href":"https:\/\/noticiasveraces.com\/index.php?rest_route=%2Fwp%2Fv2%2Ftags&post=14582"}],"curies":[{"name":"wp","href":"https:\/\/api.w.org\/{rel}","templated":true}]}}