{"id":14560,"date":"2025-02-13T20:01:02","date_gmt":"2025-02-14T00:01:02","guid":{"rendered":"https:\/\/noticiasveraces.com\/?p=14560"},"modified":"2025-02-13T20:01:02","modified_gmt":"2025-02-14T00:01:02","slug":"mexico-puede-demandar-a-google-sobre-el-cambio-de-gulf-of-america","status":"publish","type":"post","link":"https:\/\/noticiasveraces.com\/?p=14560","title":{"rendered":"M\u00e9xico puede demandar a Google sobre el cambio de Gulf of America"},"content":{"rendered":"<p> \n<\/p>\n<div>\n<p class=\"speakable\">La presidenta mexicana Claudia Sheinbaum dijo el jueves que su gobierno estaba decidiendo si iniciar una demanda contra Google por renombrar al Golfo de M\u00e9xico, el Golfo de Am\u00e9rica en Google Maps. <\/p>\n<p class=\"speakable\">\u00abVamos a esperar. Ya estamos viendo, observando lo que esto significar\u00eda desde la perspectiva del asesoramiento legal, pero esperamos que hagan una revisi\u00f3n\u00bb, dijo Sheinbaum, seg\u00fan Reuters. <\/p>\n<p>Fox News Digital se ha comunicado con Google. <\/p>\n<p><strong><u>Trump anuncia $ 20 mil millones en nuevos centros de datos en la direcci\u00f3n posterior a la certificaci\u00f3n<\/u><\/strong><\/p>\n<div class=\"image-ct inline\">\n<div class=\"m\"><picture><source media=\"(max-width: 767px)\" srcset=\"https:\/\/a57.foxnews.com\/static.foxnews.com\/foxnews.com\/content\/uploads\/2024\/11\/343\/192\/trump-sheinbaum-2.jpg?ve=1&amp;tl=1, https:\/\/a57.foxnews.com\/static.foxnews.com\/foxnews.com\/content\/uploads\/2024\/11\/686\/384\/trump-sheinbaum-2.jpg?ve=1&amp;tl=1 2x\" height=\"192\" width=\"343\"><source media=\"(min-width: 768px) and (max-width: 1023px)\" srcset=\"https:\/\/a57.foxnews.com\/static.foxnews.com\/foxnews.com\/content\/uploads\/2024\/11\/672\/378\/trump-sheinbaum-2.jpg?ve=1&amp;tl=1, https:\/\/a57.foxnews.com\/static.foxnews.com\/foxnews.com\/content\/uploads\/2024\/11\/1344\/756\/trump-sheinbaum-2.jpg?ve=1&amp;tl=1 2x\" height=\"378\" width=\"672\"><source media=\"(min-width: 1024px) and (max-width: 1279px)\" srcset=\"https:\/\/a57.foxnews.com\/static.foxnews.com\/foxnews.com\/content\/uploads\/2024\/11\/931\/523\/trump-sheinbaum-2.jpg?ve=1&amp;tl=1, https:\/\/a57.foxnews.com\/static.foxnews.com\/foxnews.com\/content\/uploads\/2024\/11\/1862\/1046\/trump-sheinbaum-2.jpg?ve=1&amp;tl=1 2x\" height=\"523\" width=\"931\"><source media=\"(min-width: 1280px)\" srcset=\"https:\/\/a57.foxnews.com\/static.foxnews.com\/foxnews.com\/content\/uploads\/2024\/11\/720\/405\/trump-sheinbaum-2.jpg?ve=1&amp;tl=1, https:\/\/a57.foxnews.com\/static.foxnews.com\/foxnews.com\/content\/uploads\/2024\/11\/1440\/810\/trump-sheinbaum-2.jpg?ve=1&amp;tl=1 2x\" height=\"405\" width=\"720\"><img loading=\"lazy\" decoding=\"async\" src=\"https:\/\/a57.foxnews.com\/static.foxnews.com\/foxnews.com\/content\/uploads\/2024\/11\/1200\/675\/trump-sheinbaum-2.jpg?ve=1&amp;tl=1\" alt=\"Trump y la presidenta mexicana Claudia Sheinbaum Pardo\" width=\"1200\" height=\"675\"\/><\/source><\/source><\/source><\/source><\/picture><\/div>\n<div class=\"info\">\n<div class=\"caption\">\n<p><span>Presidenta Claudia Sheinbaum y presidente Donald Trump <\/span> <span>(Getty Images)<\/span><\/p>\n<\/div>\n<\/div>\n<\/div>\n<p>Google renombr\u00f3 el cuerpo de agua despu\u00e9s de que el presidente Donald Trump firm\u00f3 una orden ejecutiva para cambiarlo. Ahora, los usuarios de Google Maps en los Estados Unidos ver\u00e1n \u00abGolfo de Am\u00e9rica\u00bb \u200b\u200ben la aplicaci\u00f3n, y los usuarios fuera de los Estados Unidos y M\u00e9xico ver\u00e1n ambos t\u00e9rminos, dijo la compa\u00f1\u00eda.<\/p>\n<p>\u00abVamos a cambiar el nombre del Golfo de M\u00e9xico al Golfo de Am\u00e9rica, que tiene un hermoso anillo. Eso cubre mucho territorio\u00bb, dijo Trump el martes. \u00abEl Golfo de Am\u00e9rica. Qu\u00e9 hermoso nombre. Y es apropiado\u00bb.<\/p>\n<p>Sheinbaum ha denunciado la mudanza, diciendo que el nombre del Golfo de M\u00e9xico ha sido reconocido a nivel internacional.<\/p>\n<p>\u00abTodo lo que estamos pidiendo a Google es mirar el decreto que lanz\u00f3 la Casa Blanca y que el presidente Donald Trump firm\u00f3. Ver\u00e1 en ese decreto que no se refiere a todo el Golfo\u00bb, dijo Sheinbaum.<\/p>\n<p><strong><u>Google Maps, la FAA reconoce al Golfo de Am\u00e9rica despu\u00e9s de la Declaraci\u00f3n de Trump: \u00ab\u00bfNo es hermoso?\u00bb<\/u><\/strong><\/p>\n<div class=\"image-ct inline\">\n<div class=\"m\"><picture><source media=\"(max-width: 767px)\" srcset=\"https:\/\/a57.foxnews.com\/static.foxnews.com\/foxnews.com\/content\/uploads\/2025\/02\/343\/192\/rectangle-inset-left.jpg?ve=1&amp;tl=1, https:\/\/a57.foxnews.com\/static.foxnews.com\/foxnews.com\/content\/uploads\/2025\/02\/686\/384\/rectangle-inset-left.jpg?ve=1&amp;tl=1 2x\" height=\"192\" width=\"343\"><source media=\"(min-width: 768px) and (max-width: 1023px)\" srcset=\"https:\/\/a57.foxnews.com\/static.foxnews.com\/foxnews.com\/content\/uploads\/2025\/02\/672\/378\/rectangle-inset-left.jpg?ve=1&amp;tl=1, https:\/\/a57.foxnews.com\/static.foxnews.com\/foxnews.com\/content\/uploads\/2025\/02\/1344\/756\/rectangle-inset-left.jpg?ve=1&amp;tl=1 2x\" height=\"378\" width=\"672\"><source media=\"(min-width: 1024px) and (max-width: 1279px)\" srcset=\"https:\/\/a57.foxnews.com\/static.foxnews.com\/foxnews.com\/content\/uploads\/2025\/02\/931\/523\/rectangle-inset-left.jpg?ve=1&amp;tl=1, https:\/\/a57.foxnews.com\/static.foxnews.com\/foxnews.com\/content\/uploads\/2025\/02\/1862\/1046\/rectangle-inset-left.jpg?ve=1&amp;tl=1 2x\" height=\"523\" width=\"931\"><source media=\"(min-width: 1280px)\" srcset=\"https:\/\/a57.foxnews.com\/static.foxnews.com\/foxnews.com\/content\/uploads\/2025\/02\/720\/405\/rectangle-inset-left.jpg?ve=1&amp;tl=1, https:\/\/a57.foxnews.com\/static.foxnews.com\/foxnews.com\/content\/uploads\/2025\/02\/1440\/810\/rectangle-inset-left.jpg?ve=1&amp;tl=1 2x\" height=\"405\" width=\"720\"><img loading=\"lazy\" decoding=\"async\" src=\"https:\/\/a57.foxnews.com\/static.foxnews.com\/foxnews.com\/content\/uploads\/2025\/02\/1200\/675\/rectangle-inset-left.jpg?ve=1&amp;tl=1\" alt=\"Split de Trump\/Gulf of America\" width=\"1200\" height=\"675\"\/><\/source><\/source><\/source><\/source><\/picture><\/div>\n<div class=\"info\">\n<div class=\"caption\">\n<p><span>Google Maps ha comenzado a referirse al Golfo de M\u00e9xico como el Golfo de Am\u00e9rica.<\/span> <span>(AP\/Google Maps)<\/span><\/p>\n<\/div>\n<\/div>\n<\/div>\n<p>\u00abSi es necesario, presentaremos una demanda civil\u00bb, agreg\u00f3. \u00abNuestra \u00e1rea legal ya est\u00e1 investigando lo que eso significar\u00eda, pero esperamos que (Google) reconsidere\u00bb.<\/p>\n<p>Adem\u00e1s de Google, la Administraci\u00f3n Federal de Aviaci\u00f3n (FAA) envi\u00f3 un aviso de gr\u00e1ficos que confirm\u00f3 que sus sistemas estaban en proceso de actualizar el nombre, adem\u00e1s de actualizar el reci\u00e9n llamado Mount McKinley en Alaska, anteriormente conocido como Denali.<\/p>\n<div class=\"image-ct inline\">\n<div class=\"m\"><picture><source media=\"(max-width: 767px)\" srcset=\"https:\/\/a57.foxnews.com\/static.foxnews.com\/foxnews.com\/content\/uploads\/2025\/02\/343\/192\/trump-gulf-of-america-air-force-one-feb.-9-2025-scaled.jpg?ve=1&amp;tl=1, https:\/\/a57.foxnews.com\/static.foxnews.com\/foxnews.com\/content\/uploads\/2025\/02\/686\/384\/trump-gulf-of-america-air-force-one-feb.-9-2025-scaled.jpg?ve=1&amp;tl=1 2x\" height=\"192\" width=\"343\"><source media=\"(min-width: 768px) and (max-width: 1023px)\" srcset=\"https:\/\/a57.foxnews.com\/static.foxnews.com\/foxnews.com\/content\/uploads\/2025\/02\/672\/378\/trump-gulf-of-america-air-force-one-feb.-9-2025-scaled.jpg?ve=1&amp;tl=1, https:\/\/a57.foxnews.com\/static.foxnews.com\/foxnews.com\/content\/uploads\/2025\/02\/1344\/756\/trump-gulf-of-america-air-force-one-feb.-9-2025-scaled.jpg?ve=1&amp;tl=1 2x\" height=\"378\" width=\"672\"><source media=\"(min-width: 1024px) and (max-width: 1279px)\" srcset=\"https:\/\/a57.foxnews.com\/static.foxnews.com\/foxnews.com\/content\/uploads\/2025\/02\/931\/523\/trump-gulf-of-america-air-force-one-feb.-9-2025-scaled.jpg?ve=1&amp;tl=1, https:\/\/a57.foxnews.com\/static.foxnews.com\/foxnews.com\/content\/uploads\/2025\/02\/1862\/1046\/trump-gulf-of-america-air-force-one-feb.-9-2025-scaled.jpg?ve=1&amp;tl=1 2x\" height=\"523\" width=\"931\"><source media=\"(min-width: 1280px)\" srcset=\"https:\/\/a57.foxnews.com\/static.foxnews.com\/foxnews.com\/content\/uploads\/2025\/02\/720\/405\/trump-gulf-of-america-air-force-one-feb.-9-2025-scaled.jpg?ve=1&amp;tl=1, https:\/\/a57.foxnews.com\/static.foxnews.com\/foxnews.com\/content\/uploads\/2025\/02\/1440\/810\/trump-gulf-of-america-air-force-one-feb.-9-2025-scaled.jpg?ve=1&amp;tl=1 2x\" height=\"405\" width=\"720\"><img loading=\"lazy\" decoding=\"async\" src=\"https:\/\/a57.foxnews.com\/static.foxnews.com\/foxnews.com\/content\/uploads\/2025\/02\/1200\/675\/trump-gulf-of-america-air-force-one-feb.-9-2025-scaled.jpg?ve=1&amp;tl=1\" alt=\"Trump en avi\u00f3n\" width=\"1200\" height=\"675\"\/><\/source><\/source><\/source><\/source><\/picture><\/div>\n<div class=\"info\">\n<div class=\"caption\">\n<p><span>El presidente Donald Trump, a la derecha, habla con los periodistas acompa\u00f1ados por el secretario del Interior Doug Burgum y la esposa de Burgum, Kathryn Burgum, a bordo de Air Force One, donde Trump firm\u00f3 una proclamaci\u00f3n que declar\u00f3 el D\u00eda del Golfo de Am\u00e9rica del 9 de febrero mientras viaja desde West Palm Beach, Fla. , a Nueva Orleans el domingo 9 de febrero de 2025. <\/span> <span>(AP Photo\/Ben Curtis)<\/span><\/p>\n<\/div>\n<\/div>\n<\/div>\n<p><strong><u>Haga clic aqu\u00ed para obtener la aplicaci\u00f3n Fox News<\/u><\/strong><\/p>\n<p>\u00abTenga en cuenta que la FAA est\u00e1 en el proceso de actualizar nuestros datos y gr\u00e1ficos para mostrar un cambio de nombre del <u>Golfo de M\u00e9xico<\/u> al Golfo de Am\u00e9rica y un cambio de nombre de Denali al Monte McKinley. Esto ser\u00e1 el objetivo del pr\u00f3ximo ciclo de publicaci\u00f3n \u00ab, dijo el aviso.<\/p>\n<p> <!----> <\/div>\n\n","protected":false},"excerpt":{"rendered":"<p>La presidenta mexicana Claudia Sheinbaum dijo el jueves que su gobierno estaba decidiendo si iniciar una demanda contra Google por renombrar al Golfo de M\u00e9xico, el Golfo de Am\u00e9rica en Google Maps. \u00abVamos a esperar. Ya estamos viendo, observando lo que esto significar\u00eda desde la perspectiva del asesoramiento legal, pero esperamos que hagan una revisi\u00f3n\u00bb, &hellip;<\/p>\n","protected":false},"author":1,"featured_media":14562,"comment_status":"open","ping_status":"open","sticky":false,"template":"","format":"standard","meta":{"fifu_image_url":"https:\/\/static.foxnews.com\/foxnews.com\/content\/uploads\/2024\/11\/trump-sheinbaum-2.jpg","fifu_image_alt":"","footnotes":""},"categories":[13],"tags":[],"class_list":["post-14560","post","type-post","status-publish","format-standard","has-post-thumbnail","","category-mundo"],"_links":{"self":[{"href":"https:\/\/noticiasveraces.com\/index.php?rest_route=\/wp\/v2\/posts\/14560","targetHints":{"allow":["GET"]}}],"collection":[{"href":"https:\/\/noticiasveraces.com\/index.php?rest_route=\/wp\/v2\/posts"}],"about":[{"href":"https:\/\/noticiasveraces.com\/index.php?rest_route=\/wp\/v2\/types\/post"}],"author":[{"embeddable":true,"href":"https:\/\/noticiasveraces.com\/index.php?rest_route=\/wp\/v2\/users\/1"}],"replies":[{"embeddable":true,"href":"https:\/\/noticiasveraces.com\/index.php?rest_route=%2Fwp%2Fv2%2Fcomments&post=14560"}],"version-history":[{"count":0,"href":"https:\/\/noticiasveraces.com\/index.php?rest_route=\/wp\/v2\/posts\/14560\/revisions"}],"wp:featuredmedia":[{"embeddable":true,"href":"https:\/\/noticiasveraces.com\/index.php?rest_route=\/wp\/v2\/media\/14562"}],"wp:attachment":[{"href":"https:\/\/noticiasveraces.com\/index.php?rest_route=%2Fwp%2Fv2%2Fmedia&parent=14560"}],"wp:term":[{"taxonomy":"category","embeddable":true,"href":"https:\/\/noticiasveraces.com\/index.php?rest_route=%2Fwp%2Fv2%2Fcategories&post=14560"},{"taxonomy":"post_tag","embeddable":true,"href":"https:\/\/noticiasveraces.com\/index.php?rest_route=%2Fwp%2Fv2%2Ftags&post=14560"}],"curies":[{"name":"wp","href":"https:\/\/api.w.org\/{rel}","templated":true}]}}