{"id":14543,"date":"2025-02-13T17:50:02","date_gmt":"2025-02-13T21:50:02","guid":{"rendered":"https:\/\/noticiasveraces.com\/?p=14543"},"modified":"2025-02-13T17:50:02","modified_gmt":"2025-02-13T21:50:02","slug":"rusia-afirma-que-trump-putin-talk-trajo-a-world-de-brink-of-apocalypse-la-ue-advierte-trucos-sucios","status":"publish","type":"post","link":"https:\/\/noticiasveraces.com\/?p=14543","title":{"rendered":"Rusia afirma que Trump, Putin Talk trajo a World de &#8216;Brink of Apocalypse&#8217;, la UE advierte &#8216;trucos sucios&#8217;"},"content":{"rendered":"<p> \n<\/p>\n<div>\n<p class=\"speakable\">El vicepresidente del Consejo de Seguridad de Rusia, Dmitry Medvedev, afirm\u00f3 el jueves que la reciente discusi\u00f3n celebrada entre el presidente Donald Trump y el presidente ruso Vladimir Putin trajo el mundo de regreso del \u00abborde del apocalipsis\u00bb.<\/p>\n<p class=\"speakable\">\u00abSucedi\u00f3 en alg\u00fan momento que Estados Unidos se design\u00f3 en el pa\u00eds en jefe en nuestro planeta con el derecho exclusivo de librar una guerra h\u00edbrida contra nuestra gente, para medir la justicia y otorgar perdones. Fue un grave error que Casi seca a la humanidad de la faz de la tierra \u00ab, dijo, sin mencionar que Occidente se uni\u00f3 detr\u00e1s de Ucrania contra Rusia despu\u00e9s de que Mosc\u00fa lanz\u00f3 la mayor invasi\u00f3n de una naci\u00f3n europea desde la Segunda Guerra Mundial.<\/p>\n<p>\u00abEsta es una lecci\u00f3n que debe ser aprendida por las arrogantes \u00e9lites estadounidenses y el llamado estado profundo\u00bb, continu\u00f3 Medvedev. \u00abCuanto m\u00e1s r\u00e1pido nuestros adversarios se dan cuenta de esto, mejor.<\/p>\n<p>\u00abSi no lo hacen &#8230; el reloj del Doomsday seguir\u00e1 marcando hacia la medianoche\u00bb, agreg\u00f3, amenazando con la escalada nuclear. <\/p>\n<div class=\"image-ct inline\">\n<div class=\"m\"><picture><source media=\"(max-width: 767px)\" srcset=\"https:\/\/a57.foxnews.com\/static.foxnews.com\/foxnews.com\/content\/uploads\/2025\/02\/343\/192\/donald-trump-white-house.jpg?ve=1&amp;tl=1, https:\/\/a57.foxnews.com\/static.foxnews.com\/foxnews.com\/content\/uploads\/2025\/02\/686\/384\/donald-trump-white-house.jpg?ve=1&amp;tl=1 2x\" height=\"192\" width=\"343\"><source media=\"(min-width: 768px) and (max-width: 1023px)\" srcset=\"https:\/\/a57.foxnews.com\/static.foxnews.com\/foxnews.com\/content\/uploads\/2025\/02\/672\/378\/donald-trump-white-house.jpg?ve=1&amp;tl=1, https:\/\/a57.foxnews.com\/static.foxnews.com\/foxnews.com\/content\/uploads\/2025\/02\/1344\/756\/donald-trump-white-house.jpg?ve=1&amp;tl=1 2x\" height=\"378\" width=\"672\"><source media=\"(min-width: 1024px) and (max-width: 1279px)\" srcset=\"https:\/\/a57.foxnews.com\/static.foxnews.com\/foxnews.com\/content\/uploads\/2025\/02\/931\/523\/donald-trump-white-house.jpg?ve=1&amp;tl=1, https:\/\/a57.foxnews.com\/static.foxnews.com\/foxnews.com\/content\/uploads\/2025\/02\/1862\/1046\/donald-trump-white-house.jpg?ve=1&amp;tl=1 2x\" height=\"523\" width=\"931\"><source media=\"(min-width: 1280px)\" srcset=\"https:\/\/a57.foxnews.com\/static.foxnews.com\/foxnews.com\/content\/uploads\/2025\/02\/720\/405\/donald-trump-white-house.jpg?ve=1&amp;tl=1, https:\/\/a57.foxnews.com\/static.foxnews.com\/foxnews.com\/content\/uploads\/2025\/02\/1440\/810\/donald-trump-white-house.jpg?ve=1&amp;tl=1 2x\" height=\"405\" width=\"720\"><img loading=\"lazy\" decoding=\"async\" src=\"https:\/\/a57.foxnews.com\/static.foxnews.com\/foxnews.com\/content\/uploads\/2025\/02\/1200\/675\/donald-trump-white-house.jpg?ve=1&amp;tl=1\" alt=\"Donald Trump en la Casa Blanca\" width=\"1200\" height=\"675\"\/><\/source><\/source><\/source><\/source><\/picture><\/div>\n<div class=\"info\">\n<div class=\"caption\">\n<p><span>El presidente Donald Trump habla con los periodistas de la Casa Blanca despu\u00e9s de hablar con el presidente ruso Vladimir Putin para terminar la guerra con Ucrania el mi\u00e9rcoles.<\/span> <span>(AP\/Alex Brandon)<\/span><\/p>\n<\/div>\n<\/div>\n<\/div>\n<p><strong>Ucrania aboga por hegseth por dar a Rusia &#8216;concesiones&#8217; al comienzo de las conversaciones de paz: &#8216;regalo m\u00e1s grande&#8217;<\/strong><\/p>\n<p>Trump una vez m\u00e1s provoc\u00f3 ondas de choque geopol\u00edticas despu\u00e9s de su llamada del mi\u00e9rcoles con Putin cuando dijo en un puesto social de la verdad que las conversaciones de paz comenzar\u00e1n \u00abinmediatamente\u00bb, comentarios que se produjeron solo unas horas despu\u00e9s de que el secretario de defensa de los Estados Unidos, Pete Hegseth para unirse a la alianza de la OTAN. <\/p>\n<p>Los l\u00edderes europeos reaccionaron r\u00e1pidamente con la preocupaci\u00f3n por los comentarios de Washington y Mosc\u00fa, incluida la jefa de pol\u00edtica exterior de la UE, Kaja Kallas, quien le dijo a Fox News Digital: \u00abNo es sabio entregar las demandas clave de Rusia incluso antes de que comiencen las negociaciones\u00bb.<\/p>\n<p>\u00abCualquier acuerdo de paz requiere la participaci\u00f3n total de los europeos y los ucranianos para tener \u00e9xito\u00bb, continu\u00f3. \u00abLas soluciones r\u00e1pidas son solo ofertas sucias.<\/p>\n<p>\u00abPutin solo responde a la fuerza. Ucrania se resiste a la invasi\u00f3n de Rusia, y tienen nuestro pleno apoyo. Un mal negocio para Ucrania es un mal negocio para Estados Unidos y envalentonar\u00e1 a China\u00bb, dijo Kallas. <\/p>\n<p>Los comentarios de Kallas se produjeron despu\u00e9s de que se reuni\u00f3 con los ministros de defensa de la OTAN, que de manera similar salieron en apoyo de Ucrania y emitieron advertencias a Washington. <\/p>\n<p>El ministro de Defensa de Lituania, Dovile Sakaliene, dijo que los l\u00edderes de la OTAN se enfrentan a \u00abdiscusiones dif\u00edciles\u00bb con \u00abdos opciones obvias\u00bb.<\/p>\n<p>\u00abSi decidimos caer bajo la ilusi\u00f3n de que Trump y el Sr. Putin van a encontrar una soluci\u00f3n para todos nosotros, y esa ser\u00eda una trampa mortal\u00bb, dijo. \u00abO, como Europa, adoptaremos nuestra propia capacidad econ\u00f3mica, financiera y militar. Y seremos los que decidiremos qu\u00e9 suceder\u00e1 en Europa y Ucrania con los Estados Unidos\u00bb.<\/p>\n<div class=\"image-ct inline\">\n<div class=\"m\"><picture><source media=\"(max-width: 767px)\" srcset=\"https:\/\/a57.foxnews.com\/static.foxnews.com\/foxnews.com\/content\/uploads\/2024\/12\/343\/192\/north-south.jpg?ve=1&amp;tl=1, https:\/\/a57.foxnews.com\/static.foxnews.com\/foxnews.com\/content\/uploads\/2024\/12\/686\/384\/north-south.jpg?ve=1&amp;tl=1 2x\" height=\"192\" width=\"343\"><source media=\"(min-width: 768px) and (max-width: 1023px)\" srcset=\"https:\/\/a57.foxnews.com\/static.foxnews.com\/foxnews.com\/content\/uploads\/2024\/12\/672\/378\/north-south.jpg?ve=1&amp;tl=1, https:\/\/a57.foxnews.com\/static.foxnews.com\/foxnews.com\/content\/uploads\/2024\/12\/1344\/756\/north-south.jpg?ve=1&amp;tl=1 2x\" height=\"378\" width=\"672\"><source media=\"(min-width: 1024px) and (max-width: 1279px)\" srcset=\"https:\/\/a57.foxnews.com\/static.foxnews.com\/foxnews.com\/content\/uploads\/2024\/12\/931\/523\/north-south.jpg?ve=1&amp;tl=1, https:\/\/a57.foxnews.com\/static.foxnews.com\/foxnews.com\/content\/uploads\/2024\/12\/1862\/1046\/north-south.jpg?ve=1&amp;tl=1 2x\" height=\"523\" width=\"931\"><source media=\"(min-width: 1280px)\" srcset=\"https:\/\/a57.foxnews.com\/static.foxnews.com\/foxnews.com\/content\/uploads\/2024\/12\/720\/405\/north-south.jpg?ve=1&amp;tl=1, https:\/\/a57.foxnews.com\/static.foxnews.com\/foxnews.com\/content\/uploads\/2024\/12\/1440\/810\/north-south.jpg?ve=1&amp;tl=1 2x\" height=\"405\" width=\"720\"><img loading=\"lazy\" decoding=\"async\" src=\"https:\/\/a57.foxnews.com\/static.foxnews.com\/foxnews.com\/content\/uploads\/2024\/12\/1200\/675\/north-south.jpg?ve=1&amp;tl=1\" alt=\"Cumbre del Norte del Sur\" width=\"1200\" height=\"675\"\/><\/source><\/source><\/source><\/source><\/picture><\/div>\n<div class=\"info\">\n<div class=\"caption\">\n<p><span>Desde la izquierda: el primer ministro sueco Ulf Kristersson, el primer ministro italiano Giorgia Meloni, el primer ministro finland\u00e9s Petteri Orpo, el jefe de pol\u00edtica exterior de la UE Kaja Kallas y el primer ministro Kyriakos Mitsotakis de Grecia asisten a una conferencia de prensa en Saariselka, lapland de finland\u00e9s, el 22 de diciembre de 2024, 2024 de diciembre de 2024 .<\/span> <span>(Lehtikuva\/Antti Aimo-Koivisto a trav\u00e9s de Reuters)<\/span><\/p>\n<\/div>\n<\/div>\n<\/div>\n<p>Adem\u00e1s, el ministro de Defensa de Estonia, Hanno Pevkur, advirti\u00f3: \u00abTenemos que entender que no habr\u00e1 paz sin Ucrania\u00bb. <\/p>\n<p>\u00abNo puede ser para que alguien venga y diga cu\u00e1ndo hablar. Tiene que ser Ucrania\u00bb, agreg\u00f3. <\/p>\n<p>El portavoz presidencial ruso, Dmitry Peskov, dijo el jueves que Putin estar\u00eda \u00abcomplacido\u00bb para dar la bienvenida a los l\u00edderes internacionales, incluido Trump, a Mosc\u00fa en mayo.<\/p>\n<p>Los l\u00edderes europeos reaccionaron con aparente preocupaci\u00f3n por los comentarios de Trump y el Kremlin y dijeron que no puede haber un acuerdo de paz sin la participaci\u00f3n directa de la UE y el ucraniano.<\/p>\n<p><strong>A algunos cr\u00edticos les preocupaba que Trump har\u00e1 que Ucrania renuncie demasiado por el acuerdo de paz con Rusia<\/strong><\/p>\n<p>Del mismo modo, el primer ministro del Reino Unido, Keir Starmer, dijo: \u00abNo puede haber negociaciones sobre Ucrania sin que Ucrania est\u00e9 en el centro de la misma\u00bb.<\/p>\n<p>Siete l\u00edderes europeos del Reino Unido, Francia, Alemania, Polonia, Italia, Espa\u00f1a y la UE emitieron una declaraci\u00f3n conjunta el mi\u00e9rcoles e insistieron en que deber\u00edan ser parte de cualquier negociaci\u00f3n sobre el futuro de Ucrania. <\/p>\n<p>\u00abNuestros objetivos compartidos deber\u00edan ser poner a Ucrania en una posici\u00f3n de fuerza\u00bb, dijo el comunicado. \u00abUcrania y Europa deben ser parte de cualquier negociaci\u00f3n\u00bb.<\/p>\n<div class=\"image-ct inline\">\n<div class=\"m\"><picture><source media=\"(max-width: 767px)\" srcset=\"https:\/\/a57.foxnews.com\/static.foxnews.com\/foxnews.com\/content\/uploads\/2024\/06\/343\/192\/Zelenskyy-7.png?ve=1&amp;tl=1, https:\/\/a57.foxnews.com\/static.foxnews.com\/foxnews.com\/content\/uploads\/2024\/06\/686\/384\/Zelenskyy-7.png?ve=1&amp;tl=1 2x\" height=\"192\" width=\"343\"><source media=\"(min-width: 768px) and (max-width: 1023px)\" srcset=\"https:\/\/a57.foxnews.com\/static.foxnews.com\/foxnews.com\/content\/uploads\/2024\/06\/672\/378\/Zelenskyy-7.png?ve=1&amp;tl=1, https:\/\/a57.foxnews.com\/static.foxnews.com\/foxnews.com\/content\/uploads\/2024\/06\/1344\/756\/Zelenskyy-7.png?ve=1&amp;tl=1 2x\" height=\"378\" width=\"672\"><source media=\"(min-width: 1024px) and (max-width: 1279px)\" srcset=\"https:\/\/a57.foxnews.com\/static.foxnews.com\/foxnews.com\/content\/uploads\/2024\/06\/931\/523\/Zelenskyy-7.png?ve=1&amp;tl=1, https:\/\/a57.foxnews.com\/static.foxnews.com\/foxnews.com\/content\/uploads\/2024\/06\/1862\/1046\/Zelenskyy-7.png?ve=1&amp;tl=1 2x\" height=\"523\" width=\"931\"><source media=\"(min-width: 1280px)\" srcset=\"https:\/\/a57.foxnews.com\/static.foxnews.com\/foxnews.com\/content\/uploads\/2024\/06\/720\/405\/Zelenskyy-7.png?ve=1&amp;tl=1, https:\/\/a57.foxnews.com\/static.foxnews.com\/foxnews.com\/content\/uploads\/2024\/06\/1440\/810\/Zelenskyy-7.png?ve=1&amp;tl=1 2x\" height=\"405\" width=\"720\"><img loading=\"lazy\" decoding=\"async\" src=\"https:\/\/a57.foxnews.com\/static.foxnews.com\/foxnews.com\/content\/uploads\/2024\/06\/1200\/675\/Zelenskyy-7.png?ve=1&amp;tl=1\" alt=\"Volodymyr Zelenskyy habla durante una conferencia de prensa\" width=\"1200\" height=\"675\"\/><\/source><\/source><\/source><\/source><\/picture><\/div>\n<div class=\"info\">\n<div class=\"caption\">\n<p><span>El presidente Volodymyr Zelenskyy confirm\u00f3 que habl\u00f3 con el presidente Donald Trump el jueves sobre el final de la guerra con Rusia.<\/span> <span>(AP Photo\/Laurent Cipriani)<\/span><\/p>\n<\/div>\n<\/div>\n<\/div>\n<p><strong>Haga clic aqu\u00ed para obtener la aplicaci\u00f3n Fox News<\/strong><\/p>\n<p>El presidente ucraniano, Volodymyr Zelenskyy, dijo a principios de esta semana que estar\u00eda dispuesto a intercambiar la tierra que Ucrania ha incautado en Rusia por la tierra ocupada por las tropas de Mosc\u00fa en sus regiones orientales. <\/p>\n<p>El presidente ucraniano dijo que tambi\u00e9n habl\u00f3 con Trump despu\u00e9s de su llamada con Putin el mi\u00e9rcoles sobre una \u00abpaz confiable y confiable\u00bb.<\/p>\n<p> <!----> <\/p>\n<div class=\"article-meta\">\n<div class=\"author-bio\">\n<p>Caitlin McFall es reportero de Fox News Digital Cubting Politics, US y World News.<\/p>\n<\/div>\n<\/div>\n<\/div>\n\n","protected":false},"excerpt":{"rendered":"<p>El vicepresidente del Consejo de Seguridad de Rusia, Dmitry Medvedev, afirm\u00f3 el jueves que la reciente discusi\u00f3n celebrada entre el presidente Donald Trump y el presidente ruso Vladimir Putin trajo el mundo de regreso del \u00abborde del apocalipsis\u00bb. \u00abSucedi\u00f3 en alg\u00fan momento que Estados Unidos se design\u00f3 en el pa\u00eds en jefe en nuestro planeta &hellip;<\/p>\n","protected":false},"author":1,"featured_media":14545,"comment_status":"open","ping_status":"open","sticky":false,"template":"","format":"standard","meta":{"fifu_image_url":"https:\/\/static.foxnews.com\/foxnews.com\/content\/uploads\/2025\/01\/zelenskyy-putin-trump.png","fifu_image_alt":"","footnotes":""},"categories":[13],"tags":[],"class_list":["post-14543","post","type-post","status-publish","format-standard","has-post-thumbnail","","category-mundo"],"_links":{"self":[{"href":"https:\/\/noticiasveraces.com\/index.php?rest_route=\/wp\/v2\/posts\/14543","targetHints":{"allow":["GET"]}}],"collection":[{"href":"https:\/\/noticiasveraces.com\/index.php?rest_route=\/wp\/v2\/posts"}],"about":[{"href":"https:\/\/noticiasveraces.com\/index.php?rest_route=\/wp\/v2\/types\/post"}],"author":[{"embeddable":true,"href":"https:\/\/noticiasveraces.com\/index.php?rest_route=\/wp\/v2\/users\/1"}],"replies":[{"embeddable":true,"href":"https:\/\/noticiasveraces.com\/index.php?rest_route=%2Fwp%2Fv2%2Fcomments&post=14543"}],"version-history":[{"count":0,"href":"https:\/\/noticiasveraces.com\/index.php?rest_route=\/wp\/v2\/posts\/14543\/revisions"}],"wp:featuredmedia":[{"embeddable":true,"href":"https:\/\/noticiasveraces.com\/index.php?rest_route=\/wp\/v2\/media\/14545"}],"wp:attachment":[{"href":"https:\/\/noticiasveraces.com\/index.php?rest_route=%2Fwp%2Fv2%2Fmedia&parent=14543"}],"wp:term":[{"taxonomy":"category","embeddable":true,"href":"https:\/\/noticiasveraces.com\/index.php?rest_route=%2Fwp%2Fv2%2Fcategories&post=14543"},{"taxonomy":"post_tag","embeddable":true,"href":"https:\/\/noticiasveraces.com\/index.php?rest_route=%2Fwp%2Fv2%2Ftags&post=14543"}],"curies":[{"name":"wp","href":"https:\/\/api.w.org\/{rel}","templated":true}]}}