{"id":14532,"date":"2025-02-13T16:45:17","date_gmt":"2025-02-13T20:45:17","guid":{"rendered":"https:\/\/noticiasveraces.com\/?p=14532"},"modified":"2025-02-13T16:45:17","modified_gmt":"2025-02-13T20:45:17","slug":"vance-tours-dachau-concentation-camp-antes-de-la-conferencia-de-seguridad-de-munich-que-malvado-maldito","status":"publish","type":"post","link":"https:\/\/noticiasveraces.com\/?p=14532","title":{"rendered":"Vance Tours Dachau Concentation Camp antes de la Conferencia de Seguridad de Munich: \u00abQu\u00e9 malvado maldito\u00bb"},"content":{"rendered":"<p> \n<\/p>\n<div>\n<p class=\"speakable\">El vicepresidente JD Vance recorri\u00f3 el campamento de concentraci\u00f3n de Dachau en Alemania el jueves antes de la Conferencia de Seguridad de Munich y una reuni\u00f3n con el presidente ucraniano Volodymyr Zelenskyy establecido para el viernes.<\/p>\n<p class=\"speakable\">Vance y su esposa, la segunda dama Usha Vance, recorrieron el sitio que se ha convertido en un poderoso s\u00edmbolo de las atrocidades cometidas por la Alemania nazi contra jud\u00edos y otros grupos minoritarios durante la Segunda Guerra Mundial.<\/p>\n<p>\u00abLo que sucedi\u00f3 aqu\u00ed nunca deber\u00eda volver a suceder\u00bb, dijo Vance a un grupo de dignatarios cerca de la entrada al campamento.<\/p>\n<div class=\"image-ct inline\">\n<div class=\"m\"><picture><source media=\"(max-width: 767px)\" srcset=\"https:\/\/a57.foxnews.com\/static.foxnews.com\/foxnews.com\/content\/uploads\/2025\/02\/343\/192\/vance.jpg?ve=1&amp;tl=1, https:\/\/a57.foxnews.com\/static.foxnews.com\/foxnews.com\/content\/uploads\/2025\/02\/686\/384\/vance.jpg?ve=1&amp;tl=1 2x\" height=\"192\" width=\"343\"><source media=\"(min-width: 768px) and (max-width: 1023px)\" srcset=\"https:\/\/a57.foxnews.com\/static.foxnews.com\/foxnews.com\/content\/uploads\/2025\/02\/672\/378\/vance.jpg?ve=1&amp;tl=1, https:\/\/a57.foxnews.com\/static.foxnews.com\/foxnews.com\/content\/uploads\/2025\/02\/1344\/756\/vance.jpg?ve=1&amp;tl=1 2x\" height=\"378\" width=\"672\"><source media=\"(min-width: 1024px) and (max-width: 1279px)\" srcset=\"https:\/\/a57.foxnews.com\/static.foxnews.com\/foxnews.com\/content\/uploads\/2025\/02\/931\/523\/vance.jpg?ve=1&amp;tl=1, https:\/\/a57.foxnews.com\/static.foxnews.com\/foxnews.com\/content\/uploads\/2025\/02\/1862\/1046\/vance.jpg?ve=1&amp;tl=1 2x\" height=\"523\" width=\"931\"><source media=\"(min-width: 1280px)\" srcset=\"https:\/\/a57.foxnews.com\/static.foxnews.com\/foxnews.com\/content\/uploads\/2025\/02\/720\/405\/vance.jpg?ve=1&amp;tl=1, https:\/\/a57.foxnews.com\/static.foxnews.com\/foxnews.com\/content\/uploads\/2025\/02\/1440\/810\/vance.jpg?ve=1&amp;tl=1 2x\" height=\"405\" width=\"720\"><img loading=\"lazy\" decoding=\"async\" src=\"https:\/\/a57.foxnews.com\/static.foxnews.com\/foxnews.com\/content\/uploads\/2025\/02\/1200\/675\/vance.jpg?ve=1&amp;tl=1\" alt=\"Vance en Dachau\" width=\"1200\" height=\"675\"\/><\/source><\/source><\/source><\/source><\/picture><\/div>\n<div class=\"info\">\n<div class=\"caption\">\n<p><span>El vicepresidente JD Vance visita el campamento de concentraci\u00f3n de Dachau el 13 de febrero de 2025, despu\u00e9s de su llegada a Baviera para conmemorar a las v\u00edctimas y sobrevivientes del r\u00e9gimen terrorista nazi y el 80 aniversario de la liberaci\u00f3n del campamento por las fuerzas estadounidenses el 29 de abril de 1945. <\/span> <span>(Peter Kneffel\/Picture Alliance a trav\u00e9s de Getty Images)<\/span><\/p>\n<\/div>\n<\/div>\n<\/div>\n<p><strong>El conductor del autom\u00f3vil en Munich se presenta a la multitud 1 d\u00eda antes de que Vance y los l\u00edderes mundiales se re\u00fanan para la Conferencia de Seguridad.<\/strong><\/p>\n<p> \u00abHe le\u00eddo mucho en libros\u00bb, agreg\u00f3. \u00abPero estar aqu\u00ed, y verlo de cerca en persona, realmente lleva a casa lo que se cometi\u00f3 el mal indescriptible y por qu\u00e9 deber\u00edamos comprometernos a garantizar que nunca vuelva a suceder\u00bb.<\/p>\n<p>La pareja, que recorri\u00f3 el sitio junto a Abba Naor, de 96 a\u00f1os, un sobreviviente del Holocausto que era un recluso en Dachau, tambi\u00e9n coloc\u00f3 una corona de corona con una cinta roja, blanca y azul en la base del monumento internacional: una escultura de bronce que representa a los humanos enredados en alambre de p\u00faas.<\/p>\n<p>Luego se detuvieron en una pared que lee \u00abnunca m\u00e1s\u00bb en cinco idiomas diferentes. Frente a la pared se encuentra una urna con las cenizas de un prisionero desconocido.<\/p>\n<div class=\"image-ct inline\">\n<div class=\"m\"><picture><source media=\"(max-width: 767px)\" srcset=\"https:\/\/a57.foxnews.com\/static.foxnews.com\/foxnews.com\/content\/uploads\/2025\/02\/343\/192\/vance-2.jpg?ve=1&amp;tl=1, https:\/\/a57.foxnews.com\/static.foxnews.com\/foxnews.com\/content\/uploads\/2025\/02\/686\/384\/vance-2.jpg?ve=1&amp;tl=1 2x\" height=\"192\" width=\"343\"><source media=\"(min-width: 768px) and (max-width: 1023px)\" srcset=\"https:\/\/a57.foxnews.com\/static.foxnews.com\/foxnews.com\/content\/uploads\/2025\/02\/672\/378\/vance-2.jpg?ve=1&amp;tl=1, https:\/\/a57.foxnews.com\/static.foxnews.com\/foxnews.com\/content\/uploads\/2025\/02\/1344\/756\/vance-2.jpg?ve=1&amp;tl=1 2x\" height=\"378\" width=\"672\"><source media=\"(min-width: 1024px) and (max-width: 1279px)\" srcset=\"https:\/\/a57.foxnews.com\/static.foxnews.com\/foxnews.com\/content\/uploads\/2025\/02\/931\/523\/vance-2.jpg?ve=1&amp;tl=1, https:\/\/a57.foxnews.com\/static.foxnews.com\/foxnews.com\/content\/uploads\/2025\/02\/1862\/1046\/vance-2.jpg?ve=1&amp;tl=1 2x\" height=\"523\" width=\"931\"><source media=\"(min-width: 1280px)\" srcset=\"https:\/\/a57.foxnews.com\/static.foxnews.com\/foxnews.com\/content\/uploads\/2025\/02\/720\/405\/vance-2.jpg?ve=1&amp;tl=1, https:\/\/a57.foxnews.com\/static.foxnews.com\/foxnews.com\/content\/uploads\/2025\/02\/1440\/810\/vance-2.jpg?ve=1&amp;tl=1 2x\" height=\"405\" width=\"720\"><img loading=\"lazy\" decoding=\"async\" src=\"https:\/\/a57.foxnews.com\/static.foxnews.com\/foxnews.com\/content\/uploads\/2025\/02\/1200\/675\/vance-2.jpg?ve=1&amp;tl=1\" alt=\"Vance visita el campo de concentraci\u00f3n de Dachua con sobreviviente del Holocausto\" width=\"1200\" height=\"675\"\/><\/source><\/source><\/source><\/source><\/picture><\/div>\n<div class=\"info\">\n<div class=\"caption\">\n<p><span>El vicepresidente JD Vance, la segunda dama Usha Vance y el sobreviviente del Holocausto, Abba Naor, recorren el sitio Memorial del Campamento de Concentraci\u00f3n de Dachau en Alemania, el 13 de febrero de 2025.<\/span> <span>(Tobias Schwarz\/AFP a trav\u00e9s de Getty Images)<\/span><\/p>\n<\/div>\n<\/div>\n<\/div>\n<p><strong>Rusia afirma que Trump, Putin Talk trajo a World de &#8216;Brink of Apocalypse&#8217;, la UE advierte sobre &#8216;trucos sucios&#8217;<\/strong><\/p>\n<p>M\u00e1s de 200,000 personas fueron celebradas en Dachau entre 1933-1945 y los expertos creen que m\u00e1s de 40,000 personas fueron asesinadas all\u00ed. <\/p>\n<p>Vance es el \u00faltimo alto funcionario estadounidense en visitar el sitio. Fue recorrido por el presidente Joe Biden, tanto como vicepresidente durante la administraci\u00f3n de Obama y como comandante en jefe, as\u00ed como por el vicepresidente Mike Pence durante la primera administraci\u00f3n Trump. <\/p>\n<p>\u00abRealmente estoy realmente conmovido por este sitio\u00bb, dijo Vance. \u00abEs muy importante que est\u00e9 aqu\u00ed, y es muy importante que aquellos de nosotros que tenemos la suerte de estar vivos y podemos caminar, podamos saber lo que sucedi\u00f3 aqu\u00ed y comprometernos a hacer todo para evitar que vuelva a suceder\u00bb.<\/p>\n<div class=\"image-ct inline\">\n<div class=\"m\"><picture><source media=\"(max-width: 767px)\" srcset=\"https:\/\/a57.foxnews.com\/static.foxnews.com\/foxnews.com\/content\/uploads\/2025\/02\/343\/192\/vance-3.jpg?ve=1&amp;tl=1, https:\/\/a57.foxnews.com\/static.foxnews.com\/foxnews.com\/content\/uploads\/2025\/02\/686\/384\/vance-3.jpg?ve=1&amp;tl=1 2x\" height=\"192\" width=\"343\"><source media=\"(min-width: 768px) and (max-width: 1023px)\" srcset=\"https:\/\/a57.foxnews.com\/static.foxnews.com\/foxnews.com\/content\/uploads\/2025\/02\/672\/378\/vance-3.jpg?ve=1&amp;tl=1, https:\/\/a57.foxnews.com\/static.foxnews.com\/foxnews.com\/content\/uploads\/2025\/02\/1344\/756\/vance-3.jpg?ve=1&amp;tl=1 2x\" height=\"378\" width=\"672\"><source media=\"(min-width: 1024px) and (max-width: 1279px)\" srcset=\"https:\/\/a57.foxnews.com\/static.foxnews.com\/foxnews.com\/content\/uploads\/2025\/02\/931\/523\/vance-3.jpg?ve=1&amp;tl=1, https:\/\/a57.foxnews.com\/static.foxnews.com\/foxnews.com\/content\/uploads\/2025\/02\/1862\/1046\/vance-3.jpg?ve=1&amp;tl=1 2x\" height=\"523\" width=\"931\"><source media=\"(min-width: 1280px)\" srcset=\"https:\/\/a57.foxnews.com\/static.foxnews.com\/foxnews.com\/content\/uploads\/2025\/02\/720\/405\/vance-3.jpg?ve=1&amp;tl=1, https:\/\/a57.foxnews.com\/static.foxnews.com\/foxnews.com\/content\/uploads\/2025\/02\/1440\/810\/vance-3.jpg?ve=1&amp;tl=1 2x\" height=\"405\" width=\"720\"><img loading=\"lazy\" decoding=\"async\" src=\"https:\/\/a57.foxnews.com\/static.foxnews.com\/foxnews.com\/content\/uploads\/2025\/02\/1200\/675\/vance-3.jpg?ve=1&amp;tl=1\" alt=\"Vance y su esposa Usha Tour Dachau Concentation Camp\" width=\"1200\" height=\"675\"\/><\/source><\/source><\/source><\/source><\/picture><\/div>\n<div class=\"info\">\n<div class=\"caption\">\n<p><span>El vicepresidente JD Vance y su esposa Usha Vance colocaron una corona en el antiguo campo de concentraci\u00f3n de Dachau el 13 de febrero de 2025.<\/span> <span>(Peter Kneffel\/Picture Alliance a trav\u00e9s de Getty Images)<\/span><\/p>\n<\/div>\n<\/div>\n<\/div>\n<p><strong>Haga clic aqu\u00ed para obtener la aplicaci\u00f3n Fox News<\/strong><\/p>\n<p>El viaje de cinco d\u00edas de Vance a Europa tambi\u00e9n incluir\u00e1 su asistencia a la Conferencia de Seguridad de Munich, que comienza el viernes. <\/p>\n<p>All\u00ed se reunir\u00e1 con l\u00edderes mundiales, incluidos Zelenskyy, junto con el Secretario de Estado Marco Rubio.<\/p>\n<p>Se espera que Vance y el presidente ucraniano discutan los planes del presidente Donald Trump para terminar la guerra de tres a\u00f1os. <\/p>\n<p> <!----> <\/p>\n<div class=\"article-meta\">\n<div class=\"author-bio\">\n<p>Caitlin McFall es reportero de Fox News Digital Cubting Politics, US y World News.<\/p>\n<\/div>\n<\/div>\n<\/div>\n\n","protected":false},"excerpt":{"rendered":"<p>El vicepresidente JD Vance recorri\u00f3 el campamento de concentraci\u00f3n de Dachau en Alemania el jueves antes de la Conferencia de Seguridad de Munich y una reuni\u00f3n con el presidente ucraniano Volodymyr Zelenskyy establecido para el viernes. Vance y su esposa, la segunda dama Usha Vance, recorrieron el sitio que se ha convertido en un poderoso &hellip;<\/p>\n","protected":false},"author":1,"featured_media":14534,"comment_status":"open","ping_status":"open","sticky":false,"template":"","format":"standard","meta":{"fifu_image_url":"https:\/\/static.foxnews.com\/foxnews.com\/content\/uploads\/2025\/02\/vance.jpg","fifu_image_alt":"","footnotes":""},"categories":[13],"tags":[],"class_list":["post-14532","post","type-post","status-publish","format-standard","has-post-thumbnail","","category-mundo"],"_links":{"self":[{"href":"https:\/\/noticiasveraces.com\/index.php?rest_route=\/wp\/v2\/posts\/14532","targetHints":{"allow":["GET"]}}],"collection":[{"href":"https:\/\/noticiasveraces.com\/index.php?rest_route=\/wp\/v2\/posts"}],"about":[{"href":"https:\/\/noticiasveraces.com\/index.php?rest_route=\/wp\/v2\/types\/post"}],"author":[{"embeddable":true,"href":"https:\/\/noticiasveraces.com\/index.php?rest_route=\/wp\/v2\/users\/1"}],"replies":[{"embeddable":true,"href":"https:\/\/noticiasveraces.com\/index.php?rest_route=%2Fwp%2Fv2%2Fcomments&post=14532"}],"version-history":[{"count":0,"href":"https:\/\/noticiasveraces.com\/index.php?rest_route=\/wp\/v2\/posts\/14532\/revisions"}],"wp:featuredmedia":[{"embeddable":true,"href":"https:\/\/noticiasveraces.com\/index.php?rest_route=\/wp\/v2\/media\/14534"}],"wp:attachment":[{"href":"https:\/\/noticiasveraces.com\/index.php?rest_route=%2Fwp%2Fv2%2Fmedia&parent=14532"}],"wp:term":[{"taxonomy":"category","embeddable":true,"href":"https:\/\/noticiasveraces.com\/index.php?rest_route=%2Fwp%2Fv2%2Fcategories&post=14532"},{"taxonomy":"post_tag","embeddable":true,"href":"https:\/\/noticiasveraces.com\/index.php?rest_route=%2Fwp%2Fv2%2Ftags&post=14532"}],"curies":[{"name":"wp","href":"https:\/\/api.w.org\/{rel}","templated":true}]}}