{"id":14509,"date":"2025-02-13T11:25:23","date_gmt":"2025-02-13T15:25:23","guid":{"rendered":"https:\/\/noticiasveraces.com\/?p=14509"},"modified":"2025-02-13T11:25:23","modified_gmt":"2025-02-13T15:25:23","slug":"el-hijo-de-una-pareja-con-alzheimer-entrega-90-000-firmas-para-que-vivan-juntos-en-una-residencia-no-hay-los-voy-un-separar-sociedad","status":"publish","type":"post","link":"https:\/\/noticiasveraces.com\/?p=14509","title":{"rendered":"El hijo de una pareja con alzh\u00e9imer entrega 90.000 firmas para que vivan juntos en una residencia: \u00abNo hay los voy un separar\u00bb | Sociedad"},"content":{"rendered":"<p> \n<\/p>\n<div data-dtm-region=\"articulo_cuerpo\">\n<p class=\"\">Jos\u00e9 Hern\u00e1ndez, El hijo de desiderio hern\u00e1ndez (84) y mar\u00eda soldadada dom\u00ednguez (80), un matrimonio de personas mayores con alzh\u00e9imer en Plasencia (C\u00e1ceres), ha entregado este jueves a lawunta de extremoDura la 90.000 firmas ques ha rec\u00e9gido a aza La Platlaforma <i>Cambio.org<\/i><i> <\/i>Para Pedir que se les asigne una Misma Residencia y no se lepare Tras 60 A\u00f1os de Casados. Solicita, Tambi\u00e9n, Que se Modifiquen los Reales Criterios de Asignaci\u00f3n de Laszas en la Comunidad para que \u00ablos matrimonios tengan preferencia de ira una residencia Juntos, especial de especialidad si tienen una sefredad degenerativa\u00bb, explica.<\/p>\n<p class=\"\">En octubre del A\u00f1o Pasado, Este Peri\u00f3dico Publicaba la Historia del Matrimonio y la Lucha de Su Hijo para que Padres no sean separados al Ingresar a una residencia. En su Momento, \u00c9l Estaba Valorado Con Un Grado Dos de Dependencia, Lo Cual le Daba Derecho A UNA Residencia \u00abSigue en Lada de Esera -, y Ella, Conun Grado Uno, no lo Ten\u00eda. Hace Unas Semanas, Un T\u00e9cnico, Junto a Un Neur\u00f3logo, Visitaron a la Familia para evaluar a la Madre de Nueva: Le Dijeron, Aunque Todav\u00eda Falta El Resultado por Escrito, que su Madre Ten\u00eda Grado Tres. Y que otro t\u00e9cnico har\u00eda la evaluaci\u00f3n de su padre. \u201cNo quiero eSo. Quiero un t\u00e9cnico para los dos, para hacer una solicitud conjunta; no quiero dos expedientes separados \u201d, dados hern\u00e1ndez.<\/p>\n<figure class=\"a_m a_m-h \"><span class=\"_db a_m_w _pr lb_btn\"><img alt=\"Jos\u00e9 Hern\u00e1ndez Entrega 90.000 Firmas a la Junta de Extremadura El Jueves 13 de febrero, Imagen Cedida de Change.org.\" decoding=\"auto\" class=\"_re lazyload a_m-h\" height=\"311\" srcset=\"https:\/\/imagenes.elpais.com\/resizer\/v2\/GQB66OZDTVDZLCRCPG3RI3LZ6M.jpg?auth=0bf4062478a30a0de98d6bd87ff30f08f1a4b5f757d68c3b2b4168b352423020&amp;width=414 414w,https:\/\/imagenes.elpais.com\/resizer\/v2\/GQB66OZDTVDZLCRCPG3RI3LZ6M.jpg?auth=0bf4062478a30a0de98d6bd87ff30f08f1a4b5f757d68c3b2b4168b352423020&amp;width=828 640w,https:\/\/imagenes.elpais.com\/resizer\/v2\/GQB66OZDTVDZLCRCPG3RI3LZ6M.jpg?auth=0bf4062478a30a0de98d6bd87ff30f08f1a4b5f757d68c3b2b4168b352423020&amp;width=980 1000w,https:\/\/imagenes.elpais.com\/resizer\/v2\/GQB66OZDTVDZLCRCPG3RI3LZ6M.jpg?auth=0bf4062478a30a0de98d6bd87ff30f08f1a4b5f757d68c3b2b4168b352423020&amp;width=1960 1960w\" width=\"414\" sizes=\"auto, (min-width:1199px) 1155px,(min-width:1001px) calc(100vw - 44px),(min-width:768px) 767px, 100vw\" src=\"https:\/\/imagenes.elpais.com\/resizer\/v2\/GQB66OZDTVDZLCRCPG3RI3LZ6M.jpg?auth=0bf4062478a30a0de98d6bd87ff30f08f1a4b5f757d68c3b2b4168b352423020&amp;width=414\" loading=\"lazy\"\/><svg class=\"icon_multimedia_ampliar | _pa a_m_i a_m_i-a _dn\" viewbox=\"0 0 40 40\"><use xlink:href=\"#svg-ampliar\"\/><\/svg><\/span><figcaption class=\"a_m_p\"><span>Jos\u00e9 Hern\u00e1ndez Entrega 90.000 Firmas a la Junta de Extremadura El Jueves 13 de febrero, Imagen Cedida de Change.org.<\/span><span class=\"a_m_m\">cambio.org<\/span><\/figcaption><\/figure>\n<p class=\"\">Pese al deterioro cognitivo de ambos, que va m\u00e1s r\u00e1pido de lo esperado en su madre, seg\u00fan relata, Hern\u00e1ndez tiene una certeza: \u201cLo que ellos tienen es el uno al otro, han perdido la memoria pero saben que la persona que tienen a su Lado es su referente \u00ab. Y Asegura: \u00abNo los voy un separar para que me me muel de Pena a los 15 dias\u00bb.<\/p>\n<p class=\"\">Explica que \u201cValoran a Cada Uno por separado inclusi\u00f3n Tenirdo la Misma Enfirmedad Y, por Ello, Podr\u00eda Asignarle A Cada Cual una Residencia Distinta. Separ\u00e1ndolos en sus \u00daltimos A\u00f1os y Despu\u00e9s de Haber Pasado Toda una Vida Juntos \u201d.<\/p>\n<p class=\"\">Hern\u00e1ndez Viene recolectando las Firmas Desde Septiembre y este Jueves las ha entregado en el Servicio Extreme\u00f1o de Promoci\u00f3n de la Autonom\u00eda y Atenci\u00f3na a la dependencia (sepad), de la Consejer\u00eda de Salud y Servicios Sociales en M\u00e9rida. \u201cNing\u00fan Tenemos todo el Ti\u00f3 del Mundo, sin esperar de Podemos. Por Eso Voy a ir a este jueves personalme a entregarles las 80.000 firmas, para decirles que no somos solo jos\u00e9, desiderio y soledad, sino m\u00e1s de 80.000 [la \u00faltima actualizaci\u00f3n es de 90.000] Personas pidiendo que dejen de ignorarnos y pong\u00e1n una soluci\u00f3n \u201d, indica.<\/p>\n<figure class=\"a_m a_m-h \"><span class=\"_db a_m_w _pr lb_btn\"><img alt=\"Desiderio, Mar\u00eda Soledad y Jos\u00e9 Con la Caja de Firmas en Febero de 2025.\" decoding=\"auto\" class=\"_re lazyload a_m-h\" height=\"277\" srcset=\"https:\/\/imagenes.elpais.com\/resizer\/v2\/C2D3M27PXFFH7K6VR5E7JMFPGE.jpg?auth=9883a0ecc3b657ea82c0ed22cbe77f064ca59efa0f2fbc23a2414535390ea350&amp;width=414 414w,https:\/\/imagenes.elpais.com\/resizer\/v2\/C2D3M27PXFFH7K6VR5E7JMFPGE.jpg?auth=9883a0ecc3b657ea82c0ed22cbe77f064ca59efa0f2fbc23a2414535390ea350&amp;width=828 640w,https:\/\/imagenes.elpais.com\/resizer\/v2\/C2D3M27PXFFH7K6VR5E7JMFPGE.jpg?auth=9883a0ecc3b657ea82c0ed22cbe77f064ca59efa0f2fbc23a2414535390ea350&amp;width=980 1000w,https:\/\/imagenes.elpais.com\/resizer\/v2\/C2D3M27PXFFH7K6VR5E7JMFPGE.jpg?auth=9883a0ecc3b657ea82c0ed22cbe77f064ca59efa0f2fbc23a2414535390ea350&amp;width=1960 1960w\" width=\"414\" sizes=\"auto, (min-width:1199px) 1155px,(min-width:1001px) calc(100vw - 44px),(min-width:768px) 767px, 100vw\" src=\"https:\/\/imagenes.elpais.com\/resizer\/v2\/C2D3M27PXFFH7K6VR5E7JMFPGE.jpg?auth=9883a0ecc3b657ea82c0ed22cbe77f064ca59efa0f2fbc23a2414535390ea350&amp;width=414\" loading=\"lazy\"\/><svg class=\"icon_multimedia_ampliar | _pa a_m_i a_m_i-a _dn\" viewbox=\"0 0 40 40\"><use xlink:href=\"#svg-ampliar\"\/><\/svg><\/span><figcaption class=\"a_m_p\"><span>Desiderio, Mar\u00eda Soledad y Jos\u00e9 Con la Caja de Firmas en Febero de 2025.<\/span><span class=\"a_m_m\">cambio.org<\/span><\/figcaption><\/figure>\n<p class=\"\">Las Veces que se Ha Comunicado con la Junta, Explica, Esta se Remite al Protocolo e Indica que no se pueden cambiar los criterios. Sin embargo, el se preengunta \u00abno se pude Cambiar si en otras comunidades lo Hacen\u00bb. Indica Que en OTRAS Regiones como arag\u00f3n o la comunidad valenciana \u00abs\u00ed priorizan en sus normacivas la reunificaci\u00f3n de matrimonios en residencias\u00bb.<\/p>\n<p class=\"\">Tras la Movida y la Entrega de Las Firmas a la Unidad de Atenci\u00f3n A Las Personas Mayores del Sepad, Hern\u00e1ndez Ha Conseguido Que le den una Reuni\u00f3n para Este Madas con la responsable de la Junta de Lleva este. \u00abEsperamos que no sean solo Buenas Palabras, si no la resoluci\u00f3n Efectiva de este problema para para mis padres y todas las personas que se.<\/p>\n<h3 class=\"\">Ayuda Las 24 Horas<\/h3>\n<p class=\"\">Hern\u00e1ndez, un SUS 57 A\u00f1os, es el Principal Cuidador de Sus Padres, Quienes Necesitan Ayuda Las 24 Horas. Y es la Raz\u00f3n por la Que Ha Solicitado para Ambos la Residencia P\u00fablica. El Padre es \u00abM\u00e1s o Menos funcional en el Momento\u00bb, cuenta, se pude hablar conflicto, pero se le tiene que aydar a un vestirse BaNarse. OTRO Problema es que se Desorienta por Momeros. La Madre Se Encuentra \u00abMuy Mal\u00bb, Necesita Ayuda Para Comer, Vestirse, Asearse y Llevarla Al Servicio: \u00abEs Totalmento Delipteinte\u00bb. \u00abMi Madre Hace Seis Meses Barr\u00eda, Cocinaba y Ahora la Tengo en Un Sof\u00e1\u00bb, Relata.<\/p>\n<p class=\"\">Pese a Todos Sus intentos, Sus Padres \u00abSiguen en Casa, Sin Residencia y Con el Riesgo de Que Les Separen\u00bb. A\u00f1ade que todo recae en una cuestio Monetaria, ya que si tuvieran el dinero para pagar una residencia privada o concierto lo har\u00edan. C\u00e1lculos que tenderr\u00eda que gastar unos 5.000 euros menuales Entre Ambos.<\/p>\n<p class=\"\">La Lucha de Hern\u00e1ndez Frente A Las Autoridades Va M\u00e1s All\u00e1 del Casa de Sus Padres, Asegura. Quiere que se Cambie la Ley, \u00abLo que le Pasa a Ellos, le Puede Pasar a Cualquiera\u00bb, Dice. \u00abSi una Pareja Lleva 60 A\u00f1os Viviendo Juntos, Si le Quitan a la Persona Que es Su Referente, Claro Que Esa Persona Entra en depresi\u00f3n\u00bb, Finaliza.<\/p>\n<\/div>\n\n","protected":false},"excerpt":{"rendered":"<p>Jos\u00e9 Hern\u00e1ndez, El hijo de desiderio hern\u00e1ndez (84) y mar\u00eda soldadada dom\u00ednguez (80), un matrimonio de personas mayores con alzh\u00e9imer en Plasencia (C\u00e1ceres), ha entregado este jueves a lawunta de extremoDura la 90.000 firmas ques ha rec\u00e9gido a aza La Platlaforma Cambio.org Para Pedir que se les asigne una Misma Residencia y no se lepare &hellip;<\/p>\n","protected":false},"author":1,"featured_media":14510,"comment_status":"open","ping_status":"open","sticky":false,"template":"","format":"standard","meta":{"fifu_image_url":"https:\/\/imagenes.elpais.com\/resizer\/v2\/HVL6XLQDSNFQRAEOMKNE64XMX4.jpg?auth=3bc5233d8174d2eab26a31516836f84caf8df5f48dc9386ea862af7365c72e8d&width=1200","fifu_image_alt":"","footnotes":""},"categories":[11],"tags":[],"class_list":["post-14509","post","type-post","status-publish","format-standard","has-post-thumbnail","","category-viaje"],"_links":{"self":[{"href":"https:\/\/noticiasveraces.com\/index.php?rest_route=\/wp\/v2\/posts\/14509","targetHints":{"allow":["GET"]}}],"collection":[{"href":"https:\/\/noticiasveraces.com\/index.php?rest_route=\/wp\/v2\/posts"}],"about":[{"href":"https:\/\/noticiasveraces.com\/index.php?rest_route=\/wp\/v2\/types\/post"}],"author":[{"embeddable":true,"href":"https:\/\/noticiasveraces.com\/index.php?rest_route=\/wp\/v2\/users\/1"}],"replies":[{"embeddable":true,"href":"https:\/\/noticiasveraces.com\/index.php?rest_route=%2Fwp%2Fv2%2Fcomments&post=14509"}],"version-history":[{"count":0,"href":"https:\/\/noticiasveraces.com\/index.php?rest_route=\/wp\/v2\/posts\/14509\/revisions"}],"wp:featuredmedia":[{"embeddable":true,"href":"https:\/\/noticiasveraces.com\/index.php?rest_route=\/wp\/v2\/media\/14510"}],"wp:attachment":[{"href":"https:\/\/noticiasveraces.com\/index.php?rest_route=%2Fwp%2Fv2%2Fmedia&parent=14509"}],"wp:term":[{"taxonomy":"category","embeddable":true,"href":"https:\/\/noticiasveraces.com\/index.php?rest_route=%2Fwp%2Fv2%2Fcategories&post=14509"},{"taxonomy":"post_tag","embeddable":true,"href":"https:\/\/noticiasveraces.com\/index.php?rest_route=%2Fwp%2Fv2%2Ftags&post=14509"}],"curies":[{"name":"wp","href":"https:\/\/api.w.org\/{rel}","templated":true}]}}